{"id":72228,"date":"2024-12-07T01:32:43","date_gmt":"2024-12-07T01:32:43","guid":{"rendered":"https:\/\/tvbrazilusa.com\/2024\/12\/07\/vaticano-adiciona-evento-de-grupo-lgbt-ao-calendario-do-jubileu-de-2025\/"},"modified":"2024-12-07T01:32:44","modified_gmt":"2024-12-07T01:32:44","slug":"vaticano-adiciona-evento-de-grupo-lgbt-ao-calendario-do-jubileu-de-2025","status":"publish","type":"post","link":"https:\/\/tvbrazilusa.com\/pt\/2024\/12\/07\/vaticano-adiciona-evento-de-grupo-lgbt-ao-calendario-do-jubileu-de-2025\/","title":{"rendered":"Vaticano adiciona evento de grupo LGBT ao calend\u00e1rio do Jubileu de 2025"},"content":{"rendered":"<p> <script async src=\"https:\/\/pagead2.googlesyndication.com\/pagead\/js\/adsbygoogle.js?client=ca-pub-8864793242727901\"\r\n     crossorigin=\"anonymous\"><\/script><br \/>\n<\/p>\n<div id=\"taboola-read-more\" style=\"display:block; width:100%\">\n<p>Porta-voz deixa claro que a inclus\u00e3o n\u00e3o representa apoio institucional<br \/>Um evento organizado pelo grupo italiano de cat\u00f3licos LGBT, La Tenda di Gionata, foi inclu\u00eddo no calend\u00e1rio oficial do Jubileu 2025 pelo Vaticano. A decis\u00e3o chamou aten\u00e7\u00e3o, especialmente pelo hist\u00f3rico conservador da Igreja em rela\u00e7\u00e3o a temas relacionados ao movimento LGBT.\n<\/p>\n<p>Evento e Participa\u00e7\u00e3o do Grupo<br \/>O grupo La Tenda di Gionata pretende realizar uma vig\u00edlia de ora\u00e7\u00e3o em uma par\u00f3quia local de Roma antes de uma peregrina\u00e7\u00e3o \u00e0 Bas\u00edlica de S\u00e3o Pedro. A inclus\u00e3o no calend\u00e1rio ocorre em um evento que dever\u00e1 atrair cerca de 32 milh\u00f5es de visitantes a Roma, refor\u00e7ando o Jubileu como um momento de grande mobiliza\u00e7\u00e3o religiosa.<\/p>\n<p>Vaticano Esclarece: N\u00e3o H\u00e1 Apoio Oficial<br \/>A decis\u00e3o de listar a atividade gerou questionamentos sobre o posicionamento da Igreja Cat\u00f3lica. Agnese Palmucci, porta-voz do escrit\u00f3rio de evangeliza\u00e7\u00e3o do Vaticano, enfatizou que a inclus\u00e3o no calend\u00e1rio n\u00e3o significa qualquer tipo de apoio institucional.\n<\/p>\n<p>\u2013 \u201cN\u00e3o s\u00e3o atividades patrocinadas. Uma vez verificado que h\u00e1 espa\u00e7o, inserimos a peregrina\u00e7\u00e3o no calend\u00e1rio geral\u201d \u2013 afirmou Palmucci, deixando claro que o processo \u00e9 apenas t\u00e9cnico e log\u00edstico.\n<\/p>\n<p>Contexto do Jubileu<br \/>O Jubileu de 2025, que se inicia em 24 de dezembro de 2024 e vai at\u00e9 6 de janeiro de 2026, \u00e9 um evento tradicional da Igreja Cat\u00f3lica, celebrado a cada 25 anos. O Ano Santo \u00e9 conhecido por atrair milh\u00f5es de peregrinos, sendo um momento de forte apelo espiritual e celebra\u00e7\u00f5es religiosas.\n<\/p>\n<p>A inclus\u00e3o de um evento ligado a um grupo LGBT no calend\u00e1rio oficial, embora tecnicamente explicada, pode ser interpretada como uma a\u00e7\u00e3o controversa dentro do contexto da doutrina cat\u00f3lica e do p\u00fablico mais tradicional da Igreja.\n<\/p>\n<p>A not\u00edcia foi divulgada pela Ag\u00eancia Reuters, destacando a repercuss\u00e3o em torno dessa decis\u00e3o, que ocorre em um momento sens\u00edvel para a Igreja no debate sobre inclus\u00e3o e moralidade crist\u00e3.\n<\/p>\n<p>Fonte: Agora Not\u00edcias Brasil              <\/p>\n<\/div>\n<p><br \/>\n<br \/><a href=\"https:\/\/diariodobrasilnoticias.com.br\/noticia\/vaticano-adiciona-evento-de-grupo-lgbt-ao-calendario-do-jubileu-de-2025-6753832e4177e\">Source link <\/a><\/p>","protected":false},"excerpt":{"rendered":"<p>Porta-voz deixa claro que a inclus\u00e3o n\u00e3o representa apoio institucionalUm evento organizado pelo grupo italiano de cat\u00f3licos LGBT, La Tenda di Gionata, foi inclu\u00eddo no calend\u00e1rio oficial do Jubileu 2025&hellip;<\/p>","protected":false},"author":1,"featured_media":72229,"comment_status":"closed","ping_status":"open","sticky":false,"template":"","format":"standard","meta":{"content-type":"","footnotes":""},"categories":[16],"tags":[123,2448,5313,1267],"class_list":["post-72228","post","type-post","status-publish","format-standard","has-post-thumbnail","hentry","category-noticias","tag-brasil","tag-diario","tag-noticia","tag-noticias"],"_links":{"self":[{"href":"https:\/\/tvbrazilusa.com\/pt\/wp-json\/wp\/v2\/posts\/72228","targetHints":{"allow":["GET"]}}],"collection":[{"href":"https:\/\/tvbrazilusa.com\/pt\/wp-json\/wp\/v2\/posts"}],"about":[{"href":"https:\/\/tvbrazilusa.com\/pt\/wp-json\/wp\/v2\/types\/post"}],"author":[{"embeddable":true,"href":"https:\/\/tvbrazilusa.com\/pt\/wp-json\/wp\/v2\/users\/1"}],"replies":[{"embeddable":true,"href":"https:\/\/tvbrazilusa.com\/pt\/wp-json\/wp\/v2\/comments?post=72228"}],"version-history":[{"count":1,"href":"https:\/\/tvbrazilusa.com\/pt\/wp-json\/wp\/v2\/posts\/72228\/revisions"}],"predecessor-version":[{"id":72230,"href":"https:\/\/tvbrazilusa.com\/pt\/wp-json\/wp\/v2\/posts\/72228\/revisions\/72230"}],"wp:featuredmedia":[{"embeddable":true,"href":"https:\/\/tvbrazilusa.com\/pt\/wp-json\/wp\/v2\/media\/72229"}],"wp:attachment":[{"href":"https:\/\/tvbrazilusa.com\/pt\/wp-json\/wp\/v2\/media?parent=72228"}],"wp:term":[{"taxonomy":"category","embeddable":true,"href":"https:\/\/tvbrazilusa.com\/pt\/wp-json\/wp\/v2\/categories?post=72228"},{"taxonomy":"post_tag","embeddable":true,"href":"https:\/\/tvbrazilusa.com\/pt\/wp-json\/wp\/v2\/tags?post=72228"}],"curies":[{"name":"wp","href":"https:\/\/api.w.org\/{rel}","templated":true}]}}