{"id":72265,"date":"2024-12-07T02:56:54","date_gmt":"2024-12-07T02:56:54","guid":{"rendered":"https:\/\/tvbrazilusa.com\/2024\/12\/07\/princesa-de-gales-acompanhada-pela-familia-durante-o-culto-anual-de-cancoes-de-natal-wsvn-7news-noticias-de-miami-clima-esportes-fort-lauderdale\/"},"modified":"2024-12-07T03:06:40","modified_gmt":"2024-12-07T03:06:40","slug":"princesa-de-gales-acompanhada-pela-familia-durante-o-culto-anual-de-cancoes-de-natal-wsvn-7news-noticias-de-miami-clima-esportes-fort-lauderdale","status":"publish","type":"post","link":"https:\/\/tvbrazilusa.com\/pt\/2024\/12\/07\/princesa-de-gales-acompanhada-pela-familia-durante-o-culto-anual-de-cancoes-de-natal-wsvn-7news-noticias-de-miami-clima-esportes-fort-lauderdale\/","title":{"rendered":"Princesa de Gales acompanhada pela fam\u00edlia durante o culto anual de can\u00e7\u00f5es de Natal &#8211; WSVN 7News | Not\u00edcias de Miami, clima, esportes | Fort Lauderdale"},"content":{"rendered":"<p> <script async src=\"https:\/\/pagead2.googlesyndication.com\/pagead\/js\/adsbygoogle.js?client=ca-pub-8864793242727901\"\r\n     crossorigin=\"anonymous\"><\/script><br \/>\n<\/p>\n<div itemprop=\"articleBody\">\n<p><strong>Londres (CNN) \u2014 <\/strong>A realeza brit\u00e2nica est\u00e1 entrando no esp\u00edrito natalino depois de assistir ao concerto anual de can\u00e7\u00f5es de natal da Princesa de Gales na Abadia de Westminster na noite de sexta-feira.<\/p>\n<p>Foi a quarta can\u00e7\u00e3o de natal \u201cJuntos no Natal\u201d de Catherine, que teve como tema o amor e a empatia este ano.<\/p>\n<p>Kate, de 42 anos, foi acompanhada pelo marido, o pr\u00edncipe William, e pelos tr\u00eas filhos, George, Charlotte e Louis. Fora da abadia hist\u00f3rica, os jovens pararam junto a uma \u201c\u00c1rvore da Bondade\u201d para pendurar mensagens em homenagem a algu\u00e9m nas suas vidas que os apoiou.<\/p>\n<p>Kate, radiante em um casaco vermelho adornado com um grande la\u00e7o preto e bot\u00f5es pretos, chegou ao marco de Londres antes de sua fam\u00edlia. Ela foi recebida pelo clero antes de entrar e conversar com alguns dos artistas e celebridades participantes da cerim\u00f4nia, bem como com convidados.<\/p>\n<p>A abadia foi decorada com guirlandas festivas completas com fitas vermelhas para a congrega\u00e7\u00e3o de 1.600 pessoas, bem como \u00e1rvores de Natal do Grande Parque de Windsor doadas pelo rei Carlos III.<\/p>\n<p>O servi\u00e7o destacou indiv\u00edduos extraordin\u00e1rios que demonstraram amor, bondade e empatia nas suas comunidades.<\/p>\n<p>Durante o encontro festivo, houve leituras dos atores brit\u00e2nicos Sophie Okonedo, Michelle Dockery e Richard E. Grant, que leram um trecho de \u201cA Christmas Carol\u201d de Charles Dickens.<\/p>\n<p>O Pr\u00edncipe de Gales e o nadador ol\u00edmpico Adam Peaty fizeram leituras.<\/p>\n<p>O servi\u00e7o religioso foi conduzido pelo Reitor de Westminster, David Hoyle, e contou com can\u00e7\u00f5es cantadas pelo coro da Abadia de Westminster. Houve tamb\u00e9m apresenta\u00e7\u00f5es musicais de convidados, incluindo a cantora e compositora brit\u00e2nica Olivia Dean, o m\u00fasico americano Gregory Porter e a pianista Rosey Chan.<\/p>\n<p>Este ano marca o 80\u00ba anivers\u00e1rio das batalhas que levaram ao fim da Segunda Guerra Mundial, e cinco veteranos envolvidos nessas campanhas compareceram ao servi\u00e7o militar em nome da Real Legi\u00e3o Brit\u00e2nica. Uma vela foi acesa pelo veterano do Dia D, Bernard Morgan, um decifrador de c\u00f3digos que desembarcou em Gold Beach em 6 de junho de 1944.<\/p>\n<p>Antes do show de can\u00e7\u00f5es de natal, Kate escreveu uma comovente carta sobre amor e empatia que foi inclu\u00edda na ordem de servi\u00e7o prestado a todos os presentes. A princesa escreveu sobre vulnerabilidade e empatia e como \u201cem momentos de alegria e tristeza, somos todos a luz uns dos outros\u201d.<\/p>\n<p>Ela observou que \u201cacima de tudo\u201d, a hist\u00f3ria do Natal \u201cnos encoraja a recorrer ao amor, n\u00e3o ao medo\u201d.<\/p>\n<p>Reconhecendo, talvez, os desafios que ela e a sua fam\u00edlia enfrentaram desde a sua <a href=\"https:\/\/wsvn.com\/entertainment\/kate-princess-of-wales-says-she-has-cancer-and-is-undergoing-chemotherapy\/\" target=\"_blank\" rel=\"noreferrer noopener\">diagn\u00f3stico de c\u00e2ncer no in\u00edcio deste ano<\/a>a princesa escreveu que \u201co amor \u00e9 a luz que pode brilhar, mesmo nos momentos mais sombrios\u201d.<\/p>\n<p>A capa da ordem de servi\u00e7o foi desenhada pelo artista brit\u00e2nico Charlie Mackesy. A ilustra\u00e7\u00e3o mostrava um grupo de pessoas se abra\u00e7ando enquanto caminhavam em dire\u00e7\u00e3o \u00e0 Abadia de Westminster na neve. Abaixo est\u00e1 a pergunta: \u201cComo eu ajudei?\u201d e a resposta: \u201cVoc\u00ea estava ao meu lado. O que foi tudo.<\/p>\n<p>O evento da Abadia de Westminster ser\u00e1 transmitido na televis\u00e3o do Reino Unido na v\u00e9spera de Natal como parte de um programa especial intitulado \u201cRoyal Carols: Together At Christmas\u201d.<\/p>\n<p>Kate tem retornado gradualmente aos compromissos p\u00fablicos nos \u00faltimos meses. Esta semana, ela juntou-se ao marido para dar as boas-vindas ao Emir do Qatar ao Reino Unido durante a sua visita de Estado.<\/p>\n<p><em>The-CNN-Wire\u2122 e \u00a9 2024 Cable News Network, Inc., uma empresa da Time Warner. Todos os direitos reservados.<\/em><\/p>\n<div class=\"wp-block-newsletter\">\n\t<strong class=\"wp-block-newsletter__title\">Cadastre-se em nosso boletim informativo para receber as \u00faltimas not\u00edcias diretamente na sua caixa de entrada<\/strong><\/p>\n<\/div><\/div>\n<p><br \/>\n<br \/><a href=\"https:\/\/wsvn.com\/entertainment\/princess-of-wales-joined-by-family-as-she-hosts-annual-christmas-carol-service\/\">Source link <\/a><\/p>","protected":false},"excerpt":{"rendered":"<p>Londres (CNN) \u2014 A realeza brit\u00e2nica est\u00e1 entrando no esp\u00edrito natalino depois de assistir ao concerto anual de can\u00e7\u00f5es de natal da Princesa de Gales na Abadia de Westminster na&hellip;<\/p>","protected":false},"author":1,"featured_media":72266,"comment_status":"closed","ping_status":"open","sticky":false,"template":"","format":"standard","meta":{"content-type":"","footnotes":""},"categories":[1],"tags":[],"class_list":["post-72265","post","type-post","status-publish","format-standard","has-post-thumbnail","hentry","category-uncategorized"],"_links":{"self":[{"href":"https:\/\/tvbrazilusa.com\/pt\/wp-json\/wp\/v2\/posts\/72265","targetHints":{"allow":["GET"]}}],"collection":[{"href":"https:\/\/tvbrazilusa.com\/pt\/wp-json\/wp\/v2\/posts"}],"about":[{"href":"https:\/\/tvbrazilusa.com\/pt\/wp-json\/wp\/v2\/types\/post"}],"author":[{"embeddable":true,"href":"https:\/\/tvbrazilusa.com\/pt\/wp-json\/wp\/v2\/users\/1"}],"replies":[{"embeddable":true,"href":"https:\/\/tvbrazilusa.com\/pt\/wp-json\/wp\/v2\/comments?post=72265"}],"version-history":[{"count":1,"href":"https:\/\/tvbrazilusa.com\/pt\/wp-json\/wp\/v2\/posts\/72265\/revisions"}],"predecessor-version":[{"id":72267,"href":"https:\/\/tvbrazilusa.com\/pt\/wp-json\/wp\/v2\/posts\/72265\/revisions\/72267"}],"wp:featuredmedia":[{"embeddable":true,"href":"https:\/\/tvbrazilusa.com\/pt\/wp-json\/wp\/v2\/media\/72266"}],"wp:attachment":[{"href":"https:\/\/tvbrazilusa.com\/pt\/wp-json\/wp\/v2\/media?parent=72265"}],"wp:term":[{"taxonomy":"category","embeddable":true,"href":"https:\/\/tvbrazilusa.com\/pt\/wp-json\/wp\/v2\/categories?post=72265"},{"taxonomy":"post_tag","embeddable":true,"href":"https:\/\/tvbrazilusa.com\/pt\/wp-json\/wp\/v2\/tags?post=72265"}],"curies":[{"name":"wp","href":"https:\/\/api.w.org\/{rel}","templated":true}]}}