{"id":72271,"date":"2024-12-07T03:19:23","date_gmt":"2024-12-07T03:19:23","guid":{"rendered":"https:\/\/tvbrazilusa.com\/2024\/12\/07\/defendi-a-democracia-afirma-ex-chefe-do-estado-maior\/"},"modified":"2024-12-07T03:19:24","modified_gmt":"2024-12-07T03:19:24","slug":"defendi-a-democracia-afirma-ex-chefe-do-estado-maior","status":"publish","type":"post","link":"https:\/\/tvbrazilusa.com\/pt\/2024\/12\/07\/defendi-a-democracia-afirma-ex-chefe-do-estado-maior\/","title":{"rendered":"&#8216;Defendi a democracia&#8217;, afirma ex-chefe do Estado-Maior"},"content":{"rendered":"<p> <script async src=\"https:\/\/pagead2.googlesyndication.com\/pagead\/js\/adsbygoogle.js?client=ca-pub-8864793242727901\"\r\n     crossorigin=\"anonymous\"><\/script><br \/>\n<\/p>\n<div id=\"taboola-read-more\" style=\"display:block; width:100%\">\n<p>O ex-Chefe do Estado-Maior do Ex\u00e9rcito no governo de Jair Bolsonaro (PL), o general Val\u00e9rio Stumpf, afirmou nesta sexta-feira, 6, ter sido v\u00edtima de ataques \u201cpor cumprir a obriga\u00e7\u00e3o\u201c de defender a democracia \u201cem tempos complexos\u201d, segundo informou o jornal Metr\u00f3poles:\n<\/p>\n<p>\u201cTenho orgulho de ter agido de forma leal ao comandante do Ex\u00e9rcito e ao Ex\u00e9rcito Brasileiro\u201c, disse o general.<\/p>\n<p>Hoje na reserva, Stumpf disse que mantinha contato com o ent\u00e3o presidente do Tribunal Superior Eleitoral (TSE), Alexandre de Moraes, para ampliar a seguran\u00e7a das urnas eletr\u00f4nicas:\n<\/p>\n<p>\u201cO que n\u00f3s solicitamos ao TSE era que ampliasse a seguran\u00e7a das urnas por meio de algumas pr\u00e1ticas, como o teste de integridade com biometria. E essas medidas, de fato, foram implementadas. Foi muito positivo para refor\u00e7ar a seguran\u00e7a das urnas. O foco sempre foi preservar a democracia, fortalecendo a credibilidade das urnas eletr\u00f4nicas.\u201c\n<\/p>\n<p>AR<br \/>O ex-Chefe do Estado-Maior do Ex\u00e9rcito no governo de Jair Bolsonaro (PL), o general Val\u00e9rio Stumpf, afirmou nesta sexta-feira, 6, ter sido v\u00edtima de ataques \u201cpor cumprir a obriga\u00e7\u00e3o\u201c de defender a democracia \u201cem tempos complexos\u201d, segundo informou o jornal Metr\u00f3poles:\n<\/p>\n<p>\u201cTenho orgulho de ter agido de forma leal ao comandante do Ex\u00e9rcito e ao Ex\u00e9rcito Brasileiro\u201c, disse o general.\n<\/p>\n<p>Hoje na reserva, Stumpf disse que mantinha contato com o ent\u00e3o presidente do Tribunal Superior Eleitoral (TSE), Alexandre de Moraes, para ampliar a seguran\u00e7a das urnas eletr\u00f4nicas:\n<\/p>\n<p>\u201cO que n\u00f3s solicitamos ao TSE era que ampliasse a seguran\u00e7a das urnas por meio de algumas pr\u00e1ticas, como o teste de integridade com biometria. E essas medidas, de fato, foram implementadas. Foi muito positivo para refor\u00e7ar a seguran\u00e7a das urnas. O foco sempre foi preservar a democracia, fortalecendo a credibilidade das urnas eletr\u00f4nicas.\u201c\n<\/p>\n<p>Na vis\u00e3o do general, a rela\u00e7\u00e3o dele com Moraes era institucional:\n<\/p>\n<p>\u201cA minha interlocu\u00e7\u00e3o era com a Secretaria-Geral do TSE. Algumas pessoas que n\u00e3o sabiam de nada distorceram tudo. Alimentaram a vers\u00e3o de que eu seria \u2018informante\u2019, uma esp\u00e9cie de \u2018leva e traz\u2019, uma coisa bandida. Isso nunca aconteceu. O contato era institucional.\u201c\n<\/p>\n<p>O nome de Stumpf apareceu no inqu\u00e9rito da Pol\u00edcia Federal (PF) em mensagens trocadas por militares que, segundo o \u00f3rg\u00e3o, eram a favor de um golpe de Estado.\n<\/p>\n<p>O papel dos indiciados<br \/>Segundo a Pol\u00edcia Federal (PF), Jair Bolsonaro teria n\u00e3o somente dado aval para um suposto golpe de Estado como teria participado ativamente desse processo.\n<\/p>\n<p>A prova citada pela PF \u00e9 a chamada \u201cminuta do golpe\u201d. Para a corpora\u00e7\u00e3o, Bolsonaro \u201canalisou e alterou uma minuta de decreto que, tudo indica, embasaria a consuma\u00e7\u00e3o do golpe de Estado em andamento\u201d.\n<\/p>\n<p>J\u00e1 o general Walter Braga Neto est\u00e1 inclu\u00eddo no n\u00facleo respons\u00e1vel por incitar militares a endossarem um plano supostamente golpista.\n<\/p>\n<p>Filipe Martins \u00e9 integrante do chamado n\u00facleo jur\u00eddico ao, segundo a PF, ajudar a escrever a minuta do golpe e dar sustenta\u00e7\u00e3o t\u00e9cnico\/jur\u00eddico ao movimento. Desse n\u00facleo tamb\u00e9m fazem parte o ex-comandante da Marinha Almir Garnier Santos.\n<\/p>\n<p>T\u00e9rcio Arnaud Tomaz, conforme a PF, faria parte do n\u00facleo de intelig\u00eancia paralela assim como Alexandre Ramagem. Para a corpora\u00e7\u00e3o, os dois atuaram de forma conjunta para coletar informa\u00e7\u00f5es sobre advers\u00e1rios e espalhar dados incorretos ou distorcidos, quer seja sobre o sistema eleitoral ou sobre a conduta \u00e9tica de advers\u00e1rios do governo federal.\n<\/p>\n<p>Fonte: O Antagonista              <\/p>\n<\/div>\n<p><br \/>\n<br \/><a href=\"https:\/\/diariodobrasilnoticias.com.br\/noticia\/-defendi-a-democracia-afirma-ex-chefe-do-estado-maior-67538670dcc92\">Source link <\/a><\/p>","protected":false},"excerpt":{"rendered":"<p>O ex-Chefe do Estado-Maior do Ex\u00e9rcito no governo de Jair Bolsonaro (PL), o general Val\u00e9rio Stumpf, afirmou nesta sexta-feira, 6, ter sido v\u00edtima de ataques \u201cpor cumprir a obriga\u00e7\u00e3o\u201c de&hellip;<\/p>","protected":false},"author":1,"featured_media":72272,"comment_status":"closed","ping_status":"open","sticky":false,"template":"","format":"standard","meta":{"content-type":"","footnotes":""},"categories":[16],"tags":[123,2448,5313,1267],"class_list":["post-72271","post","type-post","status-publish","format-standard","has-post-thumbnail","hentry","category-noticias","tag-brasil","tag-diario","tag-noticia","tag-noticias"],"_links":{"self":[{"href":"https:\/\/tvbrazilusa.com\/pt\/wp-json\/wp\/v2\/posts\/72271","targetHints":{"allow":["GET"]}}],"collection":[{"href":"https:\/\/tvbrazilusa.com\/pt\/wp-json\/wp\/v2\/posts"}],"about":[{"href":"https:\/\/tvbrazilusa.com\/pt\/wp-json\/wp\/v2\/types\/post"}],"author":[{"embeddable":true,"href":"https:\/\/tvbrazilusa.com\/pt\/wp-json\/wp\/v2\/users\/1"}],"replies":[{"embeddable":true,"href":"https:\/\/tvbrazilusa.com\/pt\/wp-json\/wp\/v2\/comments?post=72271"}],"version-history":[{"count":1,"href":"https:\/\/tvbrazilusa.com\/pt\/wp-json\/wp\/v2\/posts\/72271\/revisions"}],"predecessor-version":[{"id":72273,"href":"https:\/\/tvbrazilusa.com\/pt\/wp-json\/wp\/v2\/posts\/72271\/revisions\/72273"}],"wp:featuredmedia":[{"embeddable":true,"href":"https:\/\/tvbrazilusa.com\/pt\/wp-json\/wp\/v2\/media\/72272"}],"wp:attachment":[{"href":"https:\/\/tvbrazilusa.com\/pt\/wp-json\/wp\/v2\/media?parent=72271"}],"wp:term":[{"taxonomy":"category","embeddable":true,"href":"https:\/\/tvbrazilusa.com\/pt\/wp-json\/wp\/v2\/categories?post=72271"},{"taxonomy":"post_tag","embeddable":true,"href":"https:\/\/tvbrazilusa.com\/pt\/wp-json\/wp\/v2\/tags?post=72271"}],"curies":[{"name":"wp","href":"https:\/\/api.w.org\/{rel}","templated":true}]}}