{"id":72315,"date":"2024-12-07T05:00:00","date_gmt":"2024-12-07T05:00:00","guid":{"rendered":"https:\/\/tvbrazilusa.com\/2024\/12\/07\/comissarios-organizam-cafe-da-manha-legislativo-em-2024\/"},"modified":"2024-12-07T05:02:02","modified_gmt":"2024-12-07T05:02:02","slug":"comissarios-organizam-cafe-da-manha-legislativo-em-2024","status":"publish","type":"post","link":"https:\/\/tvbrazilusa.com\/pt\/2024\/12\/07\/comissarios-organizam-cafe-da-manha-legislativo-em-2024\/","title":{"rendered":"Comiss\u00e1rios organizam caf\u00e9 da manh\u00e3 legislativo em 2024"},"content":{"rendered":"<script async src=\"https:\/\/pagead2.googlesyndication.com\/pagead\/js\/adsbygoogle.js?client=ca-pub-8864793242727901\"\r\n     crossorigin=\"anonymous\"><\/script>\n<p>MCDONOUGH \u2013 O Conselho de Comiss\u00e1rios do Condado de Henry realizou o Caf\u00e9 da Manh\u00e3 Legislativo de 2024 na quinta-feira para se reunir com a delega\u00e7\u00e3o local do condado para discutir as prioridades na pr\u00f3xima sess\u00e3o legislativa da Assembleia Geral da Ge\u00f3rgia.<br \/>\n<br \/><br \/>\n<br \/><a href=\"https:\/\/www.henryherald.com\/news\/commissioners-host-2024-legislative-breakfast\/article_1be9d75e-b442-11ef-b6fb-f36a1d8d6b9d.html\">Source link <\/a><\/p>","protected":false},"excerpt":{"rendered":"<p>MCDONOUGH \u2013 O Conselho de Comiss\u00e1rios do Condado de Henry realizou o Caf\u00e9 da Manh\u00e3 Legislativo de 2024 na quinta-feira para se reunir com a delega\u00e7\u00e3o local do condado para&hellip;<\/p>","protected":false},"author":1,"featured_media":72316,"comment_status":"closed","ping_status":"open","sticky":false,"template":"","format":"standard","meta":{"content-type":"","footnotes":""},"categories":[1],"tags":[],"class_list":["post-72315","post","type-post","status-publish","format-standard","has-post-thumbnail","hentry","category-uncategorized"],"_links":{"self":[{"href":"https:\/\/tvbrazilusa.com\/pt\/wp-json\/wp\/v2\/posts\/72315","targetHints":{"allow":["GET"]}}],"collection":[{"href":"https:\/\/tvbrazilusa.com\/pt\/wp-json\/wp\/v2\/posts"}],"about":[{"href":"https:\/\/tvbrazilusa.com\/pt\/wp-json\/wp\/v2\/types\/post"}],"author":[{"embeddable":true,"href":"https:\/\/tvbrazilusa.com\/pt\/wp-json\/wp\/v2\/users\/1"}],"replies":[{"embeddable":true,"href":"https:\/\/tvbrazilusa.com\/pt\/wp-json\/wp\/v2\/comments?post=72315"}],"version-history":[{"count":1,"href":"https:\/\/tvbrazilusa.com\/pt\/wp-json\/wp\/v2\/posts\/72315\/revisions"}],"predecessor-version":[{"id":72317,"href":"https:\/\/tvbrazilusa.com\/pt\/wp-json\/wp\/v2\/posts\/72315\/revisions\/72317"}],"wp:featuredmedia":[{"embeddable":true,"href":"https:\/\/tvbrazilusa.com\/pt\/wp-json\/wp\/v2\/media\/72316"}],"wp:attachment":[{"href":"https:\/\/tvbrazilusa.com\/pt\/wp-json\/wp\/v2\/media?parent=72315"}],"wp:term":[{"taxonomy":"category","embeddable":true,"href":"https:\/\/tvbrazilusa.com\/pt\/wp-json\/wp\/v2\/categories?post=72315"},{"taxonomy":"post_tag","embeddable":true,"href":"https:\/\/tvbrazilusa.com\/pt\/wp-json\/wp\/v2\/tags?post=72315"}],"curies":[{"name":"wp","href":"https:\/\/api.w.org\/{rel}","templated":true}]}}