{"id":72360,"date":"2024-12-07T09:33:05","date_gmt":"2024-12-07T09:33:05","guid":{"rendered":"https:\/\/tvbrazilusa.com\/2024\/12\/07\/incidente-em-congonhas-o-destino-dos-pilotos-e-os-prejuizos-para-a-latam\/"},"modified":"2024-12-07T09:33:07","modified_gmt":"2024-12-07T09:33:07","slug":"incidente-em-congonhas-o-destino-dos-pilotos-e-os-prejuizos-para-a-latam","status":"publish","type":"post","link":"https:\/\/tvbrazilusa.com\/pt\/2024\/12\/07\/incidente-em-congonhas-o-destino-dos-pilotos-e-os-prejuizos-para-a-latam\/","title":{"rendered":"Incidente em Congonhas: o destino dos pilotos e os preju\u00edzos para a Latam"},"content":{"rendered":"<p> <script async src=\"https:\/\/pagead2.googlesyndication.com\/pagead\/js\/adsbygoogle.js?client=ca-pub-8864793242727901\"\r\n     crossorigin=\"anonymous\"><\/script><br \/>\n<\/p>\n<div id=\"taboola-read-more\" style=\"display:block; width:100%\">\n<p>Foi leve e sem v\u00edtimas, mas a colis\u00e3o entre duas aeronaves operadas pela Latam na pista do Aeroporto de Congonhas deve gerar problemas para funcion\u00e1rios e companhia a\u00e9rea.\n<\/p>\n<p>O incidente aeron\u00e1utico aconteceu na manh\u00e3 desta ter\u00e7a-feira, 3, quando um Airbus A320neo taxiava na pista e se chocou com outro Airbus, modelo A319. O primeiro avi\u00e3o preparava-se para iniciar o procedimento de decolagem rumo a Campo Grande (MS).<\/p>\n<p><strong>Congonhas: manobras no momento errado<\/strong><br \/>A aeronave atingida voltava ao estacionamento depois de tentar acessar a pista para tamb\u00e9m iniciar a manobra de decolagem, s\u00f3 que para Bras\u00edlia (DF). Em determinado momento, o avi\u00e3o que ia para o Mato Grosso do Sul n\u00e3o percebe \u2013 ou erra no c\u00e1lculo \u2013 e acerta a sua asa direita na parte traseira do outro avi\u00e3o.\n<\/p>\n<p>Fotos das aeronaves mostram que, embora aparentemente pequenas, as avarias s\u00e3o comprometedoras. A reportagem de Oeste entrou em contato com a Latam para saber poss\u00edveis causas da colis\u00e3o, o futuro dos pilotos e os preju\u00edzos decorrentes do incidente. A empresa, no entanto, n\u00e3o quis se manifestar.\n<\/p>\n<p>Pilotos correm risco de demiss\u00e3o<br \/>Para entender melhor o caso, Oeste consultou alguns especialistas que explicaram os desdobramentos de um evento como esse. Por quest\u00f5es de privacidade, as fontes pediram para n\u00e3o ter seu nome identificado.\n<\/p>\n<p>Conforme um dos especialistas, automaticamente as tripula\u00e7\u00f5es das aeronaves s\u00e3o afastadas da escala, enquanto se apura o caso. Confirmada alguma infra\u00e7\u00e3o, os pilotos podem sofrer san\u00e7\u00f5es administrativas, como demiss\u00e3o. O mesmo se aplica aos controladores de solo, ligados \u00e0 administra\u00e7\u00e3o do aeroporto.\n<\/p>\n<p>\u201cFalha do controlador de voo\u201d, diz funcion\u00e1rio<br \/>Segundo uma fonte com profundo conhecimento sobre as aeronaves, o avi\u00e3o que se preparava para decolar foi o que sofreu maiores danos. \u201cAparentemente, houve avarias significativas na asa em um ponto sens\u00edvel que, provavelmente, vai exigir um consider\u00e1vel per\u00edodo para reparo\u201d. Em v\u00eddeo gravado por um passageiro, o comandante da aeronave que seguia para Campo Grande relata o incidente\n<\/p>\n<p>Diante desta situa\u00e7\u00e3o, a companhia aciona o seguro que, por sua vez, vai querer saber at\u00e9 que ponto justifica-se uma indeniza\u00e7\u00e3o na hip\u00f3tese de erro operacional. \u201cParece que a maior falha foi do controle de solo, que autorizou a sa\u00edda da aeronave estacionada e, ao mesmo tempo, a movimenta\u00e7\u00e3o do outro avi\u00e3o\u201d, afirma um piloto acostumado a operar em Congonhas.\n<\/p>\n<p>Problema deve afetar malha a\u00e9rea<br \/>Na vis\u00e3o do especialista, a avia\u00e7\u00e3o comercial trabalha hoje no limite da opera\u00e7\u00e3o, tanto na disponibilidade de pilotos quanto na de aeronaves. \u201cDois equipamentos a menos no fim do ano, que \u00e9 per\u00edodo de alta temporada, v\u00e3o causar um impacto significativo na malha a\u00e9rea\u201d.\n<\/p>\n<p>As fontes n\u00e3o souberam informar com precis\u00e3o o tamanho do preju\u00edzo em raz\u00e3o do incidente. No entanto, um c\u00e1lculo superficial sugere perdas de algo em torno de US$ 300 por hora de cada avi\u00e3o mantido em solo. Quanto aos reparos, o custo em ambos equipamentos deve ultrapassar a cifra de US$ 1,5 milh\u00e3o.\n<\/p>\n<p>Fonte: Revista Oeste              <\/p>\n<\/div>\n<p><br \/>\n<br \/><a href=\"https:\/\/diariodobrasilnoticias.com.br\/noticia\/incidente-em-congonhas-o-destino-dos-pilotos-e-os-prejuizos-para-a-latam-675389551ab98\">Source link <\/a><\/p>","protected":false},"excerpt":{"rendered":"<p>Foi leve e sem v\u00edtimas, mas a colis\u00e3o entre duas aeronaves operadas pela Latam na pista do Aeroporto de Congonhas deve gerar problemas para funcion\u00e1rios e companhia a\u00e9rea. O incidente&hellip;<\/p>","protected":false},"author":1,"featured_media":72361,"comment_status":"closed","ping_status":"open","sticky":false,"template":"","format":"standard","meta":{"content-type":"","footnotes":""},"categories":[16],"tags":[123,2448,5313,1267],"class_list":["post-72360","post","type-post","status-publish","format-standard","has-post-thumbnail","hentry","category-noticias","tag-brasil","tag-diario","tag-noticia","tag-noticias"],"_links":{"self":[{"href":"https:\/\/tvbrazilusa.com\/pt\/wp-json\/wp\/v2\/posts\/72360","targetHints":{"allow":["GET"]}}],"collection":[{"href":"https:\/\/tvbrazilusa.com\/pt\/wp-json\/wp\/v2\/posts"}],"about":[{"href":"https:\/\/tvbrazilusa.com\/pt\/wp-json\/wp\/v2\/types\/post"}],"author":[{"embeddable":true,"href":"https:\/\/tvbrazilusa.com\/pt\/wp-json\/wp\/v2\/users\/1"}],"replies":[{"embeddable":true,"href":"https:\/\/tvbrazilusa.com\/pt\/wp-json\/wp\/v2\/comments?post=72360"}],"version-history":[{"count":1,"href":"https:\/\/tvbrazilusa.com\/pt\/wp-json\/wp\/v2\/posts\/72360\/revisions"}],"predecessor-version":[{"id":72362,"href":"https:\/\/tvbrazilusa.com\/pt\/wp-json\/wp\/v2\/posts\/72360\/revisions\/72362"}],"wp:featuredmedia":[{"embeddable":true,"href":"https:\/\/tvbrazilusa.com\/pt\/wp-json\/wp\/v2\/media\/72361"}],"wp:attachment":[{"href":"https:\/\/tvbrazilusa.com\/pt\/wp-json\/wp\/v2\/media?parent=72360"}],"wp:term":[{"taxonomy":"category","embeddable":true,"href":"https:\/\/tvbrazilusa.com\/pt\/wp-json\/wp\/v2\/categories?post=72360"},{"taxonomy":"post_tag","embeddable":true,"href":"https:\/\/tvbrazilusa.com\/pt\/wp-json\/wp\/v2\/tags?post=72360"}],"curies":[{"name":"wp","href":"https:\/\/api.w.org\/{rel}","templated":true}]}}