{"id":7250,"date":"2024-07-24T10:11:00","date_gmt":"2024-07-24T10:11:00","guid":{"rendered":"https:\/\/tvbrazilusa.com\/2024\/07\/24\/fogo-amigo-maduro-alfineta-lula-apos-falas-do-presidente-tome-um-cha-de-camomila\/"},"modified":"2024-07-24T10:17:08","modified_gmt":"2024-07-24T10:17:08","slug":"fogo-amigo-maduro-alfineta-lula-apos-falas-do-presidente-tome-um-cha-de-camomila","status":"publish","type":"post","link":"https:\/\/tvbrazilusa.com\/pt\/2024\/07\/24\/fogo-amigo-maduro-alfineta-lula-apos-falas-do-presidente-tome-um-cha-de-camomila\/","title":{"rendered":"Fogo amigo: Maduro alfineta Lula ap\u00f3s falas do presidente: \u201cTome um ch\u00e1 de camomila\u201d"},"content":{"rendered":"<p> <script async src=\"https:\/\/pagead2.googlesyndication.com\/pagead\/js\/adsbygoogle.js?client=ca-pub-8864793242727901\"\r\n     crossorigin=\"anonymous\"><\/script><br \/>\n<\/p>\n<div>\n<p>O cen\u00e1rio pol\u00edtico na Am\u00e9rica do Sul est\u00e1 cada vez mais tenso \u00e0 medida que as elei\u00e7\u00f5es venezuelanas se aproximam. Nesta ter\u00e7a-feira (23),, uma declara\u00e7\u00e3o feita pelo presidente da Venezuela, Nicol\u00e1s Maduro, sobre um poss\u00edvel \u201cbanho de sangue\u201d se a oposi\u00e7\u00e3o vencer as elei\u00e7\u00f5es, causou grande preocupa\u00e7\u00e3o em l\u00edderes regionais, incluindo o presidente brasileiro, Luiz In\u00e1cio Lula da Silva.<\/p>\n<p>Lula, parecendo visivelmente perturbado, respondeu \u00e0s declara\u00e7\u00f5es de Maduro destacando a import\u00e2ncia do respeito ao processo democr\u00e1tico. \u201cQuem perde as elei\u00e7\u00f5es toma um banho de voto, n\u00e3o de sangue\u201d, exclamou o presidente brasileiro, enfatizando que a derrota em uma elei\u00e7\u00e3o deve ser seguida pela prepara\u00e7\u00e3o para um pr\u00f3ximo pleito, e n\u00e3o por viol\u00eancia.<\/p>\n<h2 class=\"wp-block-heading\">O que Maduro disse para causar preocupa\u00e7\u00e3o?<\/h2>\n<p>Durante uma fala recente, Nicol\u00e1s Maduro fez uma previs\u00e3o sombria caso n\u00e3o ven\u00e7a as elei\u00e7\u00f5es: \u201cEu disse que, negado e transmutado, a direita extremista (\u2026) chegasse ao poder pol\u00edtico na Venezuela haveria um banho de sangue\u201d. Essas palavras ecoaram n\u00e3o s\u00f3 na Venezuela, mas em todo o continente, especialmente no Brasil, dado o tamanho e a influ\u00eancia pol\u00edtica deste \u00faltimo na Am\u00e9rica do Sul.<\/p>\n<h2 class=\"wp-block-heading\">Por que Lula est\u00e1 se envolvendo?<\/h2>\n<p>A rela\u00e7\u00e3o diplom\u00e1tica entre Brasil e Venezuela vem sendo marcada por altos e baixos, e as declara\u00e7\u00f5es de Maduro encontram Lula em um momento de tentativa de estabiliza\u00e7\u00e3o das rela\u00e7\u00f5es internacionais. Al\u00e9m disso, como figura experiente e respeitada na pol\u00edtica, Lula entende o impacto negativo que uma instabilidade na Venezuela poderia ter em toda a regi\u00e3o.<\/p>\n<h2 class=\"wp-block-heading\">Respostas e Repercuss\u00f5es<\/h2>\n<p>O tom utilizado por Maduro foi relativamente desafiador, mesmo quando apelou \u00e0 calma, sugerindo que aqueles preocupados simplesmente deveriam \u201ctomar um ch\u00e1 de camomila\u201d. Tal resposta pode ser interpretada como uma tentativa de minimizar as cr\u00edticas internacionais.<\/p>\n<\/p><\/div>\n<p><br \/>\n<br \/><a href=\"https:\/\/terrabrasilnoticias.com\/2024\/07\/fogo-amigo-maduro-alfineta-lula-apos-falas-do-presidente-tome-um-cha-de-camomila\/\">Source link <\/a><\/p>","protected":false},"excerpt":{"rendered":"<p>O cen\u00e1rio pol\u00edtico na Am\u00e9rica do Sul est\u00e1 cada vez mais tenso \u00e0 medida que as elei\u00e7\u00f5es venezuelanas se aproximam. Nesta ter\u00e7a-feira (23),, uma declara\u00e7\u00e3o feita pelo presidente da Venezuela,&hellip;<\/p>","protected":false},"author":1,"featured_media":7251,"comment_status":"closed","ping_status":"open","sticky":false,"template":"","format":"standard","meta":{"content-type":"","footnotes":""},"categories":[16],"tags":[],"class_list":["post-7250","post","type-post","status-publish","format-standard","has-post-thumbnail","hentry","category-noticias"],"_links":{"self":[{"href":"https:\/\/tvbrazilusa.com\/pt\/wp-json\/wp\/v2\/posts\/7250","targetHints":{"allow":["GET"]}}],"collection":[{"href":"https:\/\/tvbrazilusa.com\/pt\/wp-json\/wp\/v2\/posts"}],"about":[{"href":"https:\/\/tvbrazilusa.com\/pt\/wp-json\/wp\/v2\/types\/post"}],"author":[{"embeddable":true,"href":"https:\/\/tvbrazilusa.com\/pt\/wp-json\/wp\/v2\/users\/1"}],"replies":[{"embeddable":true,"href":"https:\/\/tvbrazilusa.com\/pt\/wp-json\/wp\/v2\/comments?post=7250"}],"version-history":[{"count":1,"href":"https:\/\/tvbrazilusa.com\/pt\/wp-json\/wp\/v2\/posts\/7250\/revisions"}],"predecessor-version":[{"id":7252,"href":"https:\/\/tvbrazilusa.com\/pt\/wp-json\/wp\/v2\/posts\/7250\/revisions\/7252"}],"wp:featuredmedia":[{"embeddable":true,"href":"https:\/\/tvbrazilusa.com\/pt\/wp-json\/wp\/v2\/media\/7251"}],"wp:attachment":[{"href":"https:\/\/tvbrazilusa.com\/pt\/wp-json\/wp\/v2\/media?parent=7250"}],"wp:term":[{"taxonomy":"category","embeddable":true,"href":"https:\/\/tvbrazilusa.com\/pt\/wp-json\/wp\/v2\/categories?post=7250"},{"taxonomy":"post_tag","embeddable":true,"href":"https:\/\/tvbrazilusa.com\/pt\/wp-json\/wp\/v2\/tags?post=7250"}],"curies":[{"name":"wp","href":"https:\/\/api.w.org\/{rel}","templated":true}]}}