{"id":72571,"date":"2024-12-07T19:15:41","date_gmt":"2024-12-07T19:15:41","guid":{"rendered":"https:\/\/tvbrazilusa.com\/2024\/12\/07\/lula-evita-discursar-em-evento-de-homenagem-a-janja-segundo-relatos-lula-se-emocionou-com-o-discurso-da-primeira-dama\/"},"modified":"2024-12-07T19:15:42","modified_gmt":"2024-12-07T19:15:42","slug":"lula-evita-discursar-em-evento-de-homenagem-a-janja-segundo-relatos-lula-se-emocionou-com-o-discurso-da-primeira-dama","status":"publish","type":"post","link":"https:\/\/tvbrazilusa.com\/pt\/2024\/12\/07\/lula-evita-discursar-em-evento-de-homenagem-a-janja-segundo-relatos-lula-se-emocionou-com-o-discurso-da-primeira-dama\/","title":{"rendered":"Lula evita discursar em evento de homenagem a Janja; segundo relatos, Lula se emocionou com o discurso da primeira-dama"},"content":{"rendered":"<p> <script async src=\"https:\/\/pagead2.googlesyndication.com\/pagead\/js\/adsbygoogle.js?client=ca-pub-8864793242727901\"\r\n     crossorigin=\"anonymous\"><\/script><br \/>\n<\/p>\n<div id=\"taboola-read-more\" style=\"display:block; width:100%\">\n<p>Com destaque para a primeira-dama, Ros\u00e2ngela Silva, advogados do grupo Prerrogativas se reuniram na noite desta sexta-feira (6), em S\u00e3o Paulo, em evento com a presen\u00e7a do presidente Luiz In\u00e1cio Lula da Silva, que n\u00e3o discursou.\n<\/p>\n<p>Como a CNN divulgou, Lula e Janja vieram do Uruguai, onde participaram da C\u00fapula do Mercosul, diretamente para S\u00e3o Paulo.<\/p>\n<p>O presidente teria dito que as aten\u00e7\u00f5es deveriam ser para Janja, preferiu n\u00e3o discursar e, segundo relatos, at\u00e9 se emocionou ao ouvir o discurso dela.\n<\/p>\n<p>O discurso da primeira-dama foi o momento mais esperado da noite.\n<\/p>\n<p>Janja, que foi alvo de recentes cr\u00edticas por xingar o dono da rede X, Elon Musk, durante evento paralelo ao G20, afirmou que estava se sentindo nervosa por discursar na presen\u00e7a do marido. \u201cPara mim, \u00e9 mais tranquilo falar quando ele n\u00e3o est\u00e1 me olhando\u201d, disse.\n<\/p>\n<p>A primeira-dama discursou sem ler nenhum material de apoio. Na fala, Janja se emocionou ao lembrar do per\u00edodo em que Lula esteve preso, em Curitiba, devido as investiga\u00e7\u00f5es da Lava Jato.\n<\/p>\n<p>O evento ocorreu na Casa Natura Musical, em Pinheiros.\n<\/p>\n<p>Fonte: CNN              <\/p>\n<\/div>\n<p><br \/>\n<br \/><a href=\"https:\/\/diariodobrasilnoticias.com.br\/noticia\/lula-evita-discursar-em-evento-de-homenagem-a-janja-segundo-relatos-lula-se-emocionou-com-o-discurso-da-primeira-dama-675474bfa59e4\">Source link <\/a><\/p>","protected":false},"excerpt":{"rendered":"<p>Com destaque para a primeira-dama, Ros\u00e2ngela Silva, advogados do grupo Prerrogativas se reuniram na noite desta sexta-feira (6), em S\u00e3o Paulo, em evento com a presen\u00e7a do presidente Luiz In\u00e1cio&hellip;<\/p>","protected":false},"author":1,"featured_media":72572,"comment_status":"closed","ping_status":"open","sticky":false,"template":"","format":"standard","meta":{"content-type":"","footnotes":""},"categories":[16],"tags":[123,2448,5313,1267],"class_list":["post-72571","post","type-post","status-publish","format-standard","has-post-thumbnail","hentry","category-noticias","tag-brasil","tag-diario","tag-noticia","tag-noticias"],"_links":{"self":[{"href":"https:\/\/tvbrazilusa.com\/pt\/wp-json\/wp\/v2\/posts\/72571","targetHints":{"allow":["GET"]}}],"collection":[{"href":"https:\/\/tvbrazilusa.com\/pt\/wp-json\/wp\/v2\/posts"}],"about":[{"href":"https:\/\/tvbrazilusa.com\/pt\/wp-json\/wp\/v2\/types\/post"}],"author":[{"embeddable":true,"href":"https:\/\/tvbrazilusa.com\/pt\/wp-json\/wp\/v2\/users\/1"}],"replies":[{"embeddable":true,"href":"https:\/\/tvbrazilusa.com\/pt\/wp-json\/wp\/v2\/comments?post=72571"}],"version-history":[{"count":1,"href":"https:\/\/tvbrazilusa.com\/pt\/wp-json\/wp\/v2\/posts\/72571\/revisions"}],"predecessor-version":[{"id":72573,"href":"https:\/\/tvbrazilusa.com\/pt\/wp-json\/wp\/v2\/posts\/72571\/revisions\/72573"}],"wp:featuredmedia":[{"embeddable":true,"href":"https:\/\/tvbrazilusa.com\/pt\/wp-json\/wp\/v2\/media\/72572"}],"wp:attachment":[{"href":"https:\/\/tvbrazilusa.com\/pt\/wp-json\/wp\/v2\/media?parent=72571"}],"wp:term":[{"taxonomy":"category","embeddable":true,"href":"https:\/\/tvbrazilusa.com\/pt\/wp-json\/wp\/v2\/categories?post=72571"},{"taxonomy":"post_tag","embeddable":true,"href":"https:\/\/tvbrazilusa.com\/pt\/wp-json\/wp\/v2\/tags?post=72571"}],"curies":[{"name":"wp","href":"https:\/\/api.w.org\/{rel}","templated":true}]}}