{"id":72580,"date":"2024-12-07T19:40:49","date_gmt":"2024-12-07T19:40:49","guid":{"rendered":"https:\/\/tvbrazilusa.com\/2024\/12\/07\/presidente-do-banco-central-campos-neto-e-criticado-por-boulos-e-pt-por-nao-intervir-na-alta-do-dolar\/"},"modified":"2024-12-07T19:40:50","modified_gmt":"2024-12-07T19:40:50","slug":"presidente-do-banco-central-campos-neto-e-criticado-por-boulos-e-pt-por-nao-intervir-na-alta-do-dolar","status":"publish","type":"post","link":"https:\/\/tvbrazilusa.com\/pt\/2024\/12\/07\/presidente-do-banco-central-campos-neto-e-criticado-por-boulos-e-pt-por-nao-intervir-na-alta-do-dolar\/","title":{"rendered":"Presidente do Banco Central, Campos Neto, \u00e9 criticado por Boulos e PT por n\u00e3o intervir na alta do d\u00f3lar"},"content":{"rendered":"<p> <script async src=\"https:\/\/pagead2.googlesyndication.com\/pagead\/js\/adsbygoogle.js?client=ca-pub-8864793242727901\"\r\n     crossorigin=\"anonymous\"><\/script><br \/>\n<\/p>\n<div id=\"taboola-read-more\" style=\"display:block; width:100%\">\n<p>\u00c0s v\u00e9speras de uma nova reuni\u00e3o do Comit\u00ea de Pol\u00edtica Monet\u00e1ria (Copom), que deve definir uma nova alta na Selic, taxa b\u00e1sica de juros, o PT e aliados do governo voltaram \u00e0 carga nos ataques ao presidente do Banco Central (BC), Roberto Campos Neto.\n<\/p>\n<p>Dessa vez, a cr\u00edtica se deu pela n\u00e3o interven\u00e7\u00e3o da autoridade monet\u00e1ria no mercado de c\u00e2mbio para conter a escalada da moeda, que bateu o recorde de R$ 6,11 no dia mais cr\u00edtico, em novembro. O deputado Guilherme Boulos (Psol-SP) processou Campos Neto por neglig\u00eancia do BC no combate ao d\u00f3lar alto, alegando conflito de interesse na atua\u00e7\u00e3o.<\/p>\n<p>\u201cQuem tem instrumentos cambiais para atuar sobre a alta do d\u00f3lar \u00e9, tamb\u00e9m, o Roberto Campos Neto, presidente do BC. Agora, o que acontece se o presidente do Banco Central tem ganhos pessoais quando o d\u00f3lar sobe e quando o juro cresce? O nome disso \u00e9 conflito de interesse\u201d, disse Boulos em v\u00eddeo publicado nesta semana nas redes sociais.\n<\/p>\n<p>O deputado afirmou ter pesquisado o patrim\u00f4nio de Campos Neto e conclu\u00eddo que parte dos investimentos est\u00e3o atrelados \u00e0 taxa b\u00e1sica, a Selic. Outra parte est\u00e1 indexada ao d\u00f3lar. Com isso,Boulos e outros aliados do PT tem acusado Campos Neto de manter os juros e o d\u00f3lar altos para conseguir mais ganho com as aplica\u00e7\u00f5es financeiras.\n<\/p>\n<p>\u201cQuando o d\u00f3lar sobe, o patrim\u00f4nio do Roberto Campos Neto tamb\u00e9m aumenta. Isso sem falar no conflito de interesses pol\u00edtico, que \u00e9 mais \u00f3bvio. Al\u00e9m de ter sido indicado por Bolsonaro, ele tem rela\u00e7\u00f5es org\u00e2nicas, estreitas com o bolsonarismo\u201d, declarou Boulos.\n<\/p>\n<p><strong>BC interv\u00e9m em c\u00e2mbio desfuncional<\/strong>\n<\/p>\n<p>O BC, no entanto, s\u00f3 pode vender recursos da reserva internacional para segurar a cota\u00e7\u00e3o da moeda americana em ocasi\u00f5es que um estudo t\u00e9cnico avalize que o mercado de c\u00e2mbio est\u00e1 disfuncional, como aconteceu na pandemia de Covid-19. As regras definidas pelo governo para o BC agir n\u00e3o estabelecem uma meta de d\u00f3lar ou limite para a desvaloriza\u00e7\u00e3o do real, e seguem o regime de c\u00e2mbio \u201cflutuante\u201d.\n<\/p>\n<p>A disparada da cota\u00e7\u00e3o do d\u00f3lar tem sido registrada nas \u00faltimas semanas devido \u00e0 desconfian\u00e7a do mercado financeiro das medidas de ajuste fiscal promovidas pelo governo. O pacote de corte degastos anunciado no final de novembro foi considerado insuficiente e enfrenta resist\u00eancia para aprova\u00e7\u00e3o no Congresso.\n<\/p>\n<p>Al\u00e9m disso, a decis\u00e3o n\u00e3o depende s\u00f3 de Campos Neto, mas do colegiado, inclusive do diretor de Pol\u00edtica Monet\u00e1ria, Gabriel Gal\u00edpolo, indicado ao cargo ap\u00f3s trabalhar como secret\u00e1rio-executivo do ministro da Fazenda, Fernando Haddad.\n<\/p>\n<p>Gal\u00edpolo vai assumir a presid\u00eancia do BC a partir de janeiro, com o final do mandato de Campos Neto. Embora tenha sido indicado pelo presidente Luiz In\u00e1cio Lula da Silva (PT), que o definiu como \u201cmenino de ouro\u201d, enfrenta desconfian\u00e7as de aliados do governo por vota\u00e7\u00f5es alinhadas a RCN nas decis\u00f5es sobre juros.\n<\/p>\n<p>Fonte: Gazeta do Povo              <\/p>\n<\/div>\n<p><br \/>\n<br \/><a href=\"https:\/\/diariodobrasilnoticias.com.br\/noticia\/presidente-do-banco-central-campos-neto-e-criticado-por-boulos-e-pt-por-nao-intervir-na-alta-do-dolar-675478d58af93\">Source link <\/a><\/p>","protected":false},"excerpt":{"rendered":"<p>\u00c0s v\u00e9speras de uma nova reuni\u00e3o do Comit\u00ea de Pol\u00edtica Monet\u00e1ria (Copom), que deve definir uma nova alta na Selic, taxa b\u00e1sica de juros, o PT e aliados do governo&hellip;<\/p>","protected":false},"author":1,"featured_media":72581,"comment_status":"closed","ping_status":"open","sticky":false,"template":"","format":"standard","meta":{"content-type":"","footnotes":""},"categories":[16],"tags":[123,2448,5313,1267],"class_list":["post-72580","post","type-post","status-publish","format-standard","has-post-thumbnail","hentry","category-noticias","tag-brasil","tag-diario","tag-noticia","tag-noticias"],"_links":{"self":[{"href":"https:\/\/tvbrazilusa.com\/pt\/wp-json\/wp\/v2\/posts\/72580","targetHints":{"allow":["GET"]}}],"collection":[{"href":"https:\/\/tvbrazilusa.com\/pt\/wp-json\/wp\/v2\/posts"}],"about":[{"href":"https:\/\/tvbrazilusa.com\/pt\/wp-json\/wp\/v2\/types\/post"}],"author":[{"embeddable":true,"href":"https:\/\/tvbrazilusa.com\/pt\/wp-json\/wp\/v2\/users\/1"}],"replies":[{"embeddable":true,"href":"https:\/\/tvbrazilusa.com\/pt\/wp-json\/wp\/v2\/comments?post=72580"}],"version-history":[{"count":1,"href":"https:\/\/tvbrazilusa.com\/pt\/wp-json\/wp\/v2\/posts\/72580\/revisions"}],"predecessor-version":[{"id":72582,"href":"https:\/\/tvbrazilusa.com\/pt\/wp-json\/wp\/v2\/posts\/72580\/revisions\/72582"}],"wp:featuredmedia":[{"embeddable":true,"href":"https:\/\/tvbrazilusa.com\/pt\/wp-json\/wp\/v2\/media\/72581"}],"wp:attachment":[{"href":"https:\/\/tvbrazilusa.com\/pt\/wp-json\/wp\/v2\/media?parent=72580"}],"wp:term":[{"taxonomy":"category","embeddable":true,"href":"https:\/\/tvbrazilusa.com\/pt\/wp-json\/wp\/v2\/categories?post=72580"},{"taxonomy":"post_tag","embeddable":true,"href":"https:\/\/tvbrazilusa.com\/pt\/wp-json\/wp\/v2\/tags?post=72580"}],"curies":[{"name":"wp","href":"https:\/\/api.w.org\/{rel}","templated":true}]}}