{"id":72586,"date":"2024-12-07T19:50:14","date_gmt":"2024-12-07T19:50:14","guid":{"rendered":"https:\/\/tvbrazilusa.com\/2024\/12\/07\/uma-motocicleta-carregada-com-explosivos-detonou-na-colombia-matando-uma-pessoa-e-ferindo-14-wsvn-7news-noticias-de-miami-clima-esportes-fort-lauderdale\/"},"modified":"2024-12-07T19:58:08","modified_gmt":"2024-12-07T19:58:08","slug":"uma-motocicleta-carregada-com-explosivos-detonou-na-colombia-matando-uma-pessoa-e-ferindo-14-wsvn-7news-noticias-de-miami-clima-esportes-fort-lauderdale","status":"publish","type":"post","link":"https:\/\/tvbrazilusa.com\/pt\/2024\/12\/07\/uma-motocicleta-carregada-com-explosivos-detonou-na-colombia-matando-uma-pessoa-e-ferindo-14-wsvn-7news-noticias-de-miami-clima-esportes-fort-lauderdale\/","title":{"rendered":"Uma motocicleta carregada com explosivos detonou na Col\u00f4mbia matando uma pessoa e ferindo 14 &#8211; WSVN 7News | Not\u00edcias de Miami, clima, esportes | Fort Lauderdale"},"content":{"rendered":"<p> <script async src=\"https:\/\/pagead2.googlesyndication.com\/pagead\/js\/adsbygoogle.js?client=ca-pub-8864793242727901\"\r\n     crossorigin=\"anonymous\"><\/script><br \/>\n<\/p>\n<div itemprop=\"articleBody\">\n<p>BOGOT\u00c1, Col\u00f4mbia (AP) \u2013 Uma motocicleta carregada com explosivos detonou em um posto de controle policial no sudoeste da Col\u00f4mbia no s\u00e1bado, matando o motorista e ferindo outras 14 pessoas, disseram as autoridades.<\/p>\n<p>Policiais vinham realizando inspe\u00e7\u00f5es na comunidade de Las Penas, no munic\u00edpio de Jamundi, para prevenir poss\u00edveis viol\u00eancias por parte de grupos armados ilegais, disse aos jornalistas o comandante da Pol\u00edcia Metropolitana de Cali, coronel Carlos Oviedo.<\/p>\n<p>O motorista \u201cficou assustado\u201d e detonou os explosivos ap\u00f3s ser chamado ao posto de controle, disse Oviedo, matando-se e ferindo sete civis e sete policiais. Um dos policiais tem um \u201cprogn\u00f3stico reservado\u201d, acrescentou.<\/p>\n<p>Grupos criminosos consideram Jamundi estrat\u00e9gico por suas planta\u00e7\u00f5es de folha de coca, que \u00e9 transformada em coca\u00edna, e por estar ligada ao porto de Buenaventura.<\/p>\n<p>O grupo do crime organizado Jaime Martinez atua na \u00e1rea. \u00c9 composto por dissidentes das For\u00e7as Armadas Revolucion\u00e1rias da Col\u00f4mbia, conhecidas pela sigla espanhola FARC, que n\u00e3o aceitaram o acordo de paz de 2016 com o Estado.<\/p>\n<p>Os ataques com explosivos contra militares e policiais, que as autoridades atribuem a grupos armados ilegais, continuaram apesar dos esfor\u00e7os do Presidente colombiano, Gustavo Petro, para negociar acordos de paz com os ex\u00e9rcitos irregulares no \u00e2mbito de uma estrat\u00e9gia conhecida como paz total.<\/p>\n<p>O Gabinete do Provedor de Justi\u00e7a manifestou preocupa\u00e7\u00e3o com o aumento da viol\u00eancia em Jamundi e instou as autoridades a garantirem a protec\u00e7\u00e3o e seguran\u00e7a dos cidad\u00e3os.<\/p>\n<p><em>Direitos autorais 2024 da Associated Press. Todos os direitos reservados. Este material n\u00e3o pode ser publicado, transmitido, reescrito ou redistribu\u00eddo.<\/em><\/p>\n<div class=\"wp-block-newsletter\">\n\t<strong class=\"wp-block-newsletter__title\">Cadastre-se em nosso boletim informativo para receber as \u00faltimas not\u00edcias diretamente na sua caixa de entrada<\/strong><\/p>\n<\/div><\/div>\n<p><br \/>\n<br \/><a href=\"https:\/\/wsvn.com\/news\/us-world\/a-motorcycle-loaded-with-explosives-detonated-in-colombia-killing-1-and-injuring-14\/\">Source link <\/a><\/p>","protected":false},"excerpt":{"rendered":"<p>BOGOT\u00c1, Col\u00f4mbia (AP) \u2013 Uma motocicleta carregada com explosivos detonou em um posto de controle policial no sudoeste da Col\u00f4mbia no s\u00e1bado, matando o motorista e ferindo outras 14 pessoas,&hellip;<\/p>","protected":false},"author":1,"featured_media":72587,"comment_status":"closed","ping_status":"open","sticky":false,"template":"","format":"standard","meta":{"content-type":"","footnotes":""},"categories":[1],"tags":[],"class_list":["post-72586","post","type-post","status-publish","format-standard","has-post-thumbnail","hentry","category-uncategorized"],"_links":{"self":[{"href":"https:\/\/tvbrazilusa.com\/pt\/wp-json\/wp\/v2\/posts\/72586","targetHints":{"allow":["GET"]}}],"collection":[{"href":"https:\/\/tvbrazilusa.com\/pt\/wp-json\/wp\/v2\/posts"}],"about":[{"href":"https:\/\/tvbrazilusa.com\/pt\/wp-json\/wp\/v2\/types\/post"}],"author":[{"embeddable":true,"href":"https:\/\/tvbrazilusa.com\/pt\/wp-json\/wp\/v2\/users\/1"}],"replies":[{"embeddable":true,"href":"https:\/\/tvbrazilusa.com\/pt\/wp-json\/wp\/v2\/comments?post=72586"}],"version-history":[{"count":1,"href":"https:\/\/tvbrazilusa.com\/pt\/wp-json\/wp\/v2\/posts\/72586\/revisions"}],"predecessor-version":[{"id":72588,"href":"https:\/\/tvbrazilusa.com\/pt\/wp-json\/wp\/v2\/posts\/72586\/revisions\/72588"}],"wp:featuredmedia":[{"embeddable":true,"href":"https:\/\/tvbrazilusa.com\/pt\/wp-json\/wp\/v2\/media\/72587"}],"wp:attachment":[{"href":"https:\/\/tvbrazilusa.com\/pt\/wp-json\/wp\/v2\/media?parent=72586"}],"wp:term":[{"taxonomy":"category","embeddable":true,"href":"https:\/\/tvbrazilusa.com\/pt\/wp-json\/wp\/v2\/categories?post=72586"},{"taxonomy":"post_tag","embeddable":true,"href":"https:\/\/tvbrazilusa.com\/pt\/wp-json\/wp\/v2\/tags?post=72586"}],"curies":[{"name":"wp","href":"https:\/\/api.w.org\/{rel}","templated":true}]}}