{"id":72589,"date":"2024-12-07T20:05:56","date_gmt":"2024-12-07T20:05:56","guid":{"rendered":"https:\/\/tvbrazilusa.com\/2024\/12\/07\/pt-sobre-fala-de-jojo-todynho-mentirosa-desprezivel-e-futil\/"},"modified":"2024-12-07T20:05:57","modified_gmt":"2024-12-07T20:05:57","slug":"pt-sobre-fala-de-jojo-todynho-mentirosa-desprezivel-e-futil","status":"publish","type":"post","link":"https:\/\/tvbrazilusa.com\/pt\/2024\/12\/07\/pt-sobre-fala-de-jojo-todynho-mentirosa-desprezivel-e-futil\/","title":{"rendered":"PT sobre fala de Jojo Todynho: \u201cMentirosa, desprez\u00edvel e f\u00fatil\u201d"},"content":{"rendered":"<p> <script async src=\"https:\/\/pagead2.googlesyndication.com\/pagead\/js\/adsbygoogle.js?client=ca-pub-8864793242727901\"\r\n     crossorigin=\"anonymous\"><\/script><br \/>\n<\/p>\n<div id=\"taboola-read-more\" style=\"display:block; width:100%\">\n<p>O Partido dos Trabalhadores (PT) entrou com uma a\u00e7\u00e3o penal contra a cantora Jojo Todynho, acusando-a de mentir sobre ter recebido uma proposta no valor de R$ 1,5 milh\u00e3o para apoiar a candidatura do presidente Lula durante a campanha eleitoral de 2022.\n<\/p>\n<p>No documento, ao qual o Terra teve acesso, o PT chama a declara\u00e7\u00e3o da artista de \u201cmentirosa, desprez\u00edvel e f\u00fatil\u201d e disse que o objetivo dela era \u201cincitar \u00f3dio e o desprezo p\u00fablico contra\u201d o partido.<\/p>\n<p>Pleno News\u00a0              <\/p>\n<\/div>\n<p><br \/>\n<br \/><a href=\"https:\/\/diariodobrasilnoticias.com.br\/noticia\/pt-sobre-fala-de-jojo-todynho-mentirosa-desprezivel-e-futil-67549fa02ff98\">Source link <\/a><\/p>","protected":false},"excerpt":{"rendered":"<p>O Partido dos Trabalhadores (PT) entrou com uma a\u00e7\u00e3o penal contra a cantora Jojo Todynho, acusando-a de mentir sobre ter recebido uma proposta no valor de R$ 1,5 milh\u00e3o para&hellip;<\/p>","protected":false},"author":1,"featured_media":72590,"comment_status":"closed","ping_status":"open","sticky":false,"template":"","format":"standard","meta":{"content-type":"","footnotes":""},"categories":[16],"tags":[123,2448,5313,1267],"class_list":["post-72589","post","type-post","status-publish","format-standard","has-post-thumbnail","hentry","category-noticias","tag-brasil","tag-diario","tag-noticia","tag-noticias"],"_links":{"self":[{"href":"https:\/\/tvbrazilusa.com\/pt\/wp-json\/wp\/v2\/posts\/72589","targetHints":{"allow":["GET"]}}],"collection":[{"href":"https:\/\/tvbrazilusa.com\/pt\/wp-json\/wp\/v2\/posts"}],"about":[{"href":"https:\/\/tvbrazilusa.com\/pt\/wp-json\/wp\/v2\/types\/post"}],"author":[{"embeddable":true,"href":"https:\/\/tvbrazilusa.com\/pt\/wp-json\/wp\/v2\/users\/1"}],"replies":[{"embeddable":true,"href":"https:\/\/tvbrazilusa.com\/pt\/wp-json\/wp\/v2\/comments?post=72589"}],"version-history":[{"count":1,"href":"https:\/\/tvbrazilusa.com\/pt\/wp-json\/wp\/v2\/posts\/72589\/revisions"}],"predecessor-version":[{"id":72591,"href":"https:\/\/tvbrazilusa.com\/pt\/wp-json\/wp\/v2\/posts\/72589\/revisions\/72591"}],"wp:featuredmedia":[{"embeddable":true,"href":"https:\/\/tvbrazilusa.com\/pt\/wp-json\/wp\/v2\/media\/72590"}],"wp:attachment":[{"href":"https:\/\/tvbrazilusa.com\/pt\/wp-json\/wp\/v2\/media?parent=72589"}],"wp:term":[{"taxonomy":"category","embeddable":true,"href":"https:\/\/tvbrazilusa.com\/pt\/wp-json\/wp\/v2\/categories?post=72589"},{"taxonomy":"post_tag","embeddable":true,"href":"https:\/\/tvbrazilusa.com\/pt\/wp-json\/wp\/v2\/tags?post=72589"}],"curies":[{"name":"wp","href":"https:\/\/api.w.org\/{rel}","templated":true}]}}