{"id":72595,"date":"2024-12-07T20:24:25","date_gmt":"2024-12-07T20:24:25","guid":{"rendered":"https:\/\/tvbrazilusa.com\/2024\/12\/07\/mauro-cid-diz-que-advogado-se-confundiu-ao-falar-de-bolsonaro\/"},"modified":"2024-12-07T20:24:26","modified_gmt":"2024-12-07T20:24:26","slug":"mauro-cid-diz-que-advogado-se-confundiu-ao-falar-de-bolsonaro","status":"publish","type":"post","link":"https:\/\/tvbrazilusa.com\/pt\/2024\/12\/07\/mauro-cid-diz-que-advogado-se-confundiu-ao-falar-de-bolsonaro\/","title":{"rendered":"Mauro Cid diz que advogado se confundiu ao falar de Bolsonaro"},"content":{"rendered":"<p> <script async src=\"https:\/\/pagead2.googlesyndication.com\/pagead\/js\/adsbygoogle.js?client=ca-pub-8864793242727901\"\r\n     crossorigin=\"anonymous\"><\/script><br \/>\n<\/p>\n<div id=\"taboola-read-more\" style=\"display:block; width:100%\">\n<p>O tenente-coronel Mauro Cid, ex-ajudante de ordens do ex-presidente Jair Bolsonaro (PL), disse que n\u00e3o tem como saber se o antigo mandat\u00e1rio tinha conhecimento do plano para assassinar o presidente Luiz In\u00e1cio Lula da Silva (PT), o vice-presidente Geraldo Alckmin (PSB) e o ministro Alexandre de Moraes, do Supremo Tribunal Federal (STF). Ele deu declara\u00e7\u00f5es, na \u00faltima quinta-feira (5), durante depoimento prestado \u00e0 Pol\u00edcia Federal (PF).\n<\/p>\n<p>Cid foi intimado a prestar novos esclarecimentos sobre a suposta tentativa de golpe de Estado, que levou \u00e0 abertura de um inqu\u00e9rito no qual ele e Bolsonaro est\u00e3o entre os 37 indiciados.<\/p>\n<p>A PF quis mais informa\u00e7\u00f5es do militar depois que o advogado dele, Cezar Bittencourt, disse \u00e0 GloboNews que Bolsonaro tinha conhecimento do plano. Na mesma entrevista, por\u00e9m, Bittencourt afirmou que n\u00e3o tinha se referido a um \u201cplano de morte\u201d.\n<\/p>\n<p>Fontes da PF indicaram que Bittencourt, que acompanhou Cid no depoimento, teria confirmado que se confundiu.\n<\/p>\n<p>Mauro Cid reafirmou, tamb\u00e9m na quinta-feira, que n\u00e3o sabia de plano para matar Lula, Alckmin e Moraes. As informa\u00e7\u00f5es s\u00e3o do InfoMoney.<\/p>\n<p>Pleno News\n<\/p>\n<p>\u00a0<\/p>\n<\/p><\/div>\n<p><br \/>\n<br \/><a href=\"https:\/\/diariodobrasilnoticias.com.br\/noticia\/mauro-cid-diz-que-advogado-se-confundiu-ao-falar-de-bolsonaro-6754abfb8c652\">Source link <\/a><\/p>","protected":false},"excerpt":{"rendered":"<p>O tenente-coronel Mauro Cid, ex-ajudante de ordens do ex-presidente Jair Bolsonaro (PL), disse que n\u00e3o tem como saber se o antigo mandat\u00e1rio tinha conhecimento do plano para assassinar o presidente&hellip;<\/p>","protected":false},"author":1,"featured_media":72596,"comment_status":"closed","ping_status":"open","sticky":false,"template":"","format":"standard","meta":{"content-type":"","footnotes":""},"categories":[16],"tags":[123,2448,5313,1267],"class_list":["post-72595","post","type-post","status-publish","format-standard","has-post-thumbnail","hentry","category-noticias","tag-brasil","tag-diario","tag-noticia","tag-noticias"],"_links":{"self":[{"href":"https:\/\/tvbrazilusa.com\/pt\/wp-json\/wp\/v2\/posts\/72595","targetHints":{"allow":["GET"]}}],"collection":[{"href":"https:\/\/tvbrazilusa.com\/pt\/wp-json\/wp\/v2\/posts"}],"about":[{"href":"https:\/\/tvbrazilusa.com\/pt\/wp-json\/wp\/v2\/types\/post"}],"author":[{"embeddable":true,"href":"https:\/\/tvbrazilusa.com\/pt\/wp-json\/wp\/v2\/users\/1"}],"replies":[{"embeddable":true,"href":"https:\/\/tvbrazilusa.com\/pt\/wp-json\/wp\/v2\/comments?post=72595"}],"version-history":[{"count":1,"href":"https:\/\/tvbrazilusa.com\/pt\/wp-json\/wp\/v2\/posts\/72595\/revisions"}],"predecessor-version":[{"id":72597,"href":"https:\/\/tvbrazilusa.com\/pt\/wp-json\/wp\/v2\/posts\/72595\/revisions\/72597"}],"wp:featuredmedia":[{"embeddable":true,"href":"https:\/\/tvbrazilusa.com\/pt\/wp-json\/wp\/v2\/media\/72596"}],"wp:attachment":[{"href":"https:\/\/tvbrazilusa.com\/pt\/wp-json\/wp\/v2\/media?parent=72595"}],"wp:term":[{"taxonomy":"category","embeddable":true,"href":"https:\/\/tvbrazilusa.com\/pt\/wp-json\/wp\/v2\/categories?post=72595"},{"taxonomy":"post_tag","embeddable":true,"href":"https:\/\/tvbrazilusa.com\/pt\/wp-json\/wp\/v2\/tags?post=72595"}],"curies":[{"name":"wp","href":"https:\/\/api.w.org\/{rel}","templated":true}]}}