{"id":72601,"date":"2024-12-07T20:35:57","date_gmt":"2024-12-07T20:35:57","guid":{"rendered":"https:\/\/tvbrazilusa.com\/2024\/12\/07\/ratinho-jr-articula-vaga-de-vice-na-chapa-de-jair-bolsonaro-para-2026\/"},"modified":"2024-12-07T20:35:58","modified_gmt":"2024-12-07T20:35:58","slug":"ratinho-jr-articula-vaga-de-vice-na-chapa-de-jair-bolsonaro-para-2026","status":"publish","type":"post","link":"https:\/\/tvbrazilusa.com\/pt\/2024\/12\/07\/ratinho-jr-articula-vaga-de-vice-na-chapa-de-jair-bolsonaro-para-2026\/","title":{"rendered":"Ratinho Jr. articula Vaga de Vice na chapa de Jair Bolsonaro para 2026."},"content":{"rendered":"<p> <script async src=\"https:\/\/pagead2.googlesyndication.com\/pagead\/js\/adsbygoogle.js?client=ca-pub-8864793242727901\"\r\n     crossorigin=\"anonymous\"><\/script><br \/>\n<\/p>\n<div id=\"taboola-read-more\" style=\"display:block; width:100%\">\n<p>A coluna Entrelinhas apurou que o governador do Paran\u00e1, Carlos Massa Ratinho Jr. (PSD-PR), est\u00e1 negociando com o presidente do Partido Liberal (PL), Valdemar da Costa Neto, a possibilidade de ser vice-presidente em uma eventual chapa liderada por Jair Bolsonaro nas elei\u00e7\u00f5es de 2026, caso o ex-presidente recupere sua elegibilidade. No entanto, aliados pr\u00f3ximos a Bolsonaro demonstram receio com a escolha de um vice alinhado ao sistema pol\u00edtico tradicional. &#8220;Se o Bolsonaro tiver um vice do Centr\u00e3o, ainda mais do partido do Pacheco, ele pode ter mais chance de reverter sua inelegibilidade, mas assim que for eleito, v\u00e3o arranjar um jeito de tir\u00e1-lo de l\u00e1 para dar lugar ao vice&#8221;, afirmou uma fonte pr\u00f3xima ao ex-presidente, mencionando o presidente do Senado, Rodrigo Pacheco (PSD-MG).<\/p>\n<p>Ratinho tamb\u00e9m avalia dar um passo ainda maior e disputar como presidenci\u00e1vel em 2026. Em entrevista ao Correio Braziliense, o governador destacou sua experi\u00eancia como ex-deputado federal, ex-secret\u00e1rio do Paran\u00e1 e governador reeleito. Ele apontou a gest\u00e3o fiscal positiva do estado, com contas equilibradas e recursos para investimentos, como trunfo de sua poss\u00edvel candidatura. &#8220;Minha capacidade me p\u00f5e no jogo&#8221;, declarou Ratinho Jr., refor\u00e7ando sua posi\u00e7\u00e3o como um dos nomes fortes do PSD para a disputa presidencial.<\/p>\n<p>O governador destacou ainda o desempenho do Partido Social Democr\u00e1tico (PSD) nas elei\u00e7\u00f5es municipais e a efici\u00eancia de sua gest\u00e3o no Paran\u00e1. &#8220;Mais do que a discuss\u00e3o ideol\u00f3gica, o PSD tem colocado m\u00e9todo de trabalho, de enxugar a m\u00e1quina p\u00fablica, mas sem perder o vi\u00e9s social&#8221;, comentou Ratinho Jr., ressaltando a abordagem pragm\u00e1tica de seu partido no cen\u00e1rio pol\u00edtico nacional.<\/p>\n<p>Colocando-se como op\u00e7\u00e3o para qualquer uma das vagas, o governador ainda defendeu a elegibilidade de Bolsonaro.\n<\/p>\n<p>Com informa\u00e7oes Gazeta do Povo.<\/p>\n<\/p><\/div>\n<p><br \/>\n<br \/><a href=\"https:\/\/diariodobrasilnoticias.com.br\/noticia\/ratinho-jr-articula-vaga-de-vice-na-chapa-de-jair-bolsonaro-para-2026-6754ae2ce56b5\">Source link <\/a><\/p>","protected":false},"excerpt":{"rendered":"<p>A coluna Entrelinhas apurou que o governador do Paran\u00e1, Carlos Massa Ratinho Jr. (PSD-PR), est\u00e1 negociando com o presidente do Partido Liberal (PL), Valdemar da Costa Neto, a possibilidade de&hellip;<\/p>","protected":false},"author":1,"featured_media":72602,"comment_status":"closed","ping_status":"open","sticky":false,"template":"","format":"standard","meta":{"content-type":"","footnotes":""},"categories":[16],"tags":[123,2448,5313,1267],"class_list":["post-72601","post","type-post","status-publish","format-standard","has-post-thumbnail","hentry","category-noticias","tag-brasil","tag-diario","tag-noticia","tag-noticias"],"_links":{"self":[{"href":"https:\/\/tvbrazilusa.com\/pt\/wp-json\/wp\/v2\/posts\/72601","targetHints":{"allow":["GET"]}}],"collection":[{"href":"https:\/\/tvbrazilusa.com\/pt\/wp-json\/wp\/v2\/posts"}],"about":[{"href":"https:\/\/tvbrazilusa.com\/pt\/wp-json\/wp\/v2\/types\/post"}],"author":[{"embeddable":true,"href":"https:\/\/tvbrazilusa.com\/pt\/wp-json\/wp\/v2\/users\/1"}],"replies":[{"embeddable":true,"href":"https:\/\/tvbrazilusa.com\/pt\/wp-json\/wp\/v2\/comments?post=72601"}],"version-history":[{"count":1,"href":"https:\/\/tvbrazilusa.com\/pt\/wp-json\/wp\/v2\/posts\/72601\/revisions"}],"predecessor-version":[{"id":72603,"href":"https:\/\/tvbrazilusa.com\/pt\/wp-json\/wp\/v2\/posts\/72601\/revisions\/72603"}],"wp:featuredmedia":[{"embeddable":true,"href":"https:\/\/tvbrazilusa.com\/pt\/wp-json\/wp\/v2\/media\/72602"}],"wp:attachment":[{"href":"https:\/\/tvbrazilusa.com\/pt\/wp-json\/wp\/v2\/media?parent=72601"}],"wp:term":[{"taxonomy":"category","embeddable":true,"href":"https:\/\/tvbrazilusa.com\/pt\/wp-json\/wp\/v2\/categories?post=72601"},{"taxonomy":"post_tag","embeddable":true,"href":"https:\/\/tvbrazilusa.com\/pt\/wp-json\/wp\/v2\/tags?post=72601"}],"curies":[{"name":"wp","href":"https:\/\/api.w.org\/{rel}","templated":true}]}}