{"id":72604,"date":"2024-12-07T20:48:18","date_gmt":"2024-12-07T20:48:18","guid":{"rendered":"https:\/\/tvbrazilusa.com\/2024\/12\/07\/em-plano-para-realizar-ataques-contra-instituicoes-judaicas-o-hamas-armazenou-armas-em-diversos-paises-da-europa\/"},"modified":"2024-12-07T20:48:19","modified_gmt":"2024-12-07T20:48:19","slug":"em-plano-para-realizar-ataques-contra-instituicoes-judaicas-o-hamas-armazenou-armas-em-diversos-paises-da-europa","status":"publish","type":"post","link":"https:\/\/tvbrazilusa.com\/pt\/2024\/12\/07\/em-plano-para-realizar-ataques-contra-instituicoes-judaicas-o-hamas-armazenou-armas-em-diversos-paises-da-europa\/","title":{"rendered":"Em plano para realizar ataques contra institui\u00e7\u00f5es judaicas, o Hamas armazenou armas em diversos pa\u00edses da Europa"},"content":{"rendered":"<p> <script async src=\"https:\/\/pagead2.googlesyndication.com\/pagead\/js\/adsbygoogle.js?client=ca-pub-8864793242727901\"\r\n     crossorigin=\"anonymous\"><\/script><br \/>\n<\/p>\n<div id=\"taboola-read-more\" style=\"display:block; width:100%\">\n<p>A Procuradoria Federal da Alemanha revelou, em 25 de novembro, uma acusa\u00e7\u00e3o formal contra quatro indiv\u00edduos suspeitos de integrar o grupo terrorista Hamas. A procuradoria afirmou um dia depois que esses quatro homens teriam criado e mantido dep\u00f3sitos de armas em diversos pa\u00edses europeus, com um \u00fanico objetivo em mente: realizar ataques contra institui\u00e7\u00f5es judaicas e alvos estrat\u00e9gicos.\n<\/p>\n<p>Os suspeitos, identificados como Abdelhamid Al A. e Ibrahim El-R., ambos nascidos no L\u00edbano, o eg\u00edpcio Mohammed B. e Nazih R., de nacionalidade holandesa, foram detidos em dezembro de 2023 em opera\u00e7\u00f5es realizadas na Alemanha e nos Pa\u00edses Baixos. A acusa\u00e7\u00e3o aponta que os quatro ocupavam posi\u00e7\u00f5es de destaque no bra\u00e7o militar do Hamas e estavam diretamente envolvidos em a\u00e7\u00f5es operacionais.<\/p>\n<p><strong>Esconderijos de armas na Europa<\/strong>\n<\/p>\n<p>Entre as atividades atribu\u00eddas ao grupo est\u00e1 a cria\u00e7\u00e3o de dep\u00f3sitos secretos de armas em pa\u00edses como Bulg\u00e1ria, Dinamarca e Pol\u00f4nia. Em 2019, Ibrahim El-R. teria organizado um esconderijo na Bulg\u00e1ria, contendo armamento pesado, incluindo um fuzil russo Kalashnikov. Em agosto deste ano, ele teria retornado ao local para verificar as condi\u00e7\u00f5es do arsenal.\n<\/p>\n<p>Outro esconderijo foi identificado na Dinamarca, de onde, no ver\u00e3o de 2019, uma pistola foi transferida para a Alemanha. Entre junho e dezembro de 2023, os suspeitos buscaram estabelecer outro dep\u00f3sito na Pol\u00f4nia, mas o plano n\u00e3o foi conclu\u00eddo.\n<\/p>\n<p>&#8220;Entre junho e dezembro de 2023, todos os acusados, ao trocar de equipes, realizaram v\u00e1rias buscas a partir de Berlim por um esconderijo de armas na Pol\u00f4nia. No final, n\u00e3o foi poss\u00edvel localiz\u00e1-lo&#8221;, disseram os promotores.\n<\/p>\n<p>De acordo com as autoridades alem\u00e3s, esses dep\u00f3sitos foram organizados para sustentar ataques a institui\u00e7\u00f5es judaicas, como sinagogas e centros culturais, al\u00e9m de alvos estrat\u00e9gicos, que inclu\u00edam a Embaixada de Israel em Berlim, a base a\u00e9rea dos EUA em Ramstein, na Alemanha, e \u00e1reas pr\u00f3ximas ao aeroporto de Tempelhof, na capital alem\u00e3, Berlim.\n<\/p>\n<p><strong>Investiga\u00e7\u00f5es internacionais<\/strong>\n<\/p>\n<p>As investiga\u00e7\u00f5es, conduzidas pela Procuradoria Federal na cidade alem\u00e3 de Karlsruhe, que \u00e9 especializada em terrorismo, contaram com a colabora\u00e7\u00e3o de servi\u00e7os de intelig\u00eancia de diversos pa\u00edses europeus. O Servi\u00e7o de Intelig\u00eancia Policial da Dinamarca (PET) confirmou que est\u00e1 monitorando poss\u00edveis amea\u00e7as decorrentes do conflito no Oriente M\u00e9dio e mant\u00e9m contato pr\u00f3ximo com as autoridades alem\u00e3s.\n<\/p>\n<p>A revela\u00e7\u00e3o do armazenamento de armas na Europa destaca a capacidade operacional que o grupo terrorista Hamas pode ter atualmente fora do Oriente M\u00e9dio, a\u00e7\u00e3o que aumenta as preocupa\u00e7\u00f5es das autoridades mundiais em rela\u00e7\u00e3o a seguran\u00e7a e preven\u00e7\u00e3o de ataques.\n<\/p>\n<p>O grupo terrorista Hamas foi o respons\u00e1vel pelo massacre realizado em Israel no dia 7 de outubro de 2023. Os terroristas invadiram o territ\u00f3rio israelense, vitimando mais de mil pessoas e sequestrando 251 ref\u00e9ns. O ataque dos palestinos desencadeou a guerra em Gaza, onde Israel tenta eliminar de vez o grupo terrorista e resgatar os ref\u00e9ns que ainda est\u00e3o no enclave.\n<\/p>\n<p>Desde o ataque de 2023, a Alemanha e outros pa\u00edses europeus intensificaram seus esfor\u00e7os para monitorar atividades suspeitas relacionadas ao grupo terrorista. Os governos europeus t\u00eam intensificado investiga\u00e7\u00f5es e opera\u00e7\u00f5es para desarticular redes terroristas, como as do Hamas, no continente. No entanto, especialistas alertam que novas tentativas de ataques n\u00e3o podem ser descartadas.\n<\/p>\n<p>Em entrevista ao jornal israelense The Times of Israel, Lorenzo Vidino, especialista em islamismo na Europa e na Am\u00e9rica do Norte e diretor do programa sobre extremismo na Universidade George Washington, destacou que o Hamas mant\u00e9m uma estrutura organizada na Europa. Ele explicou que essa estrutura inclui um \u201cc\u00edrculo externo\u201d, formado por simpatizantes que promovem sua agenda publicamente, e um \u201cc\u00edrculo interno\u201d, altamente secreto, composto por l\u00edderes palestinos com profundos la\u00e7os com a organiza\u00e7\u00e3o terrorista.\n<\/p>\n<p>\u201cO Hamas est\u00e1 presente na Europa h\u00e1 cerca de 30 anos. \u00c9 um segredo aberto\u201d, afirmou Vidino.\n<\/p>\n<p>Fonte: Gazeta do Povo              <\/p>\n<\/div>\n<p><br \/>\n<br \/><a href=\"https:\/\/diariodobrasilnoticias.com.br\/noticia\/em-plano-para-realizar-ataques-contra-instituicoes-judaicas-o-hamas-armazenou-armas-em-diversos-paises-da-europa-67547a4ec8846\">Source link <\/a><\/p>","protected":false},"excerpt":{"rendered":"<p>A Procuradoria Federal da Alemanha revelou, em 25 de novembro, uma acusa\u00e7\u00e3o formal contra quatro indiv\u00edduos suspeitos de integrar o grupo terrorista Hamas. A procuradoria afirmou um dia depois que&hellip;<\/p>","protected":false},"author":1,"featured_media":72605,"comment_status":"closed","ping_status":"open","sticky":false,"template":"","format":"standard","meta":{"content-type":"","footnotes":""},"categories":[16],"tags":[123,2448,5313,1267],"class_list":["post-72604","post","type-post","status-publish","format-standard","has-post-thumbnail","hentry","category-noticias","tag-brasil","tag-diario","tag-noticia","tag-noticias"],"_links":{"self":[{"href":"https:\/\/tvbrazilusa.com\/pt\/wp-json\/wp\/v2\/posts\/72604","targetHints":{"allow":["GET"]}}],"collection":[{"href":"https:\/\/tvbrazilusa.com\/pt\/wp-json\/wp\/v2\/posts"}],"about":[{"href":"https:\/\/tvbrazilusa.com\/pt\/wp-json\/wp\/v2\/types\/post"}],"author":[{"embeddable":true,"href":"https:\/\/tvbrazilusa.com\/pt\/wp-json\/wp\/v2\/users\/1"}],"replies":[{"embeddable":true,"href":"https:\/\/tvbrazilusa.com\/pt\/wp-json\/wp\/v2\/comments?post=72604"}],"version-history":[{"count":1,"href":"https:\/\/tvbrazilusa.com\/pt\/wp-json\/wp\/v2\/posts\/72604\/revisions"}],"predecessor-version":[{"id":72606,"href":"https:\/\/tvbrazilusa.com\/pt\/wp-json\/wp\/v2\/posts\/72604\/revisions\/72606"}],"wp:featuredmedia":[{"embeddable":true,"href":"https:\/\/tvbrazilusa.com\/pt\/wp-json\/wp\/v2\/media\/72605"}],"wp:attachment":[{"href":"https:\/\/tvbrazilusa.com\/pt\/wp-json\/wp\/v2\/media?parent=72604"}],"wp:term":[{"taxonomy":"category","embeddable":true,"href":"https:\/\/tvbrazilusa.com\/pt\/wp-json\/wp\/v2\/categories?post=72604"},{"taxonomy":"post_tag","embeddable":true,"href":"https:\/\/tvbrazilusa.com\/pt\/wp-json\/wp\/v2\/tags?post=72604"}],"curies":[{"name":"wp","href":"https:\/\/api.w.org\/{rel}","templated":true}]}}