{"id":72607,"date":"2024-12-07T21:01:05","date_gmt":"2024-12-07T21:01:05","guid":{"rendered":"https:\/\/tvbrazilusa.com\/2024\/12\/07\/trump-chega-a-paris-para-a-reinauguracao-da-catedral-de-notre-dame-e-da-um-forte-aperto-de-mao-em-macron-veja-video\/"},"modified":"2024-12-07T21:01:06","modified_gmt":"2024-12-07T21:01:06","slug":"trump-chega-a-paris-para-a-reinauguracao-da-catedral-de-notre-dame-e-da-um-forte-aperto-de-mao-em-macron-veja-video","status":"publish","type":"post","link":"https:\/\/tvbrazilusa.com\/pt\/2024\/12\/07\/trump-chega-a-paris-para-a-reinauguracao-da-catedral-de-notre-dame-e-da-um-forte-aperto-de-mao-em-macron-veja-video\/","title":{"rendered":"Trump chega a Paris para a reinaugura\u00e7\u00e3o da catedral de Notre-Dame e d\u00e1 um \u2018forte\u2019 aperto de m\u00e3o em Macron; VEJA V\u00cdDEO"},"content":{"rendered":"<p> <script async src=\"https:\/\/pagead2.googlesyndication.com\/pagead\/js\/adsbygoogle.js?client=ca-pub-8864793242727901\"\r\n     crossorigin=\"anonymous\"><\/script><br \/>\n<br \/>Trump chega a Paris para a reinaugura\u00e7\u00e3o da catedral de Notre-Dame e d\u00e1 um \u2018forte\u2019 aperto de m\u00e3o em Macron; VEJA V\u00cdDEO<br \/>\n<br \/><br \/>\n<br \/><a href=\"https:\/\/diariodobrasilnoticias.com.br\/noticia\/trump-chega-a-paris-para-a-reinauguracao-da-catedral-de-notre-dame-e-da-um-forte-aperto-de-mao-em-macron-veja-video-6754836a2b25d\">Source link <\/a><\/p>","protected":false},"excerpt":{"rendered":"<p>Trump chega a Paris para a reinaugura\u00e7\u00e3o da catedral de Notre-Dame e d\u00e1 um \u2018forte\u2019 aperto de m\u00e3o em Macron; VEJA V\u00cdDEO Source link<\/p>","protected":false},"author":1,"featured_media":72608,"comment_status":"closed","ping_status":"open","sticky":false,"template":"","format":"standard","meta":{"content-type":"","footnotes":""},"categories":[16],"tags":[123,2448,5313,1267],"class_list":["post-72607","post","type-post","status-publish","format-standard","has-post-thumbnail","hentry","category-noticias","tag-brasil","tag-diario","tag-noticia","tag-noticias"],"_links":{"self":[{"href":"https:\/\/tvbrazilusa.com\/pt\/wp-json\/wp\/v2\/posts\/72607","targetHints":{"allow":["GET"]}}],"collection":[{"href":"https:\/\/tvbrazilusa.com\/pt\/wp-json\/wp\/v2\/posts"}],"about":[{"href":"https:\/\/tvbrazilusa.com\/pt\/wp-json\/wp\/v2\/types\/post"}],"author":[{"embeddable":true,"href":"https:\/\/tvbrazilusa.com\/pt\/wp-json\/wp\/v2\/users\/1"}],"replies":[{"embeddable":true,"href":"https:\/\/tvbrazilusa.com\/pt\/wp-json\/wp\/v2\/comments?post=72607"}],"version-history":[{"count":1,"href":"https:\/\/tvbrazilusa.com\/pt\/wp-json\/wp\/v2\/posts\/72607\/revisions"}],"predecessor-version":[{"id":72609,"href":"https:\/\/tvbrazilusa.com\/pt\/wp-json\/wp\/v2\/posts\/72607\/revisions\/72609"}],"wp:featuredmedia":[{"embeddable":true,"href":"https:\/\/tvbrazilusa.com\/pt\/wp-json\/wp\/v2\/media\/72608"}],"wp:attachment":[{"href":"https:\/\/tvbrazilusa.com\/pt\/wp-json\/wp\/v2\/media?parent=72607"}],"wp:term":[{"taxonomy":"category","embeddable":true,"href":"https:\/\/tvbrazilusa.com\/pt\/wp-json\/wp\/v2\/categories?post=72607"},{"taxonomy":"post_tag","embeddable":true,"href":"https:\/\/tvbrazilusa.com\/pt\/wp-json\/wp\/v2\/tags?post=72607"}],"curies":[{"name":"wp","href":"https:\/\/api.w.org\/{rel}","templated":true}]}}