{"id":72610,"date":"2024-12-07T21:13:45","date_gmt":"2024-12-07T21:13:45","guid":{"rendered":"https:\/\/tvbrazilusa.com\/2024\/12\/07\/flordelis-perde-regalias-e-vai-para-a-solitaria-apos-vistoria-em-cela\/"},"modified":"2024-12-07T21:13:46","modified_gmt":"2024-12-07T21:13:46","slug":"flordelis-perde-regalias-e-vai-para-a-solitaria-apos-vistoria-em-cela","status":"publish","type":"post","link":"https:\/\/tvbrazilusa.com\/pt\/2024\/12\/07\/flordelis-perde-regalias-e-vai-para-a-solitaria-apos-vistoria-em-cela\/","title":{"rendered":"Flordelis perde regalias e vai para a solit\u00e1ria ap\u00f3s vistoria em cela"},"content":{"rendered":"<p> <script async src=\"https:\/\/pagead2.googlesyndication.com\/pagead\/js\/adsbygoogle.js?client=ca-pub-8864793242727901\"\r\n     crossorigin=\"anonymous\"><\/script><br \/>\n<\/p>\n<div id=\"taboola-read-more\" style=\"display:block; width:100%\">\n<p>A ex-deputada federal e cantora Flordelis foi transferida para a solit\u00e1ria e teve todos os seus benef\u00edcios suspensos ap\u00f3s agentes da Penitenci\u00e1ria Talavera Bruce, em Bangu, Zona Oeste do Rio de Janeiro, encontrarem um celular em sua cela. As outras tr\u00eas detentas que dividiam o espa\u00e7o com ela receberam a mesma puni\u00e7\u00e3o.\n<\/p>\n<p>Entre os benef\u00edcios que elas perderam est\u00e3o visitas \u00edntimas e aulas de croch\u00ea, segundo informa\u00e7\u00f5es divulgadas pela coluna Segredos do crime, do jornal O Globo. O celular apreedido foi levado \u00e0 34\u00aa DP (Bangu) para an\u00e1lise, e a Secretaria de Administra\u00e7\u00e3o Penitenci\u00e1ria (Seap) abriu uma investiga\u00e7\u00e3o sobre o caso.<\/p>\n<p>As outras detentas que dividiam a cela com a cantora s\u00e3o Fernanda Silva de Almeida \u2013 mais conhecida como Fernanda Bumbum -, Alessandra Belmonte S\u00e1 e Ana Carolina Fonseca Tavares da Silva. Flordelis nega ter usado o aparelho, enquanto Ana Carolina admitiu ser a dona do celular. Contudo, ele foi encontrado embaixo da cama de Alessandra.\n<\/p>\n<p>Fernanda Silva est\u00e1 presa por ter sido condenada a 28 anos de pris\u00e3o \u2013 20 em regime fechado e oito em semiaberto \u2013 pelo assassinato de Marcilene Soares Gama. As duas eram rivais e disputavam a lideran\u00e7a do mercado ilegal da est\u00e9tica, em um conflito que chegou a ser apelidado de \u201cguerra do silicone\u201d.\n<\/p>\n<p>Alessandra Belmonte, por sua vez, foi condenada a 120 anos de pris\u00e3o pelo crime de estelionato por integrar uma organiza\u00e7\u00e3o criminosa chamada \u201cm\u00e1fia dos t\u00edtulos\u201d, que dava golpes usando t\u00edtulos de empresas falidas ou que deixaram de existir. Ana Carolina, por sua vez, foi sentenciada a 21 anos e quatro meses de pris\u00e3o por tortura. J\u00e1 Flordelis foi condenada a 50 anos de pris\u00e3o pelo homic\u00eddio de seu marido, o pastor Anderson do Carmo.\n<\/p>\n<div id=\"r89-mobile-rectangle-infinite-article-1-wrapper\">\n<div>\n<p>De acordo com a colunista F\u00e1bia Oliveira, do portal Metr\u00f3poles, Flordelis teve que ser levada a uma Unidade de Pronto Atendimento (UPA) do Complexo penitenci\u00e1rio de Bangu ap\u00f3s a puni\u00e7\u00e3o. Ela estava com press\u00e3o alta, foi medicada e passou a noite internada em observa\u00e7\u00e3o. Ap\u00f3s exames realizados nesta sexta-feira (7), ela voltou para o pres\u00eddio.<\/p>\n<p>Pleno News\u00a0\n<\/p>\n<\/div>\n<\/div><\/div>\n<p><br \/>\n<br \/><a href=\"https:\/\/diariodobrasilnoticias.com.br\/noticia\/flordelis-perde-regalias-e-vai-para-a-solitaria-apos-vistoria-em-cela-6754b7b00d902\">Source link <\/a><\/p>","protected":false},"excerpt":{"rendered":"<p>A ex-deputada federal e cantora Flordelis foi transferida para a solit\u00e1ria e teve todos os seus benef\u00edcios suspensos ap\u00f3s agentes da Penitenci\u00e1ria Talavera Bruce, em Bangu, Zona Oeste do Rio&hellip;<\/p>","protected":false},"author":1,"featured_media":72611,"comment_status":"closed","ping_status":"open","sticky":false,"template":"","format":"standard","meta":{"content-type":"","footnotes":""},"categories":[16],"tags":[123,2448,5313,1267],"class_list":["post-72610","post","type-post","status-publish","format-standard","has-post-thumbnail","hentry","category-noticias","tag-brasil","tag-diario","tag-noticia","tag-noticias"],"_links":{"self":[{"href":"https:\/\/tvbrazilusa.com\/pt\/wp-json\/wp\/v2\/posts\/72610","targetHints":{"allow":["GET"]}}],"collection":[{"href":"https:\/\/tvbrazilusa.com\/pt\/wp-json\/wp\/v2\/posts"}],"about":[{"href":"https:\/\/tvbrazilusa.com\/pt\/wp-json\/wp\/v2\/types\/post"}],"author":[{"embeddable":true,"href":"https:\/\/tvbrazilusa.com\/pt\/wp-json\/wp\/v2\/users\/1"}],"replies":[{"embeddable":true,"href":"https:\/\/tvbrazilusa.com\/pt\/wp-json\/wp\/v2\/comments?post=72610"}],"version-history":[{"count":1,"href":"https:\/\/tvbrazilusa.com\/pt\/wp-json\/wp\/v2\/posts\/72610\/revisions"}],"predecessor-version":[{"id":72612,"href":"https:\/\/tvbrazilusa.com\/pt\/wp-json\/wp\/v2\/posts\/72610\/revisions\/72612"}],"wp:featuredmedia":[{"embeddable":true,"href":"https:\/\/tvbrazilusa.com\/pt\/wp-json\/wp\/v2\/media\/72611"}],"wp:attachment":[{"href":"https:\/\/tvbrazilusa.com\/pt\/wp-json\/wp\/v2\/media?parent=72610"}],"wp:term":[{"taxonomy":"category","embeddable":true,"href":"https:\/\/tvbrazilusa.com\/pt\/wp-json\/wp\/v2\/categories?post=72610"},{"taxonomy":"post_tag","embeddable":true,"href":"https:\/\/tvbrazilusa.com\/pt\/wp-json\/wp\/v2\/tags?post=72610"}],"curies":[{"name":"wp","href":"https:\/\/api.w.org\/{rel}","templated":true}]}}