{"id":72657,"date":"2024-12-07T23:14:19","date_gmt":"2024-12-07T23:14:19","guid":{"rendered":"https:\/\/tvbrazilusa.com\/2024\/12\/07\/de-novo-anitta-posta-foto-nua-em-natal-antes-de-puxar-bloco-no-carnatal\/"},"modified":"2024-12-07T23:14:20","modified_gmt":"2024-12-07T23:14:20","slug":"de-novo-anitta-posta-foto-nua-em-natal-antes-de-puxar-bloco-no-carnatal","status":"publish","type":"post","link":"https:\/\/tvbrazilusa.com\/pt\/2024\/12\/07\/de-novo-anitta-posta-foto-nua-em-natal-antes-de-puxar-bloco-no-carnatal\/","title":{"rendered":"DE NOVO: Anitta posta foto nua em Natal antes de puxar bloco no Carnatal"},"content":{"rendered":"<p> <script async src=\"https:\/\/pagead2.googlesyndication.com\/pagead\/js\/adsbygoogle.js?client=ca-pub-8864793242727901\"\r\n     crossorigin=\"anonymous\"><\/script><br \/>\n<\/p>\n<div data-block-type=\"unstyled\" data-block-weight=\"18\" data-block-id=\"4\">\n<p class=\"content-text__container\" data-track-category=\"Link no Texto\" data-track-links=\"\" data-mrf-recirculation=\"Artigo - Links Texto\">A cantora chegou de jatinho ao Aeroporto de Natal e fotos com um grupo de f\u00e3s que a aguardava.\n<\/p>\n<p class=\"content-text__container\" data-track-category=\"Link no Texto\" data-track-links=\"\" data-mrf-recirculation=\"Artigo - Links Texto\">Veja as atra\u00e7\u00f5es deste s\u00e1bado (7)\n<\/p>\n<div id=\"chunk-47l8g\">\n<div class=\"mc-column content-text active-extra-styles\" data-block-type=\"raw\" data-block-weight=\"22\" data-block-id=\"11\">\n<ul class=\"content-unordered-list\">\n<li>18h \u2013 Vem com o Gigante \u2013 Leo Santana<\/li>\n<li>18h30 \u2013 Vumbora \u2013 Bell Marques<\/li>\n<li>19h \u2013 Bloco da Anitta \u2013 Anitta<\/li>\n<\/ul>\n<\/div>\n<\/div>\n<div id=\"chunk-c7ca0\">\n<div class=\"mc-column content-text active-extra-styles\" data-block-type=\"raw\" data-block-weight=\"6\" data-block-id=\"13\">\n<ul class=\"content-unordered-list\">\n<li>Xand Avi\u00e3o<\/li>\n<li>Rafa e Pipo<\/li>\n<li>Nattan<\/li>\n<\/ul>\n<\/div>\n<\/div>\n<div id=\"chunk-7t4ra\">\n<div class=\"mc-column content-text active-extra-styles\" data-block-type=\"unstyled\" data-block-weight=\"7\" data-block-id=\"15\">\n<p class=\"content-text__container\" data-track-category=\"Link no Texto\" data-track-links=\"\" data-mrf-recirculation=\"Artigo - Links Texto\">Ricardo Chaves (com participa\u00e7\u00e3o de Sergynho Pimenta)<\/p>\n<p class=\"content-text__container\" data-track-category=\"Link no Texto\" data-track-links=\"\" data-mrf-recirculation=\"Artigo - Links Texto\">com Informa\u00e7\u00f5es Blog do BG\u00a0\n<\/p>\n<\/div>\n<\/div>\n<\/div>\n<p><br \/>\n<br \/><a href=\"https:\/\/diariodobrasilnoticias.com.br\/noticia\/de-novo-anitta-posta-foto-nua-em-natal-antes-de-puxar-bloco-no-carnatal-6754ca07a2d9e\">Source link <\/a><\/p>","protected":false},"excerpt":{"rendered":"<p>A cantora chegou de jatinho ao Aeroporto de Natal e fotos com um grupo de f\u00e3s que a aguardava. Veja as atra\u00e7\u00f5es deste s\u00e1bado (7) 18h \u2013 Vem com o&hellip;<\/p>","protected":false},"author":1,"featured_media":72658,"comment_status":"closed","ping_status":"open","sticky":false,"template":"","format":"standard","meta":{"content-type":"","footnotes":""},"categories":[16],"tags":[123,2448,5313,1267],"class_list":["post-72657","post","type-post","status-publish","format-standard","has-post-thumbnail","hentry","category-noticias","tag-brasil","tag-diario","tag-noticia","tag-noticias"],"_links":{"self":[{"href":"https:\/\/tvbrazilusa.com\/pt\/wp-json\/wp\/v2\/posts\/72657","targetHints":{"allow":["GET"]}}],"collection":[{"href":"https:\/\/tvbrazilusa.com\/pt\/wp-json\/wp\/v2\/posts"}],"about":[{"href":"https:\/\/tvbrazilusa.com\/pt\/wp-json\/wp\/v2\/types\/post"}],"author":[{"embeddable":true,"href":"https:\/\/tvbrazilusa.com\/pt\/wp-json\/wp\/v2\/users\/1"}],"replies":[{"embeddable":true,"href":"https:\/\/tvbrazilusa.com\/pt\/wp-json\/wp\/v2\/comments?post=72657"}],"version-history":[{"count":1,"href":"https:\/\/tvbrazilusa.com\/pt\/wp-json\/wp\/v2\/posts\/72657\/revisions"}],"predecessor-version":[{"id":72659,"href":"https:\/\/tvbrazilusa.com\/pt\/wp-json\/wp\/v2\/posts\/72657\/revisions\/72659"}],"wp:featuredmedia":[{"embeddable":true,"href":"https:\/\/tvbrazilusa.com\/pt\/wp-json\/wp\/v2\/media\/72658"}],"wp:attachment":[{"href":"https:\/\/tvbrazilusa.com\/pt\/wp-json\/wp\/v2\/media?parent=72657"}],"wp:term":[{"taxonomy":"category","embeddable":true,"href":"https:\/\/tvbrazilusa.com\/pt\/wp-json\/wp\/v2\/categories?post=72657"},{"taxonomy":"post_tag","embeddable":true,"href":"https:\/\/tvbrazilusa.com\/pt\/wp-json\/wp\/v2\/tags?post=72657"}],"curies":[{"name":"wp","href":"https:\/\/api.w.org\/{rel}","templated":true}]}}