{"id":7266,"date":"2024-07-24T10:39:22","date_gmt":"2024-07-24T10:39:22","guid":{"rendered":"https:\/\/tvbrazilusa.com\/2024\/07\/24\/apos-saida-do-palmeiras-endrick-ira-estrear-como-titular-no-real-madrid\/"},"modified":"2024-07-24T10:40:07","modified_gmt":"2024-07-24T10:40:07","slug":"apos-saida-do-palmeiras-endrick-ira-estrear-como-titular-no-real-madrid","status":"publish","type":"post","link":"https:\/\/tvbrazilusa.com\/pt\/2024\/07\/24\/apos-saida-do-palmeiras-endrick-ira-estrear-como-titular-no-real-madrid\/","title":{"rendered":"Ap\u00f3s sa\u00edda do Palmeiras, Endrick ir\u00e1 estrear como titular no Real Madrid"},"content":{"rendered":"<p> <script async src=\"https:\/\/pagead2.googlesyndication.com\/pagead\/js\/adsbygoogle.js?client=ca-pub-8864793242727901\"\r\n     crossorigin=\"anonymous\"><\/script><br \/>\n<\/p>\n<div>\n<p>O Real Madrid, campe\u00e3o vigente da Champions League, est\u00e1 organizando sua pr\u00e9-temporada com grandes expectativas. A nova contrata\u00e7\u00e3o, Endrick, que se destacou no Palmeiras, \u00e9 um dos focos principais das aten\u00e7\u00f5es. Este jovem talento brasileiro se prepara para jogar seu primeiro jogo pelo clube em um amistoso contra o Milan no final de julho.<\/p>\n<p>Endrick, que completou 18 anos recentemente, \u00e9 visto como uma das promessas mais brilhantes do futebol mundial. A torcida e a imprensa est\u00e3o curiosas para ver como o jovem se sair\u00e1 vestindo a camisa do gigante espanhol, especialmente ap\u00f3s suas atua\u00e7\u00f5es impressionantes no Brasil.<\/p>\n<figure class=\"wp-block-image size-full\"><picture decoding=\"async\" class=\"wp-image-160521\"><source type=\"image\/webp\" srcset=\"https:\/\/terrabrasilnoticias.com\/wp-content\/uploads\/2024\/07\/image-733.png.webp 888w, https:\/\/terrabrasilnoticias.com\/wp-content\/uploads\/2024\/07\/image-733-300x169.png.webp 300w, https:\/\/terrabrasilnoticias.com\/wp-content\/uploads\/2024\/07\/image-733-768x432.png.webp 768w, https:\/\/terrabrasilnoticias.com\/wp-content\/uploads\/2024\/07\/image-733-750x421.png.webp 750w\" sizes=\"(max-width: 888px) 100vw, 888px\"\/><\/picture><figcaption class=\"wp-element-caption\">Foto: Fabio Menotti\/Palmeiras<\/figcaption><\/figure>\n<h2 class=\"wp-block-heading\">Como ser\u00e1 a forma\u00e7\u00e3o do Real Madrid para o amistoso contra o Milan?<\/h2>\n<p>Sob o comando de Carlo Ancelotti, espera-se que Endrick fa\u00e7a sua estreia como titular. Ele atuar\u00e1 ao lado de Arda G\u00fcler e Brahim, formando um novo trio ofensivo para o Real Madrid. Essa forma\u00e7\u00e3o \u00e9 bastante antecipada por f\u00e3s e analistas, que est\u00e3o ansiosos para ver como esses talentos ir\u00e3o se sincronizar no campo.<\/p>\n<h2 class=\"wp-block-heading\">Qual ser\u00e1 o impacto de Endrick no Real Madrid?<\/h2>\n<p>A chegada de Endrick ao Real Madrid traz um misto de excita\u00e7\u00e3o e expectativas. Sua habilidade de adapta\u00e7\u00e3o ao estilo de jogo europeu e a qu\u00edmica com os novos companheiros de equipe ser\u00e3o cruciais. Al\u00e9m disso, a juventude e energia de Endrick podem trazer uma nova din\u00e2mica ao ataque do Real Madrid, potencialmente elevando o n\u00edvel da equipe em competi\u00e7\u00f5es internacionais.<\/p>\n<h2 class=\"wp-block-heading\">O que esperar do amistoso entre Real Madrid e Milan?<\/h2>\n<p>O amistoso contra o Milan n\u00e3o \u00e9 s\u00f3 uma oportunidade para Endrick brilhar, mas tamb\u00e9m um teste essencial para as novas estrat\u00e9gias de Ancelotti. Com v\u00e1rios jogadores chave ainda de fora devido a compromissos internacionais, o jogo oferece uma chance para os novos talentos provarem seu valor.<\/p>\n<p>Al\u00e9m de assistir \u00e0 estreia de Endrick, o amistoso servir\u00e1 como uma pr\u00e9via do que esperar do Real Madrid na pr\u00f3xima temporada. Todos os olhos estar\u00e3o voltados para o desempenho da equipe, especialmente na intera\u00e7\u00e3o entre os jogadores veteranos e novatos.<\/p>\n<\/p><\/div>\n<p><br \/>\n<br \/><a href=\"https:\/\/terrabrasilnoticias.com\/2024\/07\/apos-saida-do-palmeiras-endrick-ira-estrear-como-titular-no-real-madrid\/\">Source link <\/a><\/p>","protected":false},"excerpt":{"rendered":"<p>O Real Madrid, campe\u00e3o vigente da Champions League, est\u00e1 organizando sua pr\u00e9-temporada com grandes expectativas. A nova contrata\u00e7\u00e3o, Endrick, que se destacou no Palmeiras, \u00e9 um dos focos principais das&hellip;<\/p>","protected":false},"author":1,"featured_media":7267,"comment_status":"closed","ping_status":"open","sticky":false,"template":"","format":"standard","meta":{"content-type":"","footnotes":""},"categories":[16],"tags":[],"class_list":["post-7266","post","type-post","status-publish","format-standard","has-post-thumbnail","hentry","category-noticias"],"_links":{"self":[{"href":"https:\/\/tvbrazilusa.com\/pt\/wp-json\/wp\/v2\/posts\/7266","targetHints":{"allow":["GET"]}}],"collection":[{"href":"https:\/\/tvbrazilusa.com\/pt\/wp-json\/wp\/v2\/posts"}],"about":[{"href":"https:\/\/tvbrazilusa.com\/pt\/wp-json\/wp\/v2\/types\/post"}],"author":[{"embeddable":true,"href":"https:\/\/tvbrazilusa.com\/pt\/wp-json\/wp\/v2\/users\/1"}],"replies":[{"embeddable":true,"href":"https:\/\/tvbrazilusa.com\/pt\/wp-json\/wp\/v2\/comments?post=7266"}],"version-history":[{"count":1,"href":"https:\/\/tvbrazilusa.com\/pt\/wp-json\/wp\/v2\/posts\/7266\/revisions"}],"predecessor-version":[{"id":7268,"href":"https:\/\/tvbrazilusa.com\/pt\/wp-json\/wp\/v2\/posts\/7266\/revisions\/7268"}],"wp:featuredmedia":[{"embeddable":true,"href":"https:\/\/tvbrazilusa.com\/pt\/wp-json\/wp\/v2\/media\/7267"}],"wp:attachment":[{"href":"https:\/\/tvbrazilusa.com\/pt\/wp-json\/wp\/v2\/media?parent=7266"}],"wp:term":[{"taxonomy":"category","embeddable":true,"href":"https:\/\/tvbrazilusa.com\/pt\/wp-json\/wp\/v2\/categories?post=7266"},{"taxonomy":"post_tag","embeddable":true,"href":"https:\/\/tvbrazilusa.com\/pt\/wp-json\/wp\/v2\/tags?post=7266"}],"curies":[{"name":"wp","href":"https:\/\/api.w.org\/{rel}","templated":true}]}}