{"id":72663,"date":"2024-12-07T23:26:44","date_gmt":"2024-12-07T23:26:44","guid":{"rendered":"https:\/\/tvbrazilusa.com\/2024\/12\/07\/mulher-que-gravou-passageira-em-aviao-foi-candidata-e-denunciada-pelo-mpe\/"},"modified":"2024-12-07T23:26:45","modified_gmt":"2024-12-07T23:26:45","slug":"mulher-que-gravou-passageira-em-aviao-foi-candidata-e-denunciada-pelo-mpe","status":"publish","type":"post","link":"https:\/\/tvbrazilusa.com\/pt\/2024\/12\/07\/mulher-que-gravou-passageira-em-aviao-foi-candidata-e-denunciada-pelo-mpe\/","title":{"rendered":"Mulher que gravou passageira em avi\u00e3o foi candidata e denunciada pelo MPE"},"content":{"rendered":"<p> <script async src=\"https:\/\/pagead2.googlesyndication.com\/pagead\/js\/adsbygoogle.js?client=ca-pub-8864793242727901\"\r\n     crossorigin=\"anonymous\"><\/script><br \/>\n<\/p>\n<div>\n<div class=\"ConteudoNoticiaWrapper__Artigo-sc-19fsm27-1 iZYHrO\">\n<blockquote>\n<p>Em julho de 2021, a mulher foi denunciada pelo MPE por apresentar documentos falsificados durante a presta\u00e7\u00e3o de contas da campanha dela de 2018. A \u00edntegra do processo foi obtida pela coluna.\n<\/p>\n<\/blockquote>\n<\/div>\n<p>Segundo o MPE, a candidata teria falsificado a assinatura da irm\u00e3 e do marido nos contratos e nos recibos entregues \u00e0 Justi\u00e7a Eleitoral para comprova\u00e7\u00e3o de gastos. Os familiares supostamente trabalharam na campanha dela e ganharam R$ 2 mil cada, segundo dados do Tribunal Superior Eleitoral (TSE).\n<\/p>\n<p>Eluciana admitiu ter assinado os documentos em nome dos parentes, mas esclareceu que o fez sem dolo, sem intuito de violar a f\u00e9 p\u00fablica.\n<\/p>\n<p>\u00a0<\/p>\n<p>O juiz da 29\u00aa Zona Eleitoral de Belo Horizonte, Marcelo Gon\u00e7alves de Paula, acatou o argumento da defesa e decidiu, em mar\u00e7o de 2022, pela absolvi\u00e7\u00e3o de Eluciana do crime de falsidade ideol\u00f3gica.\n<\/p>\n<h4>Quem \u00e9 a mulher que filmou passageira em avi\u00e3o<\/h4>\n<p>Eluciana Iris Almeida Cardoso tem 54 anos, mora em Belo Horizonte e j\u00e1 foi candidata a vereadora e a deputada estadual por Minas Gerais. \u00c9 advogada, nutricionista cl\u00ednica e escritora produtora cultural.\n<\/p>\n<p>\u00a0<\/p>\n<p>Eluciana n\u00e3o \u00e9 a m\u00e3e da crian\u00e7a que estava dando birra no avi\u00e3o, no caso que ganhou notoriedade nesta semana. Ela filmou\u00a0<a href=\"https:\/\/www.metropoles.com\/celebridades\/mulher-que-nao-cedeu-assento-a-crianca-em-aviao-fica-famosa-na-web\" target=\"_blank\" rel=\"noopener noreferrer\">Jennifer Castro<\/a>\u00a0durante um voo da Gol e, no v\u00eddeo, perguntou se a passageira \u201ctem algum problema\u201d.\n<\/p>\n<blockquote>\n<p>\u201cEstou gravando a sua cara porque voc\u00ea n\u00e3o tem empatia com as pessoas. Isso \u00e9 repugnante\u201d, disse. As imagens foram publicadas nas redes sociais pela filha de Eluciana.\n<\/p>\n<p>\u00a0<\/p>\n<\/blockquote>\n<\/div>\n<p>A m\u00e3e da crian\u00e7a n\u00e3o aparece nas imagens, mas, segundo Jeniffer, ela tamb\u00e9m a agrediu verbalmente.\n<\/p>\n<p><br \/>\n<br \/><a href=\"https:\/\/diariodobrasilnoticias.com.br\/noticia\/mulher-que-gravou-passageira-em-aviao-foi-candidata-e-denunciada-pelo-mpe-6754b57eb1b6d\">Source link <\/a><\/p>","protected":false},"excerpt":{"rendered":"<p>Em julho de 2021, a mulher foi denunciada pelo MPE por apresentar documentos falsificados durante a presta\u00e7\u00e3o de contas da campanha dela de 2018. A \u00edntegra do processo foi obtida&hellip;<\/p>","protected":false},"author":1,"featured_media":72664,"comment_status":"closed","ping_status":"open","sticky":false,"template":"","format":"standard","meta":{"content-type":"","footnotes":""},"categories":[16],"tags":[123,2448,5313,1267],"class_list":["post-72663","post","type-post","status-publish","format-standard","has-post-thumbnail","hentry","category-noticias","tag-brasil","tag-diario","tag-noticia","tag-noticias"],"_links":{"self":[{"href":"https:\/\/tvbrazilusa.com\/pt\/wp-json\/wp\/v2\/posts\/72663","targetHints":{"allow":["GET"]}}],"collection":[{"href":"https:\/\/tvbrazilusa.com\/pt\/wp-json\/wp\/v2\/posts"}],"about":[{"href":"https:\/\/tvbrazilusa.com\/pt\/wp-json\/wp\/v2\/types\/post"}],"author":[{"embeddable":true,"href":"https:\/\/tvbrazilusa.com\/pt\/wp-json\/wp\/v2\/users\/1"}],"replies":[{"embeddable":true,"href":"https:\/\/tvbrazilusa.com\/pt\/wp-json\/wp\/v2\/comments?post=72663"}],"version-history":[{"count":1,"href":"https:\/\/tvbrazilusa.com\/pt\/wp-json\/wp\/v2\/posts\/72663\/revisions"}],"predecessor-version":[{"id":72665,"href":"https:\/\/tvbrazilusa.com\/pt\/wp-json\/wp\/v2\/posts\/72663\/revisions\/72665"}],"wp:featuredmedia":[{"embeddable":true,"href":"https:\/\/tvbrazilusa.com\/pt\/wp-json\/wp\/v2\/media\/72664"}],"wp:attachment":[{"href":"https:\/\/tvbrazilusa.com\/pt\/wp-json\/wp\/v2\/media?parent=72663"}],"wp:term":[{"taxonomy":"category","embeddable":true,"href":"https:\/\/tvbrazilusa.com\/pt\/wp-json\/wp\/v2\/categories?post=72663"},{"taxonomy":"post_tag","embeddable":true,"href":"https:\/\/tvbrazilusa.com\/pt\/wp-json\/wp\/v2\/tags?post=72663"}],"curies":[{"name":"wp","href":"https:\/\/api.w.org\/{rel}","templated":true}]}}