{"id":72669,"date":"2024-12-07T23:44:27","date_gmt":"2024-12-07T23:44:27","guid":{"rendered":"https:\/\/tvbrazilusa.com\/2024\/12\/07\/pastor-e-denunciado-ao-mp-apos-video-orando-por-menina-de-13-anos-em-culto-vai-casar-com-homem-vai-ter-filhos\/"},"modified":"2024-12-07T23:44:29","modified_gmt":"2024-12-07T23:44:29","slug":"pastor-e-denunciado-ao-mp-apos-video-orando-por-menina-de-13-anos-em-culto-vai-casar-com-homem-vai-ter-filhos","status":"publish","type":"post","link":"https:\/\/tvbrazilusa.com\/pt\/2024\/12\/07\/pastor-e-denunciado-ao-mp-apos-video-orando-por-menina-de-13-anos-em-culto-vai-casar-com-homem-vai-ter-filhos\/","title":{"rendered":"Pastor \u00e9 denunciado ao MP ap\u00f3s v\u00eddeo &#8216;orando&#8217; por menina de 13 anos em culto: &#8216;Vai casar com homem, vai ter filhos"},"content":{"rendered":"<p> <script async src=\"https:\/\/pagead2.googlesyndication.com\/pagead\/js\/adsbygoogle.js?client=ca-pub-8864793242727901\"\r\n     crossorigin=\"anonymous\"><\/script><br \/>\n<br \/>Pastor \u00e9 denunciado ao MP ap\u00f3s v\u00eddeo &#8216;orando&#8217; por menina de 13 anos em culto: &#8216;Vai casar com homem, vai ter filhos<br \/>\n<br \/><br \/>\n<br \/><a href=\"https:\/\/diariodobrasilnoticias.com.br\/noticia\/pastor-e-denunciado-ao-mp-apos-video-orando-por-menina-de-13-anos-em-culto-vai-casar-com-homem-vai-ter-filhos-6754b707e3b7d\">Source link <\/a><\/p>","protected":false},"excerpt":{"rendered":"<p>Pastor \u00e9 denunciado ao MP ap\u00f3s v\u00eddeo &#8216;orando&#8217; por menina de 13 anos em culto: &#8216;Vai casar com homem, vai ter filhos Source link<\/p>","protected":false},"author":1,"featured_media":72670,"comment_status":"closed","ping_status":"open","sticky":false,"template":"","format":"standard","meta":{"content-type":"","footnotes":""},"categories":[16],"tags":[123,2448,5313,1267],"class_list":["post-72669","post","type-post","status-publish","format-standard","has-post-thumbnail","hentry","category-noticias","tag-brasil","tag-diario","tag-noticia","tag-noticias"],"_links":{"self":[{"href":"https:\/\/tvbrazilusa.com\/pt\/wp-json\/wp\/v2\/posts\/72669","targetHints":{"allow":["GET"]}}],"collection":[{"href":"https:\/\/tvbrazilusa.com\/pt\/wp-json\/wp\/v2\/posts"}],"about":[{"href":"https:\/\/tvbrazilusa.com\/pt\/wp-json\/wp\/v2\/types\/post"}],"author":[{"embeddable":true,"href":"https:\/\/tvbrazilusa.com\/pt\/wp-json\/wp\/v2\/users\/1"}],"replies":[{"embeddable":true,"href":"https:\/\/tvbrazilusa.com\/pt\/wp-json\/wp\/v2\/comments?post=72669"}],"version-history":[{"count":1,"href":"https:\/\/tvbrazilusa.com\/pt\/wp-json\/wp\/v2\/posts\/72669\/revisions"}],"predecessor-version":[{"id":72671,"href":"https:\/\/tvbrazilusa.com\/pt\/wp-json\/wp\/v2\/posts\/72669\/revisions\/72671"}],"wp:featuredmedia":[{"embeddable":true,"href":"https:\/\/tvbrazilusa.com\/pt\/wp-json\/wp\/v2\/media\/72670"}],"wp:attachment":[{"href":"https:\/\/tvbrazilusa.com\/pt\/wp-json\/wp\/v2\/media?parent=72669"}],"wp:term":[{"taxonomy":"category","embeddable":true,"href":"https:\/\/tvbrazilusa.com\/pt\/wp-json\/wp\/v2\/categories?post=72669"},{"taxonomy":"post_tag","embeddable":true,"href":"https:\/\/tvbrazilusa.com\/pt\/wp-json\/wp\/v2\/tags?post=72669"}],"curies":[{"name":"wp","href":"https:\/\/api.w.org\/{rel}","templated":true}]}}