{"id":72680,"date":"2024-12-07T23:56:19","date_gmt":"2024-12-07T23:56:19","guid":{"rendered":"https:\/\/tvbrazilusa.com\/2024\/12\/07\/agora-justica-condena-pais-que-nao-vacinaram-os-filhos-contra-covid-multas-chegam-a-r-84-mil\/"},"modified":"2024-12-07T23:56:20","modified_gmt":"2024-12-07T23:56:20","slug":"agora-justica-condena-pais-que-nao-vacinaram-os-filhos-contra-covid-multas-chegam-a-r-84-mil","status":"publish","type":"post","link":"https:\/\/tvbrazilusa.com\/pt\/2024\/12\/07\/agora-justica-condena-pais-que-nao-vacinaram-os-filhos-contra-covid-multas-chegam-a-r-84-mil\/","title":{"rendered":"AGORA: Justi\u00e7a condena pais que n\u00e3o vacinaram os filhos contra Covid; multas chegam a R$ 8,4 mil"},"content":{"rendered":"<p> <script async src=\"https:\/\/pagead2.googlesyndication.com\/pagead\/js\/adsbygoogle.js?client=ca-pub-8864793242727901\"\r\n     crossorigin=\"anonymous\"><\/script><br \/>\n<\/p>\n<div id=\"taboola-read-more\" style=\"display:block; width:100%\">\n<p>A Justi\u00e7a de Santa Catarina condenou pais que recusaram vacinar os filhos contra Covid-19.\n<\/p>\n<p>Foram tr\u00eas casos de condena\u00e7\u00e3o na cidade de Schroeder, a cerca de 300 quil\u00f4metros de Florian\u00f3polis, capital do estado<\/p>\n<p>Em um dos casos, foi aplicada a multa de R$ 4.236,00, equivalente a tr\u00eas sal\u00e1rios m\u00ednimos. Em outros dois, o valor foi de R$ 8.472, quantia referente a seis sal\u00e1rios m\u00ednimos.\n<\/p>\n<p>As condena\u00e7\u00f5es foram divulgadas na\u00a0sexta-feira (6) pela Justi\u00e7a catarinense.\n<\/p>\n<p>Os pais n\u00e3o apresentaram justificativa m\u00e9dica para n\u00e3o vacinar os filhos. O Minist\u00e9rio P\u00fablico e o Conselho Tutelar tentaram convencer os respons\u00e1veis a vacinar as crian\u00e7as, mas n\u00e3o obtiveram sucesso.\n<\/p>\n<p>A vacina\u00e7\u00e3o contra Covid-19 \u00e9 obrigat\u00f3ria por estar inclu\u00edda no Programa Nacional de Imuniza\u00e7\u00f5es. A recusa dos pais foi vista pela Justi\u00e7a como negligencia a sa\u00fade dos dos menores de idade.\n<\/p>\n<p>A promotora Ana Paula Destri Pavan argumentou que \u201ca recusa dos pais em vacinar crian\u00e7as configura uma viola\u00e7\u00e3o dos direitos fundamentais \u00e0 sa\u00fade e \u00e0 vida\u201d.\n<\/p>\n<p>O valor arrecadado com as multas ser\u00e1 revertido ao Fundo Municipal dos Direitos da Crian\u00e7a e do Adolescente de Schroeder.<\/p>\n<p>Com informa\u00e7\u00f5es Blog do BG\u00a0              <\/p>\n<\/div>\n<p><br \/>\n<br \/><a href=\"https:\/\/diariodobrasilnoticias.com.br\/noticia\/agora-justica-condena-pais-que-nao-vacinaram-os-filhos-contra-covid-multas-chegam-a-r-8-4-mil-6754d85d70313\">Source link <\/a><\/p>","protected":false},"excerpt":{"rendered":"<p>A Justi\u00e7a de Santa Catarina condenou pais que recusaram vacinar os filhos contra Covid-19. Foram tr\u00eas casos de condena\u00e7\u00e3o na cidade de Schroeder, a cerca de 300 quil\u00f4metros de Florian\u00f3polis,&hellip;<\/p>","protected":false},"author":1,"featured_media":72681,"comment_status":"closed","ping_status":"open","sticky":false,"template":"","format":"standard","meta":{"content-type":"","footnotes":""},"categories":[16],"tags":[123,2448,5313,1267],"class_list":["post-72680","post","type-post","status-publish","format-standard","has-post-thumbnail","hentry","category-noticias","tag-brasil","tag-diario","tag-noticia","tag-noticias"],"_links":{"self":[{"href":"https:\/\/tvbrazilusa.com\/pt\/wp-json\/wp\/v2\/posts\/72680","targetHints":{"allow":["GET"]}}],"collection":[{"href":"https:\/\/tvbrazilusa.com\/pt\/wp-json\/wp\/v2\/posts"}],"about":[{"href":"https:\/\/tvbrazilusa.com\/pt\/wp-json\/wp\/v2\/types\/post"}],"author":[{"embeddable":true,"href":"https:\/\/tvbrazilusa.com\/pt\/wp-json\/wp\/v2\/users\/1"}],"replies":[{"embeddable":true,"href":"https:\/\/tvbrazilusa.com\/pt\/wp-json\/wp\/v2\/comments?post=72680"}],"version-history":[{"count":1,"href":"https:\/\/tvbrazilusa.com\/pt\/wp-json\/wp\/v2\/posts\/72680\/revisions"}],"predecessor-version":[{"id":72682,"href":"https:\/\/tvbrazilusa.com\/pt\/wp-json\/wp\/v2\/posts\/72680\/revisions\/72682"}],"wp:featuredmedia":[{"embeddable":true,"href":"https:\/\/tvbrazilusa.com\/pt\/wp-json\/wp\/v2\/media\/72681"}],"wp:attachment":[{"href":"https:\/\/tvbrazilusa.com\/pt\/wp-json\/wp\/v2\/media?parent=72680"}],"wp:term":[{"taxonomy":"category","embeddable":true,"href":"https:\/\/tvbrazilusa.com\/pt\/wp-json\/wp\/v2\/categories?post=72680"},{"taxonomy":"post_tag","embeddable":true,"href":"https:\/\/tvbrazilusa.com\/pt\/wp-json\/wp\/v2\/tags?post=72680"}],"curies":[{"name":"wp","href":"https:\/\/api.w.org\/{rel}","templated":true}]}}