{"id":72713,"date":"2024-12-08T01:47:12","date_gmt":"2024-12-08T01:47:12","guid":{"rendered":"https:\/\/tvbrazilusa.com\/2024\/12\/08\/assistir-marcus-smart-e-aplaudido-de-pe-em-seu-primeiro-jogo-no-td-garden\/"},"modified":"2024-12-08T02:01:48","modified_gmt":"2024-12-08T02:01:48","slug":"assistir-marcus-smart-e-aplaudido-de-pe-em-seu-primeiro-jogo-no-td-garden","status":"publish","type":"post","link":"https:\/\/tvbrazilusa.com\/pt\/2024\/12\/08\/assistir-marcus-smart-e-aplaudido-de-pe-em-seu-primeiro-jogo-no-td-garden\/","title":{"rendered":"Assistir: Marcus Smart \u00e9 aplaudido de p\u00e9 em seu primeiro jogo no TD Garden"},"content":{"rendered":"<p> <script async src=\"https:\/\/pagead2.googlesyndication.com\/pagead\/js\/adsbygoogle.js?client=ca-pub-8864793242727901\"\r\n     crossorigin=\"anonymous\"><\/script><br \/>\n<\/p>\n<div id=\"\">\n<header class=\"m-article-header m-article-header--standard\">\n\t\t\t\t\t\t\t\t\t\t\t\t<span id=\"article-header-primary-term\"><br \/>\n\t\t\t\t\t\t\t\t<a class=\"a-term a-term--primary\" href=\"https:\/\/www.boston.com\/tag\/boston-celtics\/\"><\/p>\n<p>\t\t\t\t\t\t\t\tCeltas\t\t\t\t\t\t\t\t<\/a><br \/>\n\t\t\t\t\t\t\t<\/span><\/p>\n<h2 class=\"m-article-header__sub-headline\">Smart voltou a Boston na temporada passada com roupas normais, mas foi ao parquet do TD Garden pela primeira vez como advers\u00e1rio no s\u00e1bado.<\/h2>\n<figure class=\"a-photo m-article-header__photo\"><figcaption class=\"a-photo__caption\">\n<p>\tMarcus Smart foi recebido calorosamente de volta ao TD Garden.<em> (Foto AP\/Mark Stockwell)<\/em>\t<\/figcaption><\/figure>\n<\/header>\n<p>Quando Marcus Smart fez seu retorno emocionante ao TD Garden na temporada passada, pela primeira vez desde que foi negociado com o Memphis Grizzlies, ele estava vestindo roupas normais. <\/p>\n<p>Smart sofreu uma les\u00e3o e n\u00e3o p\u00f4de jogar contra o Boston durante a partida, mas ainda assim recebeu um v\u00eddeo de homenagem memor\u00e1vel antes da competi\u00e7\u00e3o.<\/p>\n<p>Na noite de s\u00e1bado, Smart p\u00f4de entrar no jogo e enfeitar o parquet do TD Garden pela primeira vez como membro de outra equipe. Os f\u00e3s do Celtics fizeram quest\u00e3o de aplaudi-lo de p\u00e9 que ele merecia como favorito dos f\u00e3s em Boston por anos. <\/p>\n<p>Smart respondeu com um aceno de agradecimento \u00e0 multid\u00e3o durante o check-in.<\/p>\n<p>Veja a multid\u00e3o do TD Garden explodir com a entrada de Smart quatro minutos de jogo:<\/p>\n<figure class=\"wp-block-embed is-type-rich is-provider-twitter wp-block-embed-twitter\"\/>\n<p>Smart jogou nove temporadas pelo Celtics e foi fundamental no estabelecimento da identidade defensiva do time. Antes de seu retorno \u00e0 quadra em Boston, Jayson Tatum <a href=\"https:\/\/www.boston.com\/sports\/boston-celtics\/2024\/12\/07\/marcus-smart-celtics-grizzlies-td-garden-return-quotes\/\" target=\"_blank\" rel=\"noreferrer noopener\">chamou Smart de \u201co celta definitivo\u201d.<\/a> O agressivo guarda disputou um campeonato da NBA com o Boston contra o Golden State Warriors em 2022, e tamb\u00e9m ganhou o pr\u00eamio de jogador defensivo do ano nas cores verde e branco. <\/p>\n<p>Smart foi negociado na \u00faltima offseason como a pe\u00e7a-chave que trouxe Kristaps Porzingis a Boston. Porzingis passou a ancorar Boston em seu campeonato em 2023-24. <\/p>\n<p>Apesar de estar em um time diferente h\u00e1 duas temporadas, ainda h\u00e1 muito amor por Smart no ar na Causeway Street. <\/p>\n<div class=\"m-block m-generic-cta\t m-generic-cta--post-content\t m-generic-cta--dark\t m-generic-cta--homepage\t m-generic-cta--email-signup\t\t m-generic-cta-block-style--default \tt-amp__generic-cta\"><\/p>\n<div class=\"m-generic-cta__wrap\">\n<div class=\"m-generic-cta__content\">\n<h3 class=\"m-generic-cta__title\">Inscreva-se para receber atualiza\u00e7\u00f5es do Celtics\ud83c\udfc0<\/h3>\n<p class=\"m-generic-cta__subtitle\">Receba as \u00faltimas not\u00edcias e an\u00e1lises em sua caixa de entrada durante a temporada de basquete.<\/p>\n<\/p><\/div>\n<\/p><\/div>\n<\/div><\/div>\n<p><script>\n\t\tvar consent=\"grant\";\n\t\t\/* The above code is parsing the JSON data from the local storage and storing it in a variable. *\/\n\t\t\t\t\tconst onetrustStorageConsent = JSON.parse(localStorage.getItem( 'consent_one_trust_bdc' ) );\n\t\t\tif ( ( onetrustStorageConsent !== null ) ) {\n\t\t\t\t\/* Checking to see if the user has consented to the use of cookies.\n\t\t\t\t* If they have not, it is deleting the cookie.\n\t\t\t\t* This will comment for now, until further notice.\n\t\t\t\t*\/\n\t\t\t\t\/\/if ( onetrustStorageConsent.C0002 === false ) {\n\t\t\t\t\/\/\tdocument.cookie=\"_fbp=;expires=Thu, 01 Jan 2010 00:00:00 UTC; path=\/; domain=.boston.com\";\n\t\t\t\t\/\/}\n\t\t\t\t\/* Checking if the user has given consent for the cookie C0002.\n\t\t\t\t* If the user has given consent, the variable consent will be set to 'grant'.\n\t\t\t\t* If the user has not given consent,the variable consent will be set to 'revoke'.\n\t\t\t\t* Documentation https:\/\/developers.facebook.com\/docs\/meta-pixel\/implementation\/gdpr\n\t\t\t\t*\/\n\t\t\t\tif ( onetrustStorageConsent.C0002 !== true ) {\n\t\t\t\t\tconsent=\"revoke\";\n\t\t\t\t}\n\t\t\t}\n\t\t\t\t!function(f,b,e,v,n,t,s)\n\t\t{if(f.fbq)return;n=f.fbq=function(){n.callMethod?\n\t\tn.callMethod.apply(n,arguments):n.queue.push(arguments)};\n\t\tif(!f._fbq)f._fbq=n;n.push=n;n.loaded=!0;n.version='2.0';\n\t\tn.queue=[];t=b.createElement(e);t.async=!0;\n\t\tt.src=v;s=b.getElementsByTagName(e)[0];\n\t\ts.parentNode.insertBefore(t,s)}(window, document,'script',\n\t\t'https:\/\/connect.facebook.net\/en_US\/fbevents.js');\n\t\tfbq('consent', consent);\n\t\tfbq('init', '989222871864976');\n\t\tfbq('track', 'PageView');\n\t<\/script><script type=\"module\">\n\t\tvar consent=\"grant\";\n\t\t\/* The above code is parsing the JSON data from the local storage and storing it in a variable. *\/\n\t\t\tconst onetrustStorageConsent = JSON.parse(localStorage.getItem( 'consent_one_trust_bdc' ) );\n\t\t\t\/* Checking to see if the user has consented to the use of cookies.\n\t\t\t* If they have not, it is deleting the cookie.\n\t\t\t* This will comment for now, until further notice.\n\t\t\t*\/\n\t\t\t\/\/if ( onetrustStorageConsent.C0002 === false ) {\n\t\t\t\/\/\tdocument.cookie=\"_fbp=;expires=Thu, 01 Jan 2010 00:00:00 UTC; path=\/; domain=.boston.com\";\n\t\t\t\/\/}\n\t\t\t\/* Checking if the user has given consent for the cookie C0002.\n\t\t\t* If the user has given consent, the variable consent will be set to 'grant'.\n\t\t\t* If the user has not given consent,the variable consent will be set to 'revoke'.\n\t\t\t* Documentation https:\/\/developers.facebook.com\/docs\/meta-pixel\/implementation\/gdpr\n\t\t\t*\/\n\t\t\tif ( ( onetrustStorageConsent !== null ) && (onetrustStorageConsent.C0002 !== true ) ) {\n\t\t\t\tconsent=\"revoke\";\n\t\t\t}\n\t\t\t\t!function(f,b,e,v,n,t,s){if(f.fbq)return;n=f.fbq=function()\n\t\t{n.callMethod? n.callMethod.apply(n,arguments):n.queue.push(arguments)}\n\t\t;if(!f._fbq)f._fbq=n;\n\t\tn.push=n;n.loaded=!0;n.version='2.0';n.queue=[];t=b.createElement(e);t.async=!0;\n\t\tt.src=v;s=b.getElementsByTagName(e)[0];s.parentNode.insertBefore(t,s)}(window,\n\t\tdocument,'script','https:\/\/connect.facebook.net\/en_US\/fbevents.js');\n\t\tfbq('consent', consent);\n\t\tfbq('init', '813236348753005');\n\t\tfbq('track', \"PageView\");\n\t<\/script><br \/>\n<br \/><br \/>\n<br \/><a href=\"https:\/\/www.boston.com\/sports\/boston-celtics\/2024\/12\/07\/nba-celtics-grizzlies-marcus-smart-return-td-garden-standing-ovation\/\">Source link <\/a><\/p>","protected":false},"excerpt":{"rendered":"<p>Celtas Smart voltou a Boston na temporada passada com roupas normais, mas foi ao parquet do TD Garden pela primeira vez como advers\u00e1rio no s\u00e1bado. Marcus Smart foi recebido calorosamente&hellip;<\/p>","protected":false},"author":1,"featured_media":72714,"comment_status":"closed","ping_status":"open","sticky":false,"template":"","format":"standard","meta":{"content-type":"","footnotes":""},"categories":[1],"tags":[],"class_list":["post-72713","post","type-post","status-publish","format-standard","has-post-thumbnail","hentry","category-uncategorized"],"_links":{"self":[{"href":"https:\/\/tvbrazilusa.com\/pt\/wp-json\/wp\/v2\/posts\/72713","targetHints":{"allow":["GET"]}}],"collection":[{"href":"https:\/\/tvbrazilusa.com\/pt\/wp-json\/wp\/v2\/posts"}],"about":[{"href":"https:\/\/tvbrazilusa.com\/pt\/wp-json\/wp\/v2\/types\/post"}],"author":[{"embeddable":true,"href":"https:\/\/tvbrazilusa.com\/pt\/wp-json\/wp\/v2\/users\/1"}],"replies":[{"embeddable":true,"href":"https:\/\/tvbrazilusa.com\/pt\/wp-json\/wp\/v2\/comments?post=72713"}],"version-history":[{"count":1,"href":"https:\/\/tvbrazilusa.com\/pt\/wp-json\/wp\/v2\/posts\/72713\/revisions"}],"predecessor-version":[{"id":72715,"href":"https:\/\/tvbrazilusa.com\/pt\/wp-json\/wp\/v2\/posts\/72713\/revisions\/72715"}],"wp:featuredmedia":[{"embeddable":true,"href":"https:\/\/tvbrazilusa.com\/pt\/wp-json\/wp\/v2\/media\/72714"}],"wp:attachment":[{"href":"https:\/\/tvbrazilusa.com\/pt\/wp-json\/wp\/v2\/media?parent=72713"}],"wp:term":[{"taxonomy":"category","embeddable":true,"href":"https:\/\/tvbrazilusa.com\/pt\/wp-json\/wp\/v2\/categories?post=72713"},{"taxonomy":"post_tag","embeddable":true,"href":"https:\/\/tvbrazilusa.com\/pt\/wp-json\/wp\/v2\/tags?post=72713"}],"curies":[{"name":"wp","href":"https:\/\/api.w.org\/{rel}","templated":true}]}}