{"id":72716,"date":"2024-12-08T02:18:02","date_gmt":"2024-12-08T02:18:02","guid":{"rendered":"https:\/\/tvbrazilusa.com\/2024\/12\/08\/bruins-de-2011-se-reunem-em-jogo-de-ex-alunos-beneficiando-veteranos-militares-e-membros-do-servico-ativo\/"},"modified":"2024-12-08T02:26:12","modified_gmt":"2024-12-08T02:26:12","slug":"bruins-de-2011-se-reunem-em-jogo-de-ex-alunos-beneficiando-veteranos-militares-e-membros-do-servico-ativo","status":"publish","type":"post","link":"https:\/\/tvbrazilusa.com\/pt\/2024\/12\/08\/bruins-de-2011-se-reunem-em-jogo-de-ex-alunos-beneficiando-veteranos-militares-e-membros-do-servico-ativo\/","title":{"rendered":"Bruins de 2011 se re\u00fanem em jogo de ex-alunos beneficiando veteranos militares e membros do servi\u00e7o ativo"},"content":{"rendered":"<p> <script async src=\"https:\/\/pagead2.googlesyndication.com\/pagead\/js\/adsbygoogle.js?client=ca-pub-8864793242727901\"\r\n     crossorigin=\"anonymous\"><\/script><br \/>\n<\/p>\n<div id=\"\">\n<header class=\"m-article-header m-article-header--standard\">\n\t\t\t\t\t\t\t\t\t\t\t\t<span id=\"article-header-primary-term\"><br \/>\n\t\t\t\t\t\t\t\t<a class=\"a-term a-term--primary\" href=\"https:\/\/www.boston.com\/tag\/boston-bruins\/\"><\/p>\n<p>\t\t\t\t\t\t\t\tBruins\t\t\t\t\t\t\t\t<\/a><br \/>\n\t\t\t\t\t\t\t<\/span><\/p>\n<h2 class=\"m-article-header__sub-headline\">&#8220;\u00c9 um v\u00ednculo que voc\u00ea tem para sempre.&#8221;<\/h2>\n<figure class=\"a-photo m-article-header__photo\"><figcaption class=\"a-photo__caption\">\n<p>\tZdeno Chara e v\u00e1rios jogadores do Bruins de 2011 patinaram no jogo dos ex-alunos de s\u00e1bado na Warrior Ice Arena. <em> John Tlumacki\/Equipe da Globo<\/em>\t<\/figcaption><\/figure>\n<\/header>\n<p>J\u00e1 se passaram mais de 13 anos desde que Patrice Bergeron amarrou seus patins e compartilhou o gelo com ex-companheiros de equipe como Mark Recchi.<\/p>\n<p>A camaradagem e a qu\u00edmica que criaram uma campanha na Copa ao longo dos tempos n\u00e3o diminu\u00edram com o tempo.<\/p>\n<p>Mas o mesmo n\u00e3o pode ser dito das dores nas articula\u00e7\u00f5es e das pernas cansadas. <\/p>\n<p>\u201cEspero que possamos entrar no gelo antes disso e ter certeza de esticar as pernas e ningu\u00e9m puxar nada\u201d, disse Bergeron com um sorriso no in\u00edcio desta semana.<\/p>\n<p>Mais de 4.900 dias desde que os Bruins de 2011 conquistaram a imortalidade do h\u00f3quei em Vancouver, o time dos Bruins de 2011 ainda atrai uma multid\u00e3o sempre que surge na Commonwealth. <\/p>\n<p>E na noite de s\u00e1bado, na Warrior Ice Arena, v\u00e1rios jogadores daquele clube vencedor da Copa retornaram ao len\u00e7ol congelado como parte do esperado jogo de caridade do Boston Bruins Alumni contra o Warrior For Life Fund All-Stars. <\/p>\n<p>\u201cVai ser incr\u00edvel\u201d, disse Bergeron. \u201cVai ser muito divertido. Estou ansioso por isso. Temos uma pequena conversa em grupo e parece que os meninos est\u00e3o ansiosos para voltar \u00e0 cidade e jantar um pouco na noite anterior. <\/p>\n<p>\u201cEnt\u00e3o ser\u00e1 bom apenas falar sobre mem\u00f3rias e colocar a vida em dia. A vida passa r\u00e1pido, e \u00e0s vezes \u00e9 importante reservar um tempo para se conectar com alguns dos caras com quem voc\u00ea cria algo t\u00e3o especial. Ent\u00e3o esse ser\u00e1 um momento perfeito e uma oportunidade para isso.\u201d<\/p>\n<figure class=\"wp-block-embed is-type-rich is-provider-twitter wp-block-embed-twitter\"\/>\n<p>No total, foram 12 jogadores do time campe\u00e3o de 2011 que jogaram no gelo no s\u00e1bado em Brighton: Patrice Bergeron, Zdeno Chara, Dan Paile, Tuukka Rask, David Krejci, Mark Recchi, Chris Kelly, Dennis Seidenberg, Johnny Boychuk, Shawn Thornton , Gregory Campbell e Adam McQuaid.<\/p>\n<p>Tim Thomas tamb\u00e9m esteve presente no jogo de s\u00e1bado, atuando como treinador em vez de jogador. Thomas dividiu o banco ao lado do campe\u00e3o da Copa de 2011 e atual capit\u00e3o dos Bruins, Brad Marchand \u2013 que ajudou os Bruins de 2024-25 <a target=\"_blank\" href=\"https:\/\/www.boston.com\/sports\/boston-bruins\/2024\/12\/07\/nhl-slowly-but-surely-the-sacco-led-bruins-are-starting-to-believe\/\" rel=\"noreferrer noopener\">garantir uma vit\u00f3ria na prorroga\u00e7\u00e3o sobre os Flyers apenas algumas horas antes. <\/a><\/p>\n<figure class=\"wp-block-embed is-type-rich is-provider-twitter wp-block-embed-twitter\"\/>\n<p>Outros ex-alunos do Bruins que patinaram no s\u00e1bado inclu\u00edram Kevan Miller, Andrew Alberts, PJ Stock, Mark Mowers, Bryan Smolinski e Tim Schaller.<\/p>\n<p>A casa estava lotada para o confronto de s\u00e1bado contra o WFLF All-Stars &#8211; um elenco robusto composto principalmente por Navy SEALs da ativa e aposentados. <\/p>\n<p>\u201cAcho que ningu\u00e9m duvidou da base de f\u00e3s dos Bruins, talvez desde meu primeiro ano aqui, quando n\u00e3o est\u00e1vamos lotados para a estreia em casa\u201d, disse Thornton com um sorriso. \u201cMas definitivamente um grupo apaixonado. <\/p>\n<p>\u201cSer capaz de reunir v\u00e1rios caras daquela equipe de 2011, acho que provavelmente ser\u00e1 muito especial e algumas pessoas querem ver isso. Talvez eles estejam aqui apenas para me ver trope\u00e7ar e cair no gelo pela primeira vez em muito tempo.\u201d<\/p>\n<figure class=\"wp-block-embed is-type-rich is-provider-twitter wp-block-embed-twitter\"\/>\n<p>A montagem do elenco dos Bruins foi resultado direto dos esfor\u00e7os de Miller.<\/p>\n<p>\u201cH\u00e1 apenas alguns caras por quem eu faria isso\u201d, disse Thornton. \u201cMillsy \u00e9 um deles. \u2026 \u201cEle me ligou h\u00e1 um m\u00eas e meio e disse: &#8216;Ei, o neg\u00f3cio \u00e9 este. Estamos fazendo isso e aquilo.<\/p>\n<p>\u201cEu fico tipo, &#8216;Millsy, eu n\u00e3o ando mais de skate. Eu n\u00e3o estou patinando&#8217;. Ele fica tipo, &#8216;Voc\u00ea est\u00e1 patinando&#8217;. Eu fico tipo &#8216;Tudo bem, ent\u00e3o estou patinando, eu acho.&#8217; Ele ainda me assusta. <\/p>\n<p>Apoiar veteranos e membros do servi\u00e7o ativo tem sido uma miss\u00e3o para Miller, que atualmente atua no conselho do Warrior For Life Fund ap\u00f3s anunciar sua aposentadoria em 2021. <\/p>\n<p>O jogo de s\u00e1bado foi realizado em mem\u00f3ria de Nathan Hardy, um Navy SEAL de Durham, NH, que foi morto em combate enquanto servia no Iraque em 2008.<\/p>\n<p>A renda do jogo de s\u00e1bado foi para v\u00e1rias institui\u00e7\u00f5es de caridade que beneficiam militares e suas fam\u00edlias \u2013 incluindo o Warrior For Life Fund, Fisher House of Boston e Operation Hat Trick. <\/p>\n<p>\u201cO objetivo para mim no ano passado era conseguir o m\u00e1ximo de caras que pudesse\u201d, disse Miller. \u201cE cr\u00e9dito para esses caras. Cada telefonema que fiz foi um sim. \u2026 O grupo Naval Special Warfare s\u00e3o apenas profissionais constantes. Acho que muitas pessoas admiram os atletas. Como atleta, eu os admiro. E eu poderia falar por muitos caras nas salas, \u00e9 a mesma coisa.\u201d<\/p>\n<p>Os jogos de caridade podem n\u00e3o ter a mesma intensidade das lutas de playoffs contra os Bolts ou Canucks. <\/p>\n<p>Mas os ex-alunos dos Bruins estiveram muito ocupados nos \u00faltimos anos contra os WFLF All-Stars \u2013 perdendo para eles em 2021 e conseguindo uma vit\u00f3ria por 2 a 1 em 2023. <\/p>\n<p>\u201cOuvi dizer que foi um jogo bastante competitivo no ano passado. \u2026 Acho que a intensidade deles provavelmente ser\u00e1 maior que a minha, mas veremos\u201d, disse Thornton sobre a competi\u00e7\u00e3o. \u201cAinda estou na quarta linha tamb\u00e9m. Aposentei-me h\u00e1 oito anos e ainda me colocam na quarta linha.\u201d <\/p>\n<p>Houve muitas cenas familiares que aconteceram no gelo durante a eventual vit\u00f3ria dos ex-alunos dos Bruins por 9-5.<\/p>\n<p>Com certeza, Thornton patinou com seus companheiros de equipe da \u201clinha Merlot\u201d, Paile e Campbell. O corpo D de Boston foi ancorado por uma robusta dupla de Chara e Seidenberg. <\/p>\n<p>O tempo aparentemente n\u00e3o corroeu os detalhes n\u00edtidos de Bergeron no gelo, nem minou Krejci de sua postura e paci\u00eancia com o disco em seu taco. Embora Thornton n\u00e3o tenha causado estragos ap\u00f3s o apito, outro lutador residente em Stock teve seu quinh\u00e3o de ganchos e gorjeios ap\u00f3s o apito.<\/p>\n<p>Claro, havia algumas mudan\u00e7as reservadas para o time dos Bruins, dado o pessoal no gelo. <\/p>\n<p>Com Marchand ainda sem pendurar os patins, a linha de ataque dos Bruins no s\u00e1bado contou com Krejci patinando no lugar de Marchand em um grupo de atacantes com Bergeron e Recchi. <\/p>\n<p>N\u00e3o demorou muito para Bergeron, de 39 anos, reacender sua qu\u00edmica com Recchi, de 56, &#8211; \u200b\u200balimentando o tricampe\u00e3o da Copa para uma contagem no primeiro turno da noite.<\/p>\n<p>Rask viveu entre os canos ao longo de seus 15 anos em Boston, mas patinou como atacante durante jogos recentes de ex-alunos &#8211; preparando McQuaid para uma contagem no segundo per\u00edodo antes de aproveitar sua pr\u00f3pria chance de gol perto da linha mais tarde no quadro. <\/p>\n<figure class=\"wp-block-embed is-type-rich is-provider-twitter wp-block-embed-twitter\"\/>\n<p>\u201cVoc\u00ea passa por uma experi\u00eancia como essa e atinge seu objetivo de vida como grupo \u2013 \u00e9 muito especial\u201d, disse Thornton sobre os Bruins de 2011. \u201c\u00c9 um v\u00ednculo que voc\u00ea tem para sempre. Ent\u00e3o, sim, ainda temos um bate-papo em grupo. Ainda conversamos, apoiamos um ao outro, cantamos um ao outro. \u00c9 divertido fazer parte.\u201d<\/p>\n<p>S\u00e1bado marcou uma reuni\u00e3o bem-vinda para v\u00e1rios companheiros de equipe de longa data do Bruins. Mas Miller espera que isso se torne uma ocorr\u00eancia regular nos pr\u00f3ximos anos. <\/p>\n<p>\u201c\u00c9 incr\u00edvel. N\u00e3o t\u00ednhamos d\u00favidas\u201d, disse Miller sobre a multid\u00e3o com ingressos esgotados no s\u00e1bado. \u201cOutro objetivo meu \u00e9 fazer isso em um local maior e vender mais ingressos e arrecadar mais dinheiro e mais oportunidades para os f\u00e3s se envolverem em tudo isso. Esse \u00e9 um objetivo do Fundo Warrior for Life e continuaremos a aument\u00e1-lo.\u201d<\/p>\n<figure class=\"wp-block-embed is-type-rich is-provider-twitter wp-block-embed-twitter\"\/>\n<div class=\"o-author-single has-avatar\">\n<header class=\"m-author-card\">\n<div class=\"a-image a-image--square m-author-card__image\">\n\t\t<img decoding=\"async\" class=\"\" src=\"https:\/\/www.boston.com\/wp-content\/uploads\/2023\/05\/Headshot_Conor-645c0406ed6cb-scaled.jpg\" alt=\"Imagem do perfil de Conor Ryan\"\/>\t<\/div>\n<\/header>\n<section class=\"author-info\">\n<div class=\"m-author__section\">\n<p>Conor Ryan \u00e9 redator da equipe que cobre Bruins, Celtics, Patriots e Red Sox para Boston.com, fun\u00e7\u00e3o que ocupa desde 2023.<\/p>\n<\/div>\n<\/section>\n<\/div>\n<div class=\"m-block m-generic-cta\t m-generic-cta--post-content\t m-generic-cta--dark\t m-generic-cta--homepage\t m-generic-cta--email-signup\t\t m-generic-cta-block-style--default \tt-amp__generic-cta\"><\/p>\n<div class=\"m-generic-cta__wrap\">\n<div class=\"m-generic-cta__content\">\n<h3 class=\"m-generic-cta__title\">Inscreva-se para receber atualiza\u00e7\u00f5es do Bruins\ud83c\udfd2 <\/h3>\n<p class=\"m-generic-cta__subtitle\">Receba as \u00faltimas not\u00edcias e an\u00e1lises em sua caixa de entrada durante a temporada de h\u00f3quei.<\/p>\n<\/p><\/div>\n<\/p><\/div>\n<\/div><\/div>\n<p><script>\n\t\tvar consent=\"grant\";\n\t\t\/* The above code is parsing the JSON data from the local storage and storing it in a variable. *\/\n\t\t\t\t\tconst onetrustStorageConsent = JSON.parse(localStorage.getItem( 'consent_one_trust_bdc' ) );\n\t\t\tif ( ( onetrustStorageConsent !== null ) ) {\n\t\t\t\t\/* Checking to see if the user has consented to the use of cookies.\n\t\t\t\t* If they have not, it is deleting the cookie.\n\t\t\t\t* This will comment for now, until further notice.\n\t\t\t\t*\/\n\t\t\t\t\/\/if ( onetrustStorageConsent.C0002 === false ) {\n\t\t\t\t\/\/\tdocument.cookie=\"_fbp=;expires=Thu, 01 Jan 2010 00:00:00 UTC; path=\/; domain=.boston.com\";\n\t\t\t\t\/\/}\n\t\t\t\t\/* Checking if the user has given consent for the cookie C0002.\n\t\t\t\t* If the user has given consent, the variable consent will be set to 'grant'.\n\t\t\t\t* If the user has not given consent,the variable consent will be set to 'revoke'.\n\t\t\t\t* Documentation https:\/\/developers.facebook.com\/docs\/meta-pixel\/implementation\/gdpr\n\t\t\t\t*\/\n\t\t\t\tif ( onetrustStorageConsent.C0002 !== true ) {\n\t\t\t\t\tconsent=\"revoke\";\n\t\t\t\t}\n\t\t\t}\n\t\t\t\t!function(f,b,e,v,n,t,s)\n\t\t{if(f.fbq)return;n=f.fbq=function(){n.callMethod?\n\t\tn.callMethod.apply(n,arguments):n.queue.push(arguments)};\n\t\tif(!f._fbq)f._fbq=n;n.push=n;n.loaded=!0;n.version='2.0';\n\t\tn.queue=[];t=b.createElement(e);t.async=!0;\n\t\tt.src=v;s=b.getElementsByTagName(e)[0];\n\t\ts.parentNode.insertBefore(t,s)}(window, document,'script',\n\t\t'https:\/\/connect.facebook.net\/en_US\/fbevents.js');\n\t\tfbq('consent', consent);\n\t\tfbq('init', '989222871864976');\n\t\tfbq('track', 'PageView');\n\t<\/script><script type=\"module\">\n\t\tvar consent=\"grant\";\n\t\t\/* The above code is parsing the JSON data from the local storage and storing it in a variable. *\/\n\t\t\tconst onetrustStorageConsent = JSON.parse(localStorage.getItem( 'consent_one_trust_bdc' ) );\n\t\t\t\/* Checking to see if the user has consented to the use of cookies.\n\t\t\t* If they have not, it is deleting the cookie.\n\t\t\t* This will comment for now, until further notice.\n\t\t\t*\/\n\t\t\t\/\/if ( onetrustStorageConsent.C0002 === false ) {\n\t\t\t\/\/\tdocument.cookie=\"_fbp=;expires=Thu, 01 Jan 2010 00:00:00 UTC; path=\/; domain=.boston.com\";\n\t\t\t\/\/}\n\t\t\t\/* Checking if the user has given consent for the cookie C0002.\n\t\t\t* If the user has given consent, the variable consent will be set to 'grant'.\n\t\t\t* If the user has not given consent,the variable consent will be set to 'revoke'.\n\t\t\t* Documentation https:\/\/developers.facebook.com\/docs\/meta-pixel\/implementation\/gdpr\n\t\t\t*\/\n\t\t\tif ( ( onetrustStorageConsent !== null ) && (onetrustStorageConsent.C0002 !== true ) ) {\n\t\t\t\tconsent=\"revoke\";\n\t\t\t}\n\t\t\t\t!function(f,b,e,v,n,t,s){if(f.fbq)return;n=f.fbq=function()\n\t\t{n.callMethod? n.callMethod.apply(n,arguments):n.queue.push(arguments)}\n\t\t;if(!f._fbq)f._fbq=n;\n\t\tn.push=n;n.loaded=!0;n.version='2.0';n.queue=[];t=b.createElement(e);t.async=!0;\n\t\tt.src=v;s=b.getElementsByTagName(e)[0];s.parentNode.insertBefore(t,s)}(window,\n\t\tdocument,'script','https:\/\/connect.facebook.net\/en_US\/fbevents.js');\n\t\tfbq('consent', consent);\n\t\tfbq('init', '813236348753005');\n\t\tfbq('track', \"PageView\");\n\t<\/script><br \/>\n<br \/><br \/>\n<br \/><a href=\"https:\/\/www.boston.com\/sports\/boston-bruins\/2024\/12\/07\/bruins-alumni-2011-charity-zdeno-chara-patrice-bergeron-tuukka-rask-tim-thomas\/\">Source link <\/a><\/p>","protected":false},"excerpt":{"rendered":"<p>Bruins &#8220;\u00c9 um v\u00ednculo que voc\u00ea tem para sempre.&#8221; Zdeno Chara e v\u00e1rios jogadores do Bruins de 2011 patinaram no jogo dos ex-alunos de s\u00e1bado na Warrior Ice Arena. John&hellip;<\/p>","protected":false},"author":1,"featured_media":72717,"comment_status":"closed","ping_status":"open","sticky":false,"template":"","format":"standard","meta":{"content-type":"","footnotes":""},"categories":[1],"tags":[],"class_list":["post-72716","post","type-post","status-publish","format-standard","has-post-thumbnail","hentry","category-uncategorized"],"_links":{"self":[{"href":"https:\/\/tvbrazilusa.com\/pt\/wp-json\/wp\/v2\/posts\/72716","targetHints":{"allow":["GET"]}}],"collection":[{"href":"https:\/\/tvbrazilusa.com\/pt\/wp-json\/wp\/v2\/posts"}],"about":[{"href":"https:\/\/tvbrazilusa.com\/pt\/wp-json\/wp\/v2\/types\/post"}],"author":[{"embeddable":true,"href":"https:\/\/tvbrazilusa.com\/pt\/wp-json\/wp\/v2\/users\/1"}],"replies":[{"embeddable":true,"href":"https:\/\/tvbrazilusa.com\/pt\/wp-json\/wp\/v2\/comments?post=72716"}],"version-history":[{"count":1,"href":"https:\/\/tvbrazilusa.com\/pt\/wp-json\/wp\/v2\/posts\/72716\/revisions"}],"predecessor-version":[{"id":72718,"href":"https:\/\/tvbrazilusa.com\/pt\/wp-json\/wp\/v2\/posts\/72716\/revisions\/72718"}],"wp:featuredmedia":[{"embeddable":true,"href":"https:\/\/tvbrazilusa.com\/pt\/wp-json\/wp\/v2\/media\/72717"}],"wp:attachment":[{"href":"https:\/\/tvbrazilusa.com\/pt\/wp-json\/wp\/v2\/media?parent=72716"}],"wp:term":[{"taxonomy":"category","embeddable":true,"href":"https:\/\/tvbrazilusa.com\/pt\/wp-json\/wp\/v2\/categories?post=72716"},{"taxonomy":"post_tag","embeddable":true,"href":"https:\/\/tvbrazilusa.com\/pt\/wp-json\/wp\/v2\/tags?post=72716"}],"curies":[{"name":"wp","href":"https:\/\/api.w.org\/{rel}","templated":true}]}}