{"id":72990,"date":"2024-12-08T17:33:32","date_gmt":"2024-12-08T17:33:32","guid":{"rendered":"https:\/\/tvbrazilusa.com\/2024\/12\/08\/em-pronunciamento-donald-trump-diz-que-a-russia-ja-nao-queria-proteger-assad\/"},"modified":"2024-12-08T17:33:33","modified_gmt":"2024-12-08T17:33:33","slug":"em-pronunciamento-donald-trump-diz-que-a-russia-ja-nao-queria-proteger-assad","status":"publish","type":"post","link":"https:\/\/tvbrazilusa.com\/pt\/2024\/12\/08\/em-pronunciamento-donald-trump-diz-que-a-russia-ja-nao-queria-proteger-assad\/","title":{"rendered":"Em pronunciamento, Donald Trump diz que a R\u00fassia j\u00e1 n\u00e3o queria proteger Assad"},"content":{"rendered":"<p> <script async src=\"https:\/\/pagead2.googlesyndication.com\/pagead\/js\/adsbygoogle.js?client=ca-pub-8864793242727901\"\r\n     crossorigin=\"anonymous\"><\/script><br \/>\n<\/p>\n<div id=\"taboola-read-more\" style=\"display:block; width:100%\">\n<p>O presidente eleito dos Estados Unidos, Donald Trump, se pronunciou neste domingo (8) sobre a queda de Bashar al-Assad, que governou a S\u00edria por mais de 20 anos, na noite de ontem, ap\u00f3s rebeldes locais tomarem o poder.\n<\/p>\n<p>\u201cAssad se foi. Ele fugiu do seu pa\u00eds. Sua protetora, a R\u00fassia, liderada por Vladimir Putin, j\u00e1 n\u00e3o estava interessada em proteg\u00ea-lo. Em primeiro lugar, n\u00e3o havia raz\u00e3o para a R\u00fassia estar l\u00e1. Perderam todo o interesse na S\u00edria por causa da Ucr\u00e2nia, onde cerca de 600 mil soldados russos jaziam feridos ou mortos, numa guerra que nunca deveria ter come\u00e7ado e que poderia durar para sempre\u201d, escreveu Trump em sua rede social, a Truth Social.<\/p>\n<p>Ele destacou que a R\u00fassia e o Ir\u00e3 est\u00e3o neste momento \u201cnum estado enfraquecido\u201d, um por causa da Ucr\u00e2nia e de uma economia ruim, e o outro por causa de Israel e do seu sucesso no conflito em curso no Oriente M\u00e9dio.\n<\/p>\n<p>\u201cDa mesma forma, Zelensky e a Ucr\u00e2nia gostariam de fazer um acordo e acabar com a loucura. Perderam ridiculamente 400 mil soldados e muito mais civis. Deveria haver um cessar-fogo imediato e as negocia\u00e7\u00f5es deveriam come\u00e7ar\u201d, disse o republicano.\n<\/p>\n<p>Trump ressaltou que muitas vidas est\u00e3o sendo desperdi\u00e7adas desnecessariamente e muitas fam\u00edlias destru\u00eddas. \u201cSe isso continuar, poder\u00e1 se transformar em algo muito maior e muito pior. Conhe\u00e7o bem Vladimir. Esta \u00e9 a hora dele de agir. A China pode ajudar. O mundo est\u00e1 esperando!\u201d, finalizou o novo chefe de Estado americano.\n<\/p>\n<p>Fonte: R7              <\/p>\n<\/div>\n<p><br \/>\n<br \/><a href=\"https:\/\/diariodobrasilnoticias.com.br\/noticia\/em-pronunciamento-donald-trump-diz-que-a-russia-ja-nao-queria-proteger-assad-6755b71c893ef\">Source link <\/a><\/p>","protected":false},"excerpt":{"rendered":"<p>O presidente eleito dos Estados Unidos, Donald Trump, se pronunciou neste domingo (8) sobre a queda de Bashar al-Assad, que governou a S\u00edria por mais de 20 anos, na noite&hellip;<\/p>","protected":false},"author":1,"featured_media":72991,"comment_status":"closed","ping_status":"open","sticky":false,"template":"","format":"standard","meta":{"content-type":"","footnotes":""},"categories":[16],"tags":[123,2448,5313,1267],"class_list":["post-72990","post","type-post","status-publish","format-standard","has-post-thumbnail","hentry","category-noticias","tag-brasil","tag-diario","tag-noticia","tag-noticias"],"_links":{"self":[{"href":"https:\/\/tvbrazilusa.com\/pt\/wp-json\/wp\/v2\/posts\/72990","targetHints":{"allow":["GET"]}}],"collection":[{"href":"https:\/\/tvbrazilusa.com\/pt\/wp-json\/wp\/v2\/posts"}],"about":[{"href":"https:\/\/tvbrazilusa.com\/pt\/wp-json\/wp\/v2\/types\/post"}],"author":[{"embeddable":true,"href":"https:\/\/tvbrazilusa.com\/pt\/wp-json\/wp\/v2\/users\/1"}],"replies":[{"embeddable":true,"href":"https:\/\/tvbrazilusa.com\/pt\/wp-json\/wp\/v2\/comments?post=72990"}],"version-history":[{"count":1,"href":"https:\/\/tvbrazilusa.com\/pt\/wp-json\/wp\/v2\/posts\/72990\/revisions"}],"predecessor-version":[{"id":72992,"href":"https:\/\/tvbrazilusa.com\/pt\/wp-json\/wp\/v2\/posts\/72990\/revisions\/72992"}],"wp:featuredmedia":[{"embeddable":true,"href":"https:\/\/tvbrazilusa.com\/pt\/wp-json\/wp\/v2\/media\/72991"}],"wp:attachment":[{"href":"https:\/\/tvbrazilusa.com\/pt\/wp-json\/wp\/v2\/media?parent=72990"}],"wp:term":[{"taxonomy":"category","embeddable":true,"href":"https:\/\/tvbrazilusa.com\/pt\/wp-json\/wp\/v2\/categories?post=72990"},{"taxonomy":"post_tag","embeddable":true,"href":"https:\/\/tvbrazilusa.com\/pt\/wp-json\/wp\/v2\/tags?post=72990"}],"curies":[{"name":"wp","href":"https:\/\/api.w.org\/{rel}","templated":true}]}}