{"id":72995,"date":"2024-12-08T17:46:10","date_gmt":"2024-12-08T17:46:10","guid":{"rendered":"https:\/\/tvbrazilusa.com\/2024\/12\/08\/franca-comemora-dia-historico-apos-a-queda-do-governo-assad\/"},"modified":"2024-12-08T17:46:11","modified_gmt":"2024-12-08T17:46:11","slug":"franca-comemora-dia-historico-apos-a-queda-do-governo-assad","status":"publish","type":"post","link":"https:\/\/tvbrazilusa.com\/pt\/2024\/12\/08\/franca-comemora-dia-historico-apos-a-queda-do-governo-assad\/","title":{"rendered":"Fran\u00e7a comemora &#8216;dia hist\u00f3rico&#8217; ap\u00f3s a queda do governo Assad"},"content":{"rendered":"<p> <script async src=\"https:\/\/pagead2.googlesyndication.com\/pagead\/js\/adsbygoogle.js?client=ca-pub-8864793242727901\"\r\n     crossorigin=\"anonymous\"><\/script><br \/>\n<\/p>\n<div id=\"taboola-read-more\" style=\"display:block; width:100%\">\n<p>A Fran\u00e7a celebrou neste domingo, 8, a queda do regime de Bashar al-Assad, na S\u00edria.\n<\/p>\n<p>Em comunicado, o Minist\u00e9rio das Rela\u00e7\u00f5es Exteriores franc\u00eas classificou o dia de hoje como \u201chist\u00f3rico para a S\u00edria e para o povo s\u00edrio\u201d devido ao fim do regime de Assad, ap\u00f3s \u201cmais de 13 anos de repress\u00e3o e grande viol\u00eancia\u201d.<\/p>\n<p>Bashar al-Assad deixa um pa\u00eds \u201cesvaziado de uma grande parte da sua popula\u00e7\u00e3o que, se n\u00e3o foi para o ex\u00edlio, foi massacrada, torturada e bombardeada com armas qu\u00edmicas pelo regime e pelos seus aliados\u201d, afirmou o minist\u00e9rio.\n<\/p>\n<p>\u201cAgora \u00e9 o momento da unidade\u201d, segue a pasta, que apelou para o \u201csil\u00eancio das armas, \u00e0 preserva\u00e7\u00e3o das institui\u00e7\u00f5es do Estado, ao respeito pela soberania e integridade territorial da S\u00edria\u201d.\n<\/p>\n<p>Tamb\u00e9m defendeu \u201cuma transi\u00e7\u00e3o pol\u00edtica pac\u00edfica que respeite a diversidade do povo s\u00edrio, protegendo os civis e todas as minorias, em conformidade com o direito internacional\u201d, em rejei\u00e7\u00e3o a \u201cqualquer forma de extremismo\u201d.\n<\/p>\n<p>A diplomacia francesa convidou ainda os seus parceiros a fazerem tudo o poss\u00edvel para ajudar os s\u00edrios a entrar \u201cno caminho da reconcilia\u00e7\u00e3o e da reconstru\u00e7\u00e3o atrav\u00e9s de uma solu\u00e7\u00e3o pol\u00edtica inclusiva\u201d e que respeita \u201ca vontade do povo\u201d.\n<\/p>\n<p><strong>Rea\u00e7\u00f5es internacionais<\/strong>\n<\/p>\n<p>O enviado especial da ONU para a S\u00edria, Geir Pedersen, pediu negocia\u00e7\u00f5es urgentes para garantir uma transi\u00e7\u00e3o pol\u00edtica ordenada, em conformidade com a Resolu\u00e7\u00e3o 2254 da ONU, que prev\u00ea a forma\u00e7\u00e3o de um governo transit\u00f3rio e elei\u00e7\u00f5es supervisionadas.\n<\/p>\n<p>Os Estados Unidos, sob a administra\u00e7\u00e3o do governo Joe Biden, afirmaram estar monitorando a situa\u00e7\u00e3o de perto. Enquanto isso, o presidente eleito Donald Trump reafirmou que o pa\u00eds n\u00e3o deve se envolver diretamente no conflito.\n<\/p>\n<p><strong>A queda de Assad<\/strong>\n<\/p>\n<p>Rebeldes s\u00edrios anunciaram neste domingo a fuga de Bashar al-Assad de Damasco, ap\u00f3s uma ofensiva rel\u00e2mpago que culminou na tomada da capital da S\u00edria.\n<\/p>\n<p>Fontes militares citadas pela Reuters confirmaram que o ditador deixou a cidade em dire\u00e7\u00e3o a um destino desconhecido, enquanto for\u00e7as opositoras entraram na capital sem enfrentar resist\u00eancia.\n<\/p>\n<p>Multid\u00f5es celebraram nas ruas da cidade, com gritos de \u201cLiberdade\u201d e tiros de comemora\u00e7\u00e3o. Imagens que circulam nas redes sociais mostram est\u00e1tuas de Hafez al-Assad, pai de Bashar e respons\u00e1vel pelo in\u00edcio do regime familiar h\u00e1 cinco d\u00e9cadas, sendo derrubadas e pisoteadas.\n<\/p>\n<p>Na TV estatal, rebeldes anunciaram \u201ca queda do tirano Bashar Assad\u201d e declararam a liberta\u00e7\u00e3o de prisioneiros. O grupo tamb\u00e9m pediu \u00e0 popula\u00e7\u00e3o para proteger a propriedade p\u00fablica e evitar revanchismos.\n<\/p>\n<p>A ofensiva, liderada pelo grupo jihadista Hayet Tahrir al-Sham (HTS), avan\u00e7ou rapidamente desde o in\u00edcio de dezembro, conquistando cidades estrat\u00e9gicas como Homs e sub\u00farbios de Damasco. Esse \u00e9 o maior rev\u00e9s militar sofrido pelo regime s\u00edrio desde o in\u00edcio da guerra civil em 2011, que j\u00e1 causou mais de 500 mil mortes.\n<\/p>\n<p>Fonte: O Antagonista              <\/p>\n<\/div>\n<p><br \/>\n<br \/><a href=\"https:\/\/diariodobrasilnoticias.com.br\/noticia\/franca-comemora-dia-historico-apos-a-queda-do-governo-assad-6755bb59be269\">Source link <\/a><\/p>","protected":false},"excerpt":{"rendered":"<p>A Fran\u00e7a celebrou neste domingo, 8, a queda do regime de Bashar al-Assad, na S\u00edria. Em comunicado, o Minist\u00e9rio das Rela\u00e7\u00f5es Exteriores franc\u00eas classificou o dia de hoje como \u201chist\u00f3rico&hellip;<\/p>","protected":false},"author":1,"featured_media":72996,"comment_status":"closed","ping_status":"open","sticky":false,"template":"","format":"standard","meta":{"content-type":"","footnotes":""},"categories":[16],"tags":[123,2448,5313,1267],"class_list":["post-72995","post","type-post","status-publish","format-standard","has-post-thumbnail","hentry","category-noticias","tag-brasil","tag-diario","tag-noticia","tag-noticias"],"_links":{"self":[{"href":"https:\/\/tvbrazilusa.com\/pt\/wp-json\/wp\/v2\/posts\/72995","targetHints":{"allow":["GET"]}}],"collection":[{"href":"https:\/\/tvbrazilusa.com\/pt\/wp-json\/wp\/v2\/posts"}],"about":[{"href":"https:\/\/tvbrazilusa.com\/pt\/wp-json\/wp\/v2\/types\/post"}],"author":[{"embeddable":true,"href":"https:\/\/tvbrazilusa.com\/pt\/wp-json\/wp\/v2\/users\/1"}],"replies":[{"embeddable":true,"href":"https:\/\/tvbrazilusa.com\/pt\/wp-json\/wp\/v2\/comments?post=72995"}],"version-history":[{"count":1,"href":"https:\/\/tvbrazilusa.com\/pt\/wp-json\/wp\/v2\/posts\/72995\/revisions"}],"predecessor-version":[{"id":72997,"href":"https:\/\/tvbrazilusa.com\/pt\/wp-json\/wp\/v2\/posts\/72995\/revisions\/72997"}],"wp:featuredmedia":[{"embeddable":true,"href":"https:\/\/tvbrazilusa.com\/pt\/wp-json\/wp\/v2\/media\/72996"}],"wp:attachment":[{"href":"https:\/\/tvbrazilusa.com\/pt\/wp-json\/wp\/v2\/media?parent=72995"}],"wp:term":[{"taxonomy":"category","embeddable":true,"href":"https:\/\/tvbrazilusa.com\/pt\/wp-json\/wp\/v2\/categories?post=72995"},{"taxonomy":"post_tag","embeddable":true,"href":"https:\/\/tvbrazilusa.com\/pt\/wp-json\/wp\/v2\/tags?post=72995"}],"curies":[{"name":"wp","href":"https:\/\/api.w.org\/{rel}","templated":true}]}}