{"id":72998,"date":"2024-12-08T17:40:00","date_gmt":"2024-12-08T17:40:00","guid":{"rendered":"https:\/\/tvbrazilusa.com\/2024\/12\/08\/nick-saban-comenta-sobre-bill-belichick-potencialmente-treinando-na-faculdade\/"},"modified":"2024-12-08T17:51:38","modified_gmt":"2024-12-08T17:51:38","slug":"nick-saban-comenta-sobre-bill-belichick-potencialmente-treinando-na-faculdade","status":"publish","type":"post","link":"https:\/\/tvbrazilusa.com\/pt\/2024\/12\/08\/nick-saban-comenta-sobre-bill-belichick-potencialmente-treinando-na-faculdade\/","title":{"rendered":"Nick Saban comenta sobre Bill Belichick potencialmente treinando na faculdade"},"content":{"rendered":"<p> <script async src=\"https:\/\/pagead2.googlesyndication.com\/pagead\/js\/adsbygoogle.js?client=ca-pub-8864793242727901\"\r\n     crossorigin=\"anonymous\"><\/script><br \/>\n<\/p>\n<div id=\"\">\n<header class=\"m-article-header m-article-header--standard\">\n\t\t\t\t\t\t\t\t\t\t\t\t<span id=\"article-header-primary-term\"><br \/>\n\t\t\t\t\t\t\t\t<a class=\"a-term a-term--primary\" href=\"https:\/\/www.boston.com\/tag\/new-england-patriots\/\"><\/p>\n<p>\t\t\t\t\t\t\t\tPatriotas\t\t\t\t\t\t\t\t<\/a><br \/>\n\t\t\t\t\t\t\t<\/span><\/p>\n<h2 class=\"m-article-header__sub-headline\">&#8220;\u00c9 um pouco mais parecido com o futebol profissional.&#8221;<\/h2>\n<figure class=\"a-photo m-article-header__photo\"><figcaption class=\"a-photo__caption\">\n<p>\tBill Belichick e Nick Saban conversam durante um treino.<em> Foto de Butch Dill\/AP<\/em>\t<\/figcaption><\/figure>\n<\/header>\n<p>Numa reviravolta surpreendente, <a href=\"https:\/\/www.boston.com\/sports\/new-england-patriots\/2024\/12\/05\/bill-belichick-unc-north-carolina-college-football-coaching-vacancy\/\" target=\"_blank\" rel=\"noreferrer noopener\">foi relatado<\/a> que Bill Belichick entrevistou para se tornar o t\u00e9cnico do Tar Heels da Carolina do Norte.<\/p>\n<p>Embora o tempo dir\u00e1 se a parceria potencial ganhar\u00e1 for\u00e7a, parece que Belichick est\u00e1 considerando seriamente a oportunidade.<\/p>\n<figure class=\"wp-block-embed is-type-rich is-provider-twitter wp-block-embed-twitter\"\/>\n<p>Seu amigo pr\u00f3ximo, o ex-t\u00e9cnico do Alabama, Nick Saban, forneceu algumas dicas sobre por que isso poderia acontecer. Saban, falando no The Pat McAfee Show, disse que os limites entre a faculdade e a NFL est\u00e3o confusos.<\/p>\n<p>Saban disse que o principal componente que seria diferente seria o recrutamento, mas n\u00e3o \u00e9 t\u00e3o diferente como costumava ser.<\/p>\n<p>\u201cA constru\u00e7\u00e3o de relacionamentos n\u00e3o \u00e9 t\u00e3o importante, n\u00e3o que Bill n\u00e3o fosse bom nisso\u201d, disse Saban. \u201cAgora n\u00e3o \u00e9 t\u00e3o importante pagar aos jogadores. Acho que se trata um pouco mais do dinheiro e do acordo que voc\u00ea faz com eles. Ent\u00e3o, \u00e9 um pouco mais parecido com o futebol profissional.\u201d<\/p>\n<figure class=\"wp-block-embed is-type-video is-provider-youtube wp-block-embed-youtube wp-embed-aspect-16-9 wp-has-aspect-ratio\">\n<p>\n<iframe title=\"Nick Saban&#039;s Thoughts On Why Bill Belichick Would Want To Take North Carolina&#039;s Head Coaching Job\" width=\"1170\" height=\"658\" src=\"https:\/\/www.youtube.com\/embed\/KqAtjK3Fgos?feature=oembed\" frameborder=\"0\" allow=\"accelerometer; autoplay; clipboard-write; encrypted-media; gyroscope; picture-in-picture; web-share\" referrerpolicy=\"strict-origin-when-cross-origin\" allowfullscreen><\/iframe>\n<\/p>\n<\/figure>\n<p>Saban disse acreditar que Belichick sabe como administrar esse aspecto e \u201cfaria um bom trabalho\u201d. <\/p>\n<p>\u201cBill \u00e9 um excelente treinador\u201d, disse Saban. \u201cEle \u00e9 muito bem organizado. Ele \u00e9 um bom professor. Acho que ele se relaciona bem com os jogadores. Acho que ele faria um \u00f3timo trabalho na faculdade.\u201d<\/p>\n<p>Saban n\u00e3o pareceu chocado ao saber que poderia haver algum interesse m\u00fatuo.<\/p>\n<p>\u201cN\u00e3o me surpreende, quando voc\u00ea tem um treinador do seu calibre, qualidade, consist\u00eancia e sucesso por muitos anos, que seja algu\u00e9m que as pessoas considerariam\u201d, disse Saban. <\/p>\n<p>Enquanto isso, Peter Schrager da FOX Sports <a href=\"https:\/\/x.com\/NFLonFOX\/status\/1865792353849516252\" target=\"_blank\" rel=\"noreferrer noopener\">disse<\/a> os Tar Heels se encontraram com Belichick pela segunda vez em Nova York. Embora muitos estejam c\u00e9ticos de que isso possa realmente acontecer, Schrager n\u00e3o descarta a possibilidade.<\/p>\n<p>Ele destacou que o filho de Belichick, Stephen Belichick, \u00e9 o coordenador defensivo da Universidade de Washington. Belichick tem <a href=\"https:\/\/www.boston.com\/sports\/college-sports\/2024\/12\/06\/bill-belichick-university-of-north-carolina-head-coach-interview-reports\/\" target=\"_blank\" rel=\"noreferrer noopener\">supostamente<\/a> negociou um plano de sucess\u00e3o potencial que incluiria a contrata\u00e7\u00e3o de Stephen pelos Tar Heels assim que Belichick se aposentasse. <\/p>\n<p>Schrager acrescentou que Belichick tem uma \u201cesp\u00e9cie de grupo de reflex\u00e3o\u201d, com Matt Patricia e Josh McDaniels desempregados no momento.<\/p>\n<figure class=\"wp-block-embed is-type-rich is-provider-twitter wp-block-embed-twitter\">\n<div class=\"wp-block-embed__wrapper\">\n<blockquote class=\"twitter-tweet\" data-width=\"500\" data-dnt=\"true\">\n<p lang=\"en\" dir=\"ltr\">Bill Belichick foi entrevistado pela UNC na semana passada e se encontrou novamente no final da semana em Nova York. <a href=\"https:\/\/twitter.com\/PSchrags?ref_src=twsrc%5Etfw\">@PSchrags<\/a> explica o quanto Belichick pode estar considerando o trabalho na UNC HC e como poss\u00edveis vagas na NFL podem impactar sua decis\u00e3o. <a href=\"https:\/\/t.co\/BkX7aGrQ7i\">pic.twitter.com\/BkX7aGrQ7i<\/a><\/p>\n<p>\u2013 FOX Sports: NFL (@NFLonFOX) <a href=\"https:\/\/twitter.com\/NFLonFOX\/status\/1865792353849516252?ref_src=twsrc%5Etfw\">8 de dezembro de 2024<\/a><\/p><\/blockquote>\n<\/div>\n<\/figure>\n<p>\u201cDisseram-me que Belichick est\u00e1 t\u00e3o sintonizado com o Draft e com o jogo universit\u00e1rio quanto qualquer pessoa no momento\u201d, disse Schrager.<\/p>\n<p>Ele disse que a UNC n\u00e3o vai ficar sentada esperando at\u00e9 que a temporada regular da NFL termine e vai querer uma resposta em breve.<\/p>\n<div class=\"m-block m-generic-cta\t m-generic-cta--post-content\t m-generic-cta--dark\t m-generic-cta--homepage\t m-generic-cta--email-signup\t\t m-generic-cta-block-style--default \tt-amp__generic-cta\"><\/p>\n<div class=\"m-generic-cta__wrap\">\n<div class=\"m-generic-cta__content\">\n<h3 class=\"m-generic-cta__title\">Inscreva-se para receber atualiza\u00e7\u00f5es do Patriots\ud83c\udfc8<\/h3>\n<p class=\"m-generic-cta__subtitle\">Receba as \u00faltimas not\u00edcias e an\u00e1lises em sua caixa de entrada durante a temporada de futebol.<\/p>\n<\/p><\/div>\n<\/p><\/div>\n<\/div><\/div>\n<p><script async src=\"\/\/platform.twitter.com\/widgets.js\" charset=\"utf-8\"><\/script><script>\n\t\tvar consent=\"grant\";\n\t\t\/* The above code is parsing the JSON data from the local storage and storing it in a variable. *\/\n\t\t\t\t\tconst onetrustStorageConsent = JSON.parse(localStorage.getItem( 'consent_one_trust_bdc' ) );\n\t\t\tif ( ( onetrustStorageConsent !== null ) ) {\n\t\t\t\t\/* Checking to see if the user has consented to the use of cookies.\n\t\t\t\t* If they have not, it is deleting the cookie.\n\t\t\t\t* This will comment for now, until further notice.\n\t\t\t\t*\/\n\t\t\t\t\/\/if ( onetrustStorageConsent.C0002 === false ) {\n\t\t\t\t\/\/\tdocument.cookie=\"_fbp=;expires=Thu, 01 Jan 2010 00:00:00 UTC; path=\/; domain=.boston.com\";\n\t\t\t\t\/\/}\n\t\t\t\t\/* Checking if the user has given consent for the cookie C0002.\n\t\t\t\t* If the user has given consent, the variable consent will be set to 'grant'.\n\t\t\t\t* If the user has not given consent,the variable consent will be set to 'revoke'.\n\t\t\t\t* Documentation https:\/\/developers.facebook.com\/docs\/meta-pixel\/implementation\/gdpr\n\t\t\t\t*\/\n\t\t\t\tif ( onetrustStorageConsent.C0002 !== true ) {\n\t\t\t\t\tconsent=\"revoke\";\n\t\t\t\t}\n\t\t\t}\n\t\t\t\t!function(f,b,e,v,n,t,s)\n\t\t{if(f.fbq)return;n=f.fbq=function(){n.callMethod?\n\t\tn.callMethod.apply(n,arguments):n.queue.push(arguments)};\n\t\tif(!f._fbq)f._fbq=n;n.push=n;n.loaded=!0;n.version='2.0';\n\t\tn.queue=[];t=b.createElement(e);t.async=!0;\n\t\tt.src=v;s=b.getElementsByTagName(e)[0];\n\t\ts.parentNode.insertBefore(t,s)}(window, document,'script',\n\t\t'https:\/\/connect.facebook.net\/en_US\/fbevents.js');\n\t\tfbq('consent', consent);\n\t\tfbq('init', '989222871864976');\n\t\tfbq('track', 'PageView');\n\t<\/script><script type=\"module\">\n\t\tvar consent=\"grant\";\n\t\t\/* The above code is parsing the JSON data from the local storage and storing it in a variable. *\/\n\t\t\tconst onetrustStorageConsent = JSON.parse(localStorage.getItem( 'consent_one_trust_bdc' ) );\n\t\t\t\/* Checking to see if the user has consented to the use of cookies.\n\t\t\t* If they have not, it is deleting the cookie.\n\t\t\t* This will comment for now, until further notice.\n\t\t\t*\/\n\t\t\t\/\/if ( onetrustStorageConsent.C0002 === false ) {\n\t\t\t\/\/\tdocument.cookie=\"_fbp=;expires=Thu, 01 Jan 2010 00:00:00 UTC; path=\/; domain=.boston.com\";\n\t\t\t\/\/}\n\t\t\t\/* Checking if the user has given consent for the cookie C0002.\n\t\t\t* If the user has given consent, the variable consent will be set to 'grant'.\n\t\t\t* If the user has not given consent,the variable consent will be set to 'revoke'.\n\t\t\t* Documentation https:\/\/developers.facebook.com\/docs\/meta-pixel\/implementation\/gdpr\n\t\t\t*\/\n\t\t\tif ( ( onetrustStorageConsent !== null ) && (onetrustStorageConsent.C0002 !== true ) ) {\n\t\t\t\tconsent=\"revoke\";\n\t\t\t}\n\t\t\t\t!function(f,b,e,v,n,t,s){if(f.fbq)return;n=f.fbq=function()\n\t\t{n.callMethod? n.callMethod.apply(n,arguments):n.queue.push(arguments)}\n\t\t;if(!f._fbq)f._fbq=n;\n\t\tn.push=n;n.loaded=!0;n.version='2.0';n.queue=[];t=b.createElement(e);t.async=!0;\n\t\tt.src=v;s=b.getElementsByTagName(e)[0];s.parentNode.insertBefore(t,s)}(window,\n\t\tdocument,'script','https:\/\/connect.facebook.net\/en_US\/fbevents.js');\n\t\tfbq('consent', consent);\n\t\tfbq('init', '813236348753005');\n\t\tfbq('track', \"PageView\");\n\t<\/script><br \/>\n<br \/><br \/>\n<br \/><a href=\"https:\/\/www.boston.com\/sports\/new-england-patriots\/2024\/12\/08\/nick-saban-bill-belichick-potentially-coaching-college-quotes\/\">Source link <\/a><\/p>","protected":false},"excerpt":{"rendered":"<p>Patriotas &#8220;\u00c9 um pouco mais parecido com o futebol profissional.&#8221; Bill Belichick e Nick Saban conversam durante um treino. Foto de Butch Dill\/AP Numa reviravolta surpreendente, foi relatado que Bill&hellip;<\/p>","protected":false},"author":1,"featured_media":72999,"comment_status":"closed","ping_status":"open","sticky":false,"template":"","format":"standard","meta":{"content-type":"","footnotes":""},"categories":[1],"tags":[],"class_list":["post-72998","post","type-post","status-publish","format-standard","has-post-thumbnail","hentry","category-uncategorized"],"_links":{"self":[{"href":"https:\/\/tvbrazilusa.com\/pt\/wp-json\/wp\/v2\/posts\/72998","targetHints":{"allow":["GET"]}}],"collection":[{"href":"https:\/\/tvbrazilusa.com\/pt\/wp-json\/wp\/v2\/posts"}],"about":[{"href":"https:\/\/tvbrazilusa.com\/pt\/wp-json\/wp\/v2\/types\/post"}],"author":[{"embeddable":true,"href":"https:\/\/tvbrazilusa.com\/pt\/wp-json\/wp\/v2\/users\/1"}],"replies":[{"embeddable":true,"href":"https:\/\/tvbrazilusa.com\/pt\/wp-json\/wp\/v2\/comments?post=72998"}],"version-history":[{"count":1,"href":"https:\/\/tvbrazilusa.com\/pt\/wp-json\/wp\/v2\/posts\/72998\/revisions"}],"predecessor-version":[{"id":73000,"href":"https:\/\/tvbrazilusa.com\/pt\/wp-json\/wp\/v2\/posts\/72998\/revisions\/73000"}],"wp:featuredmedia":[{"embeddable":true,"href":"https:\/\/tvbrazilusa.com\/pt\/wp-json\/wp\/v2\/media\/72999"}],"wp:attachment":[{"href":"https:\/\/tvbrazilusa.com\/pt\/wp-json\/wp\/v2\/media?parent=72998"}],"wp:term":[{"taxonomy":"category","embeddable":true,"href":"https:\/\/tvbrazilusa.com\/pt\/wp-json\/wp\/v2\/categories?post=72998"},{"taxonomy":"post_tag","embeddable":true,"href":"https:\/\/tvbrazilusa.com\/pt\/wp-json\/wp\/v2\/tags?post=72998"}],"curies":[{"name":"wp","href":"https:\/\/api.w.org\/{rel}","templated":true}]}}