{"id":73001,"date":"2024-12-08T17:58:26","date_gmt":"2024-12-08T17:58:26","guid":{"rendered":"https:\/\/tvbrazilusa.com\/2024\/12\/08\/dia-historico-segundo-o-primeiro-ministro-israelense-benjamin-netanyahu-em-referencia-ao-fim-do-governo-de-assad-na-siria\/"},"modified":"2024-12-08T17:58:27","modified_gmt":"2024-12-08T17:58:27","slug":"dia-historico-segundo-o-primeiro-ministro-israelense-benjamin-netanyahu-em-referencia-ao-fim-do-governo-de-assad-na-siria","status":"publish","type":"post","link":"https:\/\/tvbrazilusa.com\/pt\/2024\/12\/08\/dia-historico-segundo-o-primeiro-ministro-israelense-benjamin-netanyahu-em-referencia-ao-fim-do-governo-de-assad-na-siria\/","title":{"rendered":"&#8216;Dia hist\u00f3rico&#8217;, segundo o primeiro-ministro israelense Benjamin Netanyahu, em refer\u00eancia ao fim do governo de Assad na S\u00edria"},"content":{"rendered":"<p> <script async src=\"https:\/\/pagead2.googlesyndication.com\/pagead\/js\/adsbygoogle.js?client=ca-pub-8864793242727901\"\r\n     crossorigin=\"anonymous\"><\/script><br \/>\n<\/p>\n<div id=\"taboola-read-more\" style=\"display:block; width:100%\">\n<p>O primeiro-ministro israelense, Benjamin Netanyahu, saudou a deposi\u00e7\u00e3o de Bashar al-Assad da S\u00edria neste domingo (8) como um \u201cdia hist\u00f3rico\u201d que se seguiu aos golpes desferidos por Israel contra os apoiadores de Assad, Ir\u00e3 e Hezbollah, no L\u00edbano.\n<\/p>\n<p>Em uma visita \u00e0 \u00e1rea perto da fronteira com a S\u00edria, ele disse que ordenou que as for\u00e7as israelenses tomassem \u00e1reas na zona de amortecimento para garantir a seguran\u00e7a de Israel e disse: \u201cN\u00e3o permitiremos que nenhuma for\u00e7a hostil se estabele\u00e7a em nossa fronteira\u201d.<\/p>\n<p><strong>Entenda o conflito na S\u00edria<\/strong>\n<\/p>\n<p>A guerra civil da S\u00edria come\u00e7ou durante a Primavera \u00c1rabe, em 2011, quando o regime de Bashar al-Assad reprimiu uma revolta pr\u00f3-democracia.\n<\/p>\n<p>O pa\u00eds mergulhou em um conflito em grande escala quando uma for\u00e7a rebelde foi formada, conhecida como Ex\u00e9rcito S\u00edrio Livre, para combater as tropas do governo.\n<\/p>\n<p>Al\u00e9m disso, o Estado Isl\u00e2mico, um grupo terrorista, tamb\u00e9m conseguiu se firmar no pa\u00eds e chegou a controlar 70% do territ\u00f3rio s\u00edrio.\n<\/p>\n<p>Os combates aumentaram \u00e0 medida que outros atores regionais e pot\u00eancias mundiais \u2013 da Ar\u00e1bia Saudita, Ir\u00e3, Estados Unidos \u00e0 R\u00fassia \u2013 se juntaram, intensificando a guerra no pa\u00eds para o que alguns observadores descreveram como uma \u201cguerra por procura\u00e7\u00e3o\u201d.\n<\/p>\n<p>A R\u00fassia se aliou ao governo de Bashar al-Assad para combater o Estado Isl\u00e2mico e os rebeldes, enquanto os Estados Unidos lideraram uma coaliz\u00e3o internacional para repelir o grupo terrorista.\n<\/p>\n<p>Ap\u00f3s um acordo de cessar-fogo em 2020, o conflito permaneceu em grande parte \u201cadormecido\u201d, com confrontos pequenos entre os rebeldes e o regime de Assad.\n<\/p>\n<p>Mais de 300 mil civis foram mortos em mais de uma d\u00e9cada de guerra, de acordo com a ONU, e milh\u00f5es de pessoas foram deslocadas pela regi\u00e3o.\n<\/p>\n<p>Fonte: CNN              <\/p>\n<\/div>\n<p><br \/>\n<br \/><a href=\"https:\/\/diariodobrasilnoticias.com.br\/noticia\/-dia-historico-segundo-o-primeiro-ministro-israelense-benjamin-netanyahu-em-referencia-ao-fim-do-governo-de-assad-na-siria-6755b9cc08419\">Source link <\/a><\/p>","protected":false},"excerpt":{"rendered":"<p>O primeiro-ministro israelense, Benjamin Netanyahu, saudou a deposi\u00e7\u00e3o de Bashar al-Assad da S\u00edria neste domingo (8) como um \u201cdia hist\u00f3rico\u201d que se seguiu aos golpes desferidos por Israel contra os&hellip;<\/p>","protected":false},"author":1,"featured_media":73002,"comment_status":"closed","ping_status":"open","sticky":false,"template":"","format":"standard","meta":{"content-type":"","footnotes":""},"categories":[16],"tags":[123,2448,5313,1267],"class_list":["post-73001","post","type-post","status-publish","format-standard","has-post-thumbnail","hentry","category-noticias","tag-brasil","tag-diario","tag-noticia","tag-noticias"],"_links":{"self":[{"href":"https:\/\/tvbrazilusa.com\/pt\/wp-json\/wp\/v2\/posts\/73001","targetHints":{"allow":["GET"]}}],"collection":[{"href":"https:\/\/tvbrazilusa.com\/pt\/wp-json\/wp\/v2\/posts"}],"about":[{"href":"https:\/\/tvbrazilusa.com\/pt\/wp-json\/wp\/v2\/types\/post"}],"author":[{"embeddable":true,"href":"https:\/\/tvbrazilusa.com\/pt\/wp-json\/wp\/v2\/users\/1"}],"replies":[{"embeddable":true,"href":"https:\/\/tvbrazilusa.com\/pt\/wp-json\/wp\/v2\/comments?post=73001"}],"version-history":[{"count":1,"href":"https:\/\/tvbrazilusa.com\/pt\/wp-json\/wp\/v2\/posts\/73001\/revisions"}],"predecessor-version":[{"id":73003,"href":"https:\/\/tvbrazilusa.com\/pt\/wp-json\/wp\/v2\/posts\/73001\/revisions\/73003"}],"wp:featuredmedia":[{"embeddable":true,"href":"https:\/\/tvbrazilusa.com\/pt\/wp-json\/wp\/v2\/media\/73002"}],"wp:attachment":[{"href":"https:\/\/tvbrazilusa.com\/pt\/wp-json\/wp\/v2\/media?parent=73001"}],"wp:term":[{"taxonomy":"category","embeddable":true,"href":"https:\/\/tvbrazilusa.com\/pt\/wp-json\/wp\/v2\/categories?post=73001"},{"taxonomy":"post_tag","embeddable":true,"href":"https:\/\/tvbrazilusa.com\/pt\/wp-json\/wp\/v2\/tags?post=73001"}],"curies":[{"name":"wp","href":"https:\/\/api.w.org\/{rel}","templated":true}]}}