{"id":73004,"date":"2024-12-08T18:10:26","date_gmt":"2024-12-08T18:10:26","guid":{"rendered":"https:\/\/tvbrazilusa.com\/2024\/12\/08\/em-meio-a-conflitos-e-a-queda-do-governo-assad-itamaraty-orienta-brasileiros-a-deixarem-a-siria\/"},"modified":"2024-12-08T18:10:27","modified_gmt":"2024-12-08T18:10:27","slug":"em-meio-a-conflitos-e-a-queda-do-governo-assad-itamaraty-orienta-brasileiros-a-deixarem-a-siria","status":"publish","type":"post","link":"https:\/\/tvbrazilusa.com\/pt\/2024\/12\/08\/em-meio-a-conflitos-e-a-queda-do-governo-assad-itamaraty-orienta-brasileiros-a-deixarem-a-siria\/","title":{"rendered":"Em meio a conflitos e \u00e0 queda do governo Assad, Itamaraty orienta brasileiros a deixarem a S\u00edria"},"content":{"rendered":"<p> <script async src=\"https:\/\/pagead2.googlesyndication.com\/pagead\/js\/adsbygoogle.js?client=ca-pub-8864793242727901\"\r\n     crossorigin=\"anonymous\"><\/script><br \/>\n<\/p>\n<div id=\"taboola-read-more\" style=\"display:block; width:100%\">\n<p>O Minist\u00e9rio das Rela\u00e7\u00f5es Exteriores orientou brasileiros a deixarem a S\u00edria devido ao agravamento dos conflitos no pa\u00eds. Em nota, o Itamaraty tamb\u00e9m pediu uma solu\u00e7\u00e3o pac\u00edfica para a crise, ressaltando a necessidade de respeito \u00e0 soberania e \u00e0 integridade territorial do pa\u00eds no Oriente M\u00e9dio.\n<\/p>\n<p>Rebeldes s\u00edrios anunciaram neste domingo, 8, a captura de Damasco e a deposi\u00e7\u00e3o do regime do ditador Bashar al-Assad.\u00a0<\/p>\n<p>\u201cO governo brasileiro acompanha, com preocupa\u00e7\u00e3o, a escalada de hostilidades na S\u00edria. Exorta todas as partes envolvidas a exercerem m\u00e1xima conten\u00e7\u00e3o e a assegurarem a integridade da popula\u00e7\u00e3o e da infraestrutura civis\u201d, afirmou o Itamaraty em nota divulgada no s\u00e1bado.\n<\/p>\n<p>O minist\u00e9rio informou que monitora a situa\u00e7\u00e3o de brasileiros no pa\u00eds e que, at\u00e9 o momento, n\u00e3o h\u00e1 registro de v\u00edtimas entre eles.\n<\/p>\n<p><strong>A queda de Bashar al-Assad<\/strong>\n<\/p>\n<p>A queda do regime de Assad foi anunciada por for\u00e7as rebeldes, que declararam a \u201cliberta\u00e7\u00e3o de Damasco\u201d ap\u00f3s uma ofensiva que encerrou cinco d\u00e9cadas de dom\u00ednio da fam\u00edlia Assad.\n<\/p>\n<p>De acordo com o Observat\u00f3rio S\u00edrio para os Direitos Humanos, Assad teria deixado o pa\u00eds pelo aeroporto de Damasco antes que as for\u00e7as de seguran\u00e7a abandonassem o local.\n<\/p>\n<p>Desde 2015, o regime s\u00edrio vinha reconquistando territ\u00f3rio com apoio militar da R\u00fassia, do Ir\u00e3 e do grupo liban\u00eas Hezbollah. No entanto, a press\u00e3o internacional e o desvio de recursos russos para a guerra na Ucr\u00e2nia enfraqueceram a capacidade de defesa de Assad.\n<\/p>\n<p>A ofensiva que culminou na queda de Assad, liderada pelo grupo jihadista Hayet Tahrir al-Sham (HTS), avan\u00e7ou rapidamente desde o in\u00edcio de dezembro, conquistando cidades estrat\u00e9gicas como Homs e sub\u00farbios de Damasco.\n<\/p>\n<p>Esse \u00e9 o maior rev\u00e9s militar sofrido pelo regime s\u00edrio desde o in\u00edcio da guerra civil em 2011, que j\u00e1 causou mais de 500 mil mortes.\n<\/p>\n<p>Fonte: O Antagonista              <\/p>\n<\/div>\n<p><br \/>\n<br \/><a href=\"https:\/\/diariodobrasilnoticias.com.br\/noticia\/em-meio-a-conflitos-e-a-queda-do-governo-assad-itamaraty-orienta-brasileiros-a-deixarem-a-siria-6755bca77f2a4\">Source link <\/a><\/p>","protected":false},"excerpt":{"rendered":"<p>O Minist\u00e9rio das Rela\u00e7\u00f5es Exteriores orientou brasileiros a deixarem a S\u00edria devido ao agravamento dos conflitos no pa\u00eds. Em nota, o Itamaraty tamb\u00e9m pediu uma solu\u00e7\u00e3o pac\u00edfica para a crise,&hellip;<\/p>","protected":false},"author":1,"featured_media":73005,"comment_status":"closed","ping_status":"open","sticky":false,"template":"","format":"standard","meta":{"content-type":"","footnotes":""},"categories":[16],"tags":[123,2448,5313,1267],"class_list":["post-73004","post","type-post","status-publish","format-standard","has-post-thumbnail","hentry","category-noticias","tag-brasil","tag-diario","tag-noticia","tag-noticias"],"_links":{"self":[{"href":"https:\/\/tvbrazilusa.com\/pt\/wp-json\/wp\/v2\/posts\/73004","targetHints":{"allow":["GET"]}}],"collection":[{"href":"https:\/\/tvbrazilusa.com\/pt\/wp-json\/wp\/v2\/posts"}],"about":[{"href":"https:\/\/tvbrazilusa.com\/pt\/wp-json\/wp\/v2\/types\/post"}],"author":[{"embeddable":true,"href":"https:\/\/tvbrazilusa.com\/pt\/wp-json\/wp\/v2\/users\/1"}],"replies":[{"embeddable":true,"href":"https:\/\/tvbrazilusa.com\/pt\/wp-json\/wp\/v2\/comments?post=73004"}],"version-history":[{"count":1,"href":"https:\/\/tvbrazilusa.com\/pt\/wp-json\/wp\/v2\/posts\/73004\/revisions"}],"predecessor-version":[{"id":73006,"href":"https:\/\/tvbrazilusa.com\/pt\/wp-json\/wp\/v2\/posts\/73004\/revisions\/73006"}],"wp:featuredmedia":[{"embeddable":true,"href":"https:\/\/tvbrazilusa.com\/pt\/wp-json\/wp\/v2\/media\/73005"}],"wp:attachment":[{"href":"https:\/\/tvbrazilusa.com\/pt\/wp-json\/wp\/v2\/media?parent=73004"}],"wp:term":[{"taxonomy":"category","embeddable":true,"href":"https:\/\/tvbrazilusa.com\/pt\/wp-json\/wp\/v2\/categories?post=73004"},{"taxonomy":"post_tag","embeddable":true,"href":"https:\/\/tvbrazilusa.com\/pt\/wp-json\/wp\/v2\/tags?post=73004"}],"curies":[{"name":"wp","href":"https:\/\/api.w.org\/{rel}","templated":true}]}}