{"id":73007,"date":"2024-12-08T18:23:30","date_gmt":"2024-12-08T18:23:30","guid":{"rendered":"https:\/\/tvbrazilusa.com\/2024\/12\/08\/vice-prefeito-eleito-de-sao-paulo-diz-que-abusos-cometidos-pela-pm-refletem-descredito-da-justica-e-classificou-atos-como-lamentaveis\/"},"modified":"2024-12-08T18:23:31","modified_gmt":"2024-12-08T18:23:31","slug":"vice-prefeito-eleito-de-sao-paulo-diz-que-abusos-cometidos-pela-pm-refletem-descredito-da-justica-e-classificou-atos-como-lamentaveis","status":"publish","type":"post","link":"https:\/\/tvbrazilusa.com\/pt\/2024\/12\/08\/vice-prefeito-eleito-de-sao-paulo-diz-que-abusos-cometidos-pela-pm-refletem-descredito-da-justica-e-classificou-atos-como-lamentaveis\/","title":{"rendered":"Vice-prefeito eleito de S\u00e3o Paulo diz que abusos cometidos pela PM refletem &#8216;descr\u00e9dito da justi\u00e7a&#8217; e classificou atos como &#8216;lament\u00e1veis&#8217;"},"content":{"rendered":"<p> <script async src=\"https:\/\/pagead2.googlesyndication.com\/pagead\/js\/adsbygoogle.js?client=ca-pub-8864793242727901\"\r\n     crossorigin=\"anonymous\"><\/script><br \/>\n<\/p>\n<div id=\"taboola-read-more\" style=\"display:block; width:100%\">\n<p>O vice-prefeito eleito de S\u00e3o Paulo, coronel Mello Ara\u00fajo (PL), classificou os recentes casos de abvsos cometidos por policiais como \u201clament\u00e1veis\u201d e afirmou que os respons\u00e1veis dever\u00e3o pagar um \u201cpre\u00e7o muito caro\u201d.\n<\/p>\n<p>Ex-comandante das Rondas Ostensivas Tobias de Aguiar (Rota), batalh\u00e3o de elite da Pol\u00edcia Militar, Mello entende que os epis\u00f3dios refletem um \u201cdescr\u00e9dito da Justi\u00e7a\u201d por parte dos agentes.<\/p>\n<p>\u201cEu conhe\u00e7o a minha institui\u00e7\u00e3o. A Corregedoria \u00e9 muito forte, bate pesado. A chance desse policial perder a farda \u00e9 gigantesca\u201d, afirmou em entrevista ao Metr\u00f3poles, se referindo ao policial preso ap\u00f3s arremessar um homem de uma ponte, na \u00faltima segunda-feira (2\/12), durante abordagem.\n<\/p>\n<p>Embora condene a atitude do agente, Mello afirma que esse e outros casos recentes envolvendo viol\u00eancia policial s\u00e3o motivados por um sentimento de que a justi\u00e7a n\u00e3o \u00e9 feita.\n<\/p>\n<p>\u201cN\u00e3o existe discuss\u00e3o, est\u00e1 errado. Mas precisamos entender por que est\u00e1 acontecendo isso. Estou falando de forma geral. Esse policial \u00e9 da sociedade. Por que a sociedade est\u00e1 resolvendo os problemas da forma que entende que \u00e9 certo e n\u00e3o seguindo a lei? Hoje voc\u00ea prende uma pessoa e sabe que ela vai ser solta. Quando come\u00e7a a acontecer isso, as pessoas n\u00e3o acreditam mais na Justi\u00e7a\u201d, afirma, defendendo um endurecimento da Lei de Execu\u00e7\u00f5es Penais.\n<\/p>\n<p>Apesar da avalia\u00e7\u00e3o, o vice eleito classifica as a\u00e7\u00f5es como atos isolados. \u201cTemos milhares de atendimentos todos os dias. A\u00ed surgiu uma sequ\u00eancia (de abvsos) e a imprensa fica com o olho mais agu\u00e7ado\u201d, disse.\n<\/p>\n<p>Fonte: Metr\u00f3poles              <\/p>\n<\/div>\n<p><br \/>\n<br \/><a href=\"https:\/\/diariodobrasilnoticias.com.br\/noticia\/vice-prefeito-eleito-de-sao-paulo-diz-que-abusos-cometidos-pela-pm-refletem-descredito-da-justica-e-classificou-atos-como-lamentaveis-6755be5387f11\">Source link <\/a><\/p>","protected":false},"excerpt":{"rendered":"<p>O vice-prefeito eleito de S\u00e3o Paulo, coronel Mello Ara\u00fajo (PL), classificou os recentes casos de abvsos cometidos por policiais como \u201clament\u00e1veis\u201d e afirmou que os respons\u00e1veis dever\u00e3o pagar um \u201cpre\u00e7o&hellip;<\/p>","protected":false},"author":1,"featured_media":73008,"comment_status":"closed","ping_status":"open","sticky":false,"template":"","format":"standard","meta":{"content-type":"","footnotes":""},"categories":[16],"tags":[123,2448,5313,1267],"class_list":["post-73007","post","type-post","status-publish","format-standard","has-post-thumbnail","hentry","category-noticias","tag-brasil","tag-diario","tag-noticia","tag-noticias"],"_links":{"self":[{"href":"https:\/\/tvbrazilusa.com\/pt\/wp-json\/wp\/v2\/posts\/73007","targetHints":{"allow":["GET"]}}],"collection":[{"href":"https:\/\/tvbrazilusa.com\/pt\/wp-json\/wp\/v2\/posts"}],"about":[{"href":"https:\/\/tvbrazilusa.com\/pt\/wp-json\/wp\/v2\/types\/post"}],"author":[{"embeddable":true,"href":"https:\/\/tvbrazilusa.com\/pt\/wp-json\/wp\/v2\/users\/1"}],"replies":[{"embeddable":true,"href":"https:\/\/tvbrazilusa.com\/pt\/wp-json\/wp\/v2\/comments?post=73007"}],"version-history":[{"count":1,"href":"https:\/\/tvbrazilusa.com\/pt\/wp-json\/wp\/v2\/posts\/73007\/revisions"}],"predecessor-version":[{"id":73009,"href":"https:\/\/tvbrazilusa.com\/pt\/wp-json\/wp\/v2\/posts\/73007\/revisions\/73009"}],"wp:featuredmedia":[{"embeddable":true,"href":"https:\/\/tvbrazilusa.com\/pt\/wp-json\/wp\/v2\/media\/73008"}],"wp:attachment":[{"href":"https:\/\/tvbrazilusa.com\/pt\/wp-json\/wp\/v2\/media?parent=73007"}],"wp:term":[{"taxonomy":"category","embeddable":true,"href":"https:\/\/tvbrazilusa.com\/pt\/wp-json\/wp\/v2\/categories?post=73007"},{"taxonomy":"post_tag","embeddable":true,"href":"https:\/\/tvbrazilusa.com\/pt\/wp-json\/wp\/v2\/tags?post=73007"}],"curies":[{"name":"wp","href":"https:\/\/api.w.org\/{rel}","templated":true}]}}