{"id":73013,"date":"2024-12-08T18:51:37","date_gmt":"2024-12-08T18:51:37","guid":{"rendered":"https:\/\/tvbrazilusa.com\/2024\/12\/08\/caso-nao-possa-concorrer-a-presidencia-o-ex-presidente-bolsonaro-pode-surpreender-a-todos-diz-valdemar-presidente-do-pl\/"},"modified":"2024-12-08T18:51:37","modified_gmt":"2024-12-08T18:51:37","slug":"caso-nao-possa-concorrer-a-presidencia-o-ex-presidente-bolsonaro-pode-surpreender-a-todos-diz-valdemar-presidente-do-pl","status":"publish","type":"post","link":"https:\/\/tvbrazilusa.com\/pt\/2024\/12\/08\/caso-nao-possa-concorrer-a-presidencia-o-ex-presidente-bolsonaro-pode-surpreender-a-todos-diz-valdemar-presidente-do-pl\/","title":{"rendered":"Caso n\u00e3o possa concorrer \u00e0 presid\u00eancia, o ex-presidente Bolsonaro &#8216;pode surpreender a todos&#8217;, diz Valdemar, presidente do PL"},"content":{"rendered":"<p> <script async src=\"https:\/\/pagead2.googlesyndication.com\/pagead\/js\/adsbygoogle.js?client=ca-pub-8864793242727901\"\r\n     crossorigin=\"anonymous\"><\/script><br \/>\n<\/p>\n<div id=\"taboola-read-more\" style=\"display:block; width:100%\">\n<p>Em meio \u00e0s especula\u00e7\u00f5es sobre quem poder\u00e1 ser o candidato do PL no lugar do ex-presidente Bolsonaro, o filho 03 do capit\u00e3o chegou a dizer que pode ser o plano B, caso o pai n\u00e3o possa se eleger. O presidente do partido, Valdemar Costa Neto, diz \u00e0 coluna que o nome do deputado federal Eduardo Bolsonaro passou a circular pelo fato dele estar se destacando e n\u00e3o por uma escolha j\u00e1 definida pelo ex-presidente.\n<\/p>\n<p>Mas Valdemar ressalta que quem ir\u00e1 bater o martelo sobre o nome do candidato que disputar\u00e1 a elei\u00e7\u00e3o presidencial em 2026 ser\u00e1 o Bolsonaro, caso n\u00e3o consiga reverter a sua inelegibilidade na justi\u00e7a e com uma anistia aprovada pelo Congresso.<\/p>\n<p>O presidente do PL disse que ainda n\u00e3o tem nada definido. \u201cDepois que ele escolheu Tarc\u00edsio para S\u00e3o Paulo, ele pode surpreender a todos novamente. Mas acredito na candidatura dele [Bolsonaro]\u201d, afirmou.\n<\/p>\n<p>Fonte: Veja              <\/p>\n<\/div>\n<p><br \/>\n<br \/><a href=\"https:\/\/diariodobrasilnoticias.com.br\/noticia\/caso-nao-possa-concorrer-a-presidencia-o-ex-presidente-bolsonaro-pode-surpreender-a-todos-diz-valdemar-presidente-do-pl-6755b5de51fb9\">Source link <\/a><\/p>","protected":false},"excerpt":{"rendered":"<p>Em meio \u00e0s especula\u00e7\u00f5es sobre quem poder\u00e1 ser o candidato do PL no lugar do ex-presidente Bolsonaro, o filho 03 do capit\u00e3o chegou a dizer que pode ser o plano&hellip;<\/p>","protected":false},"author":1,"featured_media":73014,"comment_status":"closed","ping_status":"open","sticky":false,"template":"","format":"standard","meta":{"content-type":"","footnotes":""},"categories":[16],"tags":[123,2448,5313,1267],"class_list":["post-73013","post","type-post","status-publish","format-standard","has-post-thumbnail","hentry","category-noticias","tag-brasil","tag-diario","tag-noticia","tag-noticias"],"_links":{"self":[{"href":"https:\/\/tvbrazilusa.com\/pt\/wp-json\/wp\/v2\/posts\/73013","targetHints":{"allow":["GET"]}}],"collection":[{"href":"https:\/\/tvbrazilusa.com\/pt\/wp-json\/wp\/v2\/posts"}],"about":[{"href":"https:\/\/tvbrazilusa.com\/pt\/wp-json\/wp\/v2\/types\/post"}],"author":[{"embeddable":true,"href":"https:\/\/tvbrazilusa.com\/pt\/wp-json\/wp\/v2\/users\/1"}],"replies":[{"embeddable":true,"href":"https:\/\/tvbrazilusa.com\/pt\/wp-json\/wp\/v2\/comments?post=73013"}],"version-history":[{"count":1,"href":"https:\/\/tvbrazilusa.com\/pt\/wp-json\/wp\/v2\/posts\/73013\/revisions"}],"predecessor-version":[{"id":73015,"href":"https:\/\/tvbrazilusa.com\/pt\/wp-json\/wp\/v2\/posts\/73013\/revisions\/73015"}],"wp:featuredmedia":[{"embeddable":true,"href":"https:\/\/tvbrazilusa.com\/pt\/wp-json\/wp\/v2\/media\/73014"}],"wp:attachment":[{"href":"https:\/\/tvbrazilusa.com\/pt\/wp-json\/wp\/v2\/media?parent=73013"}],"wp:term":[{"taxonomy":"category","embeddable":true,"href":"https:\/\/tvbrazilusa.com\/pt\/wp-json\/wp\/v2\/categories?post=73013"},{"taxonomy":"post_tag","embeddable":true,"href":"https:\/\/tvbrazilusa.com\/pt\/wp-json\/wp\/v2\/tags?post=73013"}],"curies":[{"name":"wp","href":"https:\/\/api.w.org\/{rel}","templated":true}]}}