{"id":73042,"date":"2024-12-08T19:38:27","date_gmt":"2024-12-08T19:38:27","guid":{"rendered":"https:\/\/tvbrazilusa.com\/2024\/12\/08\/biden-diz-que-queda-de-assad-na-siria-e-um-ato-fundamental-de-justica-mas-um-momento-de-risco-wsvn-7news-noticias-de-miami-clima-esportes-fort-laud\/"},"modified":"2024-12-08T20:02:42","modified_gmt":"2024-12-08T20:02:42","slug":"biden-diz-que-queda-de-assad-na-siria-e-um-ato-fundamental-de-justica-mas-um-momento-de-risco-wsvn-7news-noticias-de-miami-clima-esportes-fort-laud","status":"publish","type":"post","link":"https:\/\/tvbrazilusa.com\/pt\/2024\/12\/08\/biden-diz-que-queda-de-assad-na-siria-e-um-ato-fundamental-de-justica-mas-um-momento-de-risco-wsvn-7news-noticias-de-miami-clima-esportes-fort-laud\/","title":{"rendered":"Biden diz que queda de Assad na S\u00edria \u00e9 um \u2018ato fundamental de justi\u00e7a\u2019, mas \u2018um momento de risco\u2019 \u2013 WSVN 7News | Not\u00edcias de Miami, clima, esportes | Fort Lauderdale"},"content":{"rendered":"<p> <script async src=\"https:\/\/pagead2.googlesyndication.com\/pagead\/js\/adsbygoogle.js?client=ca-pub-8864793242727901\"\r\n     crossorigin=\"anonymous\"><\/script><br \/>\n<\/p>\n<div itemprop=\"articleBody\">\n<p>WASHINGTON (AP) \u2013 O presidente Joe Biden disse no domingo que o colapso repentino do governo s\u00edrio sob Bashar Assad \u00e9 um \u201cato fundamental de justi\u00e7a\u201d ap\u00f3s d\u00e9cadas de repress\u00e3o, mas foi \u201cum momento de risco e incerteza\u201d para o Oriente M\u00e9dio.<\/p>\n<p>Biden falou na Casa Branca horas depois de grupos rebeldes terem conclu\u00eddo a tomada do pa\u00eds, ap\u00f3s mais de uma d\u00fazia de anos de violenta guerra civil e d\u00e9cadas de lideran\u00e7a de Assad e sua fam\u00edlia. A administra\u00e7\u00e3o cessante de Biden e o presidente eleito, Donald Trump, estavam a trabalhar para dar sentido \u00e0s novas amea\u00e7as e oportunidades em todo o M\u00e9dio Oriente.<\/p>\n<p>Biden atribuiu \u00e0 ac\u00e7\u00e3o dos EUA e dos seus aliados o enfraquecimento dos apoiantes da S\u00edria \u2013 R\u00fassia, Ir\u00e3o e Hezbollah. Ele disse \u201cpela primeira vez\u201d que j\u00e1 n\u00e3o podiam defender o controlo de Assad no poder.<\/p>\n<p>\u201cA nossa abordagem alterou o equil\u00edbrio de poder no M\u00e9dio Oriente\u201d, disse Biden, ap\u00f3s uma reuni\u00e3o com a sua equipa de seguran\u00e7a nacional na Casa Branca.<\/p>\n<p>Trump disse no domingo que Assad fugiu do seu pa\u00eds, que a sua fam\u00edlia governou durante d\u00e9cadas, porque o aliado pr\u00f3ximo Vladimir Putin, o presidente russo, \u201cn\u00e3o estava mais interessado em proteg\u00ea-lo\u201d.<\/p>\n<p>Esses coment\u00e1rios na plataforma de redes sociais de Trump surgiram um dia depois de ele ter usado outra publica\u00e7\u00e3o para criticar a possibilidade de os EUA intervirem militarmente na S\u00edria para ajudar os rebeldes, declarando: \u201cESTA N\u00c3O \u00c9 A NOSSA LUTA\u201d. A administra\u00e7\u00e3o Biden n\u00e3o tinha inten\u00e7\u00e3o de intervir, segundo o conselheiro de seguran\u00e7a nacional de Biden.<\/p>\n<p>Os EUA t\u00eam cerca de 900 soldados na S\u00edria, incluindo for\u00e7as que trabalham com aliados curdos no nordeste controlado pela oposi\u00e7\u00e3o para evitar qualquer ressurgimento do grupo Estado Isl\u00e2mico. Biden disse que pretendia que as tropas permanecessem, acrescentando que as for\u00e7as dos EUA conduziram no domingo \u201cdezenas\u201d do que chamou de \u201cataques a\u00e9reos de precis\u00e3o\u201d contra campos e opera\u00e7\u00f5es do EI na S\u00edria.<\/p>\n<p>A oposi\u00e7\u00e3o s\u00edria que derrubou Assad \u00e9 liderada por Hayat Tahrir al-Sham. A administra\u00e7\u00e3o Biden designou o grupo como uma organiza\u00e7\u00e3o terrorista e afirma que tem liga\u00e7\u00f5es com a Al Qaeda, embora Hayat Tahrir al-Sham afirme que desde ent\u00e3o rompeu la\u00e7os com a Al Qaeda.<\/p>\n<p>\u201cPermaneceremos vigilantes\u201d, disse Biden. \u201cN\u00e3o se engane, alguns dos grupos rebeldes que derrubaram Assad t\u00eam o seu pr\u00f3prio hist\u00f3rico sombrio de terrorismo e abusos dos direitos humanos.\u201d Ele acrescentou que os grupos est\u00e3o \u201cdizendo as coisas certas agora\u201d.<\/p>\n<p>\u201cMas \u00e0 medida que assumem maiores responsabilidades, avaliaremos n\u00e3o apenas as suas palavras, mas tamb\u00e9m as suas a\u00e7\u00f5es\u201d, disse Biden.<\/p>\n<p>A queda de Assad contribui para uma situa\u00e7\u00e3o j\u00e1 tensa em grande parte da regi\u00e3o, em muitas frentes, incluindo a guerra de Israel com o Hamas em Gaza e o seu fr\u00e1gil cessar-fogo com o Hezbollah no L\u00edbano.<\/p>\n<p>Trump, que toma posse em 20 de janeiro de 2025, fez uma liga\u00e7\u00e3o entre a agita\u00e7\u00e3o na S\u00edria e a guerra da R\u00fassia na Ucr\u00e2nia, observando que os aliados de Assad em Moscovo, bem como no Ir\u00e3o, o principal patrocinador do Hamas e do Hezbollah, \u201cest\u00e3o numa situa\u00e7\u00e3o dif\u00edcil\u201d. estado enfraquecido agora.\u201d<\/p>\n<p>O vice-presidente eleito JD Vance, um veterano da guerra liderada pelos EUA no Iraque, escreveu no domingo nas pr\u00f3prias redes sociais para expressar ceticismo em rela\u00e7\u00e3o aos insurgentes.<\/p>\n<p>\u201cMuitos dos &#8216;rebeldes&#8217; s\u00e3o literalmente uma ramifica\u00e7\u00e3o do ISIS. Pode-se esperar que eles tenham moderado. O tempo dir\u00e1\u201d, disse ele, usando outro acr\u00f4nimo para EI.<\/p>\n<p>Trump sugeriu que a derrubada de Assad pode aumentar as perspectivas de fim dos combates na Ucr\u00e2nia, que foi invadida pela R\u00fassia em fevereiro de 2022.<\/p>\n<p>Trump escreveu que o governo de Putin \u201cperdeu todo o interesse na S\u00edria por causa da Ucr\u00e2nia\u201d e o republicano apelou a um cessar-fogo imediato, um dia depois de se reunir em Paris com os l\u00edderes franceses e ucranianos.<\/p>\n<p>Daniel B. Shapiro, vice-secret\u00e1rio adjunto de defesa para o M\u00e9dio Oriente, disse que a presen\u00e7a militar americana continuar\u00e1 no leste da S\u00edria, mas servir\u00e1 \u201capenas para garantir a derrota duradoura do ISIS e n\u00e3o tem nada a ver com outros aspectos deste conflito\u201d.<\/p>\n<p>\u201cApelamos a todas as partes na S\u00edria para que protejam os civis, especialmente aqueles das comunidades minorit\u00e1rias da S\u00edria, para que respeitem as normas militares internacionais e trabalhem para alcan\u00e7ar uma resolu\u00e7\u00e3o que inclua o acordo pol\u00edtico\u201d, disse Shapiro.<\/p>\n<p>\u201cV\u00e1rios atores neste conflito t\u00eam um hist\u00f3rico terr\u00edvel que inclui os crimes horr\u00edveis de Assad, o bombardeio indiscriminado de bombas a\u00e9reas da R\u00fassia, o envolvimento de mil\u00edcias apoiadas pelo Ir\u00e3 e as atrocidades do ISIS\u201d, acrescentou.<\/p>\n<p>Shapiro, contudo, teve o cuidado de n\u00e3o dizer directamente que Assad tinha sido deposto pelos insurgentes.<\/p>\n<p>\u201cSe for confirmado, ningu\u00e9m dever\u00e1 derramar l\u00e1grimas pelo regime de Assad\u201d, disse ele.<\/p>\n<p>\u00c0 medida que avan\u00e7avam em dire\u00e7\u00e3o \u00e0 capital s\u00edria, Damasco, a oposi\u00e7\u00e3o libertou os presos pol\u00edticos das pris\u00f5es governamentais. A fam\u00edlia do jornalista americano desaparecido Austin Tice renovou os apelos para encontr\u00e1-lo.<\/p>\n<p>\u201cA todos na S\u00edria que ouvem isto, por favor lembrem \u00e0s pessoas que estamos \u00e0 espera de Austin\u201d, disse a m\u00e3e de Tice, Debra, em coment\u00e1rios que grupos de defesa dos ref\u00e9ns divulgaram nas redes sociais. \u201cSabemos que quando ele sair, ficar\u00e1 bastante atordoado e precisar\u00e1 de muito cuidado e orienta\u00e7\u00e3o. Direcione-o para sua fam\u00edlia, por favor!<\/p>\n<p>Tice desapareceu em 2012 nos arredores de Damasco, no meio da intensifica\u00e7\u00e3o do que se tornou uma guerra civil que se estendeu por mais de uma d\u00e9cada.<\/p>\n<p>Continuamos comprometidos em devolv\u00ea-lo \u00e0 sua fam\u00edlia\u201d, disse Biden na Casa Branca. \u201cAcreditamos que ele est\u00e1 vivo, achamos que podemos recuper\u00e1-lo, mas ainda n\u00e3o temos provas diretas disso. E Assad deveria ser responsabilizado.\u201d<\/p>\n<p>O presidente acrescentou: \u201cTemos que identificar onde ele est\u00e1\u201d.<\/p>\n<p><em>Direitos autorais 2024 da Associated Press. Todos os direitos reservados. Este material n\u00e3o pode ser publicado, transmitido, reescrito ou redistribu\u00eddo.<\/em><\/p>\n<div class=\"wp-block-newsletter\">\n\t<strong class=\"wp-block-newsletter__title\">Cadastre-se em nosso boletim informativo para receber as \u00faltimas not\u00edcias diretamente na sua caixa de entrada<\/strong><\/p>\n<\/div><\/div>\n<p><br \/>\n<br \/><a href=\"https:\/\/wsvn.com\/news\/politics\/biden-says-assads-fall-in-syria-is-a-fundamental-act-of-justice-but-a-moment-of-risk\/\">Source link <\/a><\/p>","protected":false},"excerpt":{"rendered":"<p>WASHINGTON (AP) \u2013 O presidente Joe Biden disse no domingo que o colapso repentino do governo s\u00edrio sob Bashar Assad \u00e9 um \u201cato fundamental de justi\u00e7a\u201d ap\u00f3s d\u00e9cadas de repress\u00e3o,&hellip;<\/p>","protected":false},"author":1,"featured_media":73043,"comment_status":"closed","ping_status":"open","sticky":false,"template":"","format":"standard","meta":{"content-type":"","footnotes":""},"categories":[1],"tags":[],"class_list":["post-73042","post","type-post","status-publish","format-standard","has-post-thumbnail","hentry","category-uncategorized"],"_links":{"self":[{"href":"https:\/\/tvbrazilusa.com\/pt\/wp-json\/wp\/v2\/posts\/73042","targetHints":{"allow":["GET"]}}],"collection":[{"href":"https:\/\/tvbrazilusa.com\/pt\/wp-json\/wp\/v2\/posts"}],"about":[{"href":"https:\/\/tvbrazilusa.com\/pt\/wp-json\/wp\/v2\/types\/post"}],"author":[{"embeddable":true,"href":"https:\/\/tvbrazilusa.com\/pt\/wp-json\/wp\/v2\/users\/1"}],"replies":[{"embeddable":true,"href":"https:\/\/tvbrazilusa.com\/pt\/wp-json\/wp\/v2\/comments?post=73042"}],"version-history":[{"count":1,"href":"https:\/\/tvbrazilusa.com\/pt\/wp-json\/wp\/v2\/posts\/73042\/revisions"}],"predecessor-version":[{"id":73044,"href":"https:\/\/tvbrazilusa.com\/pt\/wp-json\/wp\/v2\/posts\/73042\/revisions\/73044"}],"wp:featuredmedia":[{"embeddable":true,"href":"https:\/\/tvbrazilusa.com\/pt\/wp-json\/wp\/v2\/media\/73043"}],"wp:attachment":[{"href":"https:\/\/tvbrazilusa.com\/pt\/wp-json\/wp\/v2\/media?parent=73042"}],"wp:term":[{"taxonomy":"category","embeddable":true,"href":"https:\/\/tvbrazilusa.com\/pt\/wp-json\/wp\/v2\/categories?post=73042"},{"taxonomy":"post_tag","embeddable":true,"href":"https:\/\/tvbrazilusa.com\/pt\/wp-json\/wp\/v2\/tags?post=73042"}],"curies":[{"name":"wp","href":"https:\/\/api.w.org\/{rel}","templated":true}]}}