{"id":73204,"date":"2024-12-09T03:44:29","date_gmt":"2024-12-09T03:44:29","guid":{"rendered":"https:\/\/tvbrazilusa.com\/2024\/12\/09\/jay-z-acusado-de-estuprar-adolescente-de-13-anos-com-sean-combs-chama-isso-de-chantagem\/"},"modified":"2024-12-09T03:52:13","modified_gmt":"2024-12-09T03:52:13","slug":"jay-z-acusado-de-estuprar-adolescente-de-13-anos-com-sean-combs-chama-isso-de-chantagem","status":"publish","type":"post","link":"https:\/\/tvbrazilusa.com\/pt\/2024\/12\/09\/jay-z-acusado-de-estuprar-adolescente-de-13-anos-com-sean-combs-chama-isso-de-chantagem\/","title":{"rendered":"Jay-Z, acusado de estuprar adolescente de 13 anos com Sean Combs, chama isso de chantagem"},"content":{"rendered":"<p> <script async src=\"https:\/\/pagead2.googlesyndication.com\/pagead\/js\/adsbygoogle.js?client=ca-pub-8864793242727901\"\r\n     crossorigin=\"anonymous\"><\/script><br \/>\n<\/p>\n<div id=\"\">\n<header class=\"m-article-header m-article-header--standard\">\n\t\t\t\t\t\t\t\t\t\t\t\t<span id=\"article-header-primary-term\"><br \/>\n\t\t\t\t\t\t\t\t<a class=\"a-term a-term--primary\" href=\"https:\/\/www.boston.com\/tag\/national-news\/\"><\/p>\n<p>\t\t\t\t\t\t\t\tNot\u00edcias Nacionais\t\t\t\t\t\t\t\t<\/a><br \/>\n\t\t\t\t\t\t\t<\/span><\/p>\n<h2 class=\"m-article-header__sub-headline\">Jay-Z foi acusado de estuprar uma menina de 13 anos com Sean Combs em uma a\u00e7\u00e3o movida no domingo por um demandante n\u00e3o identificado.<\/h2>\n<figure class=\"a-photo m-article-header__photo\"><figcaption class=\"a-photo__caption\">\n<p>\tJay-Z em uma foto de arquivo de 2019.<em> Foto de Greg Allen\/Invision\/AP<\/em>\t<\/figcaption><\/figure>\n<div class=\"m-article-header__meta\">\n<div class=\"m-article-header__byline\">\n<p class=\"m-article-header__author\">\n<p>\t\t\t\t\t\t\t\tPor Julia Jacobs, servi\u00e7o do New York Times\t\t\t\t\t\t\t<\/p>\n<p>\t\t\t\t\t\t\t\t\t\t\t\t\t\t\t<time class=\"m-article-header__date\"><\/p>\n<p>\t\t\t\t\t\t\t\t\t8 de dezembro de 2024\t\t\t\t\t\t\t\t<\/time><\/p><\/div>\n<\/p><\/div>\n<\/header>\n<p>Jay-Z foi acusado de estuprar uma menina de 13 anos com Sean Combs em uma a\u00e7\u00e3o movida no domingo por um demandante n\u00e3o identificado. Ele negou veementemente a acusa\u00e7\u00e3o e acusou o advogado que abriu a a\u00e7\u00e3o de tentar chantage\u00e1-lo com alega\u00e7\u00f5es falsas.<\/p>\n<p>As acusa\u00e7\u00f5es contra o rapper bilion\u00e1rio e magnata do hip-hop surgiram como parte do <a href=\"https:\/\/www.boston.com\/news\/crime\/2024\/10\/14\/6-people-accuse-sean-diddy-combs-of-sexual-assault-in-new-lawsuits-including-man-who-was-16-at-the-time\/\">enxurrada de lit\u00edgios<\/a> contra Combs, que enfrenta acusa\u00e7\u00f5es federais de tr\u00e1fico sexual e extors\u00e3o e pelo menos 30 <a href=\"https:\/\/www.boston.com\/culture\/crime\/2024\/10\/02\/sean-diddy-combs-accused-of-sexual-misconduct\/\">a\u00e7\u00f5es judiciais acusando-o de m\u00e1 conduta sexual<\/a>. Uma dessas a\u00e7\u00f5es, movida em outubro, acusou Combs e uma celebridade an\u00f4nima de estuprar a adolescente em uma festa ap\u00f3s o Video Music Awards em Nova York, em 2000.<\/p>\n<p>No domingo, o demandante alterou o processo para nomear Jay-Z como a outra celebridade, afirmando em documentos judiciais que ele e Combs se revezaram para estupr\u00e1-la depois que ela chegou \u00e0 festa e bebeu parte de uma bebida que a fez sentir-se \u201ctonta e tonta\u201d. .\u201d Jay-Z chamou as afirma\u00e7\u00f5es de \u201cidiotas\u201d e disse que veio de um mundo onde \u201cprotegemos as crian\u00e7as\u201d. Combs negou todas as acusa\u00e7\u00f5es de agress\u00e3o sexual e m\u00e1 conduta e se declarou inocente das acusa\u00e7\u00f5es criminais.<\/p>\n<p>A a\u00e7\u00e3o foi movida por Tony Buzbee, um advogado especializado em danos pessoais em Houston, que abriu pelo menos 20 a\u00e7\u00f5es de agress\u00e3o sexual contra Combs e usou uma linha direta de telefone, Instagram e uma coletiva de imprensa para encontrar clientes.<\/p>\n<p>Em uma extensa resposta, Jay-Z, 55, disse que recebeu uma carta de exig\u00eancia de Buzbee que parecia buscar um acordo, mas que a carta teve o efeito oposto: \u201cIsso me fez querer expor voc\u00ea pela fraude em que voc\u00ea est\u00e1 cometendo MUITO. moda p\u00fablica. Ent\u00e3o n\u00e3o, n\u00e3o vou te dar UM PENNY VERMELHO!!\u201d, dizia o comunicado.<\/p>\n<p>A declara\u00e7\u00e3o prosseguia: \u201cMeu cora\u00e7\u00e3o e apoio v\u00e3o para as verdadeiras v\u00edtimas no mundo, que t\u00eam que observar como sua hist\u00f3ria de vida \u00e9 fantasiada para lucratividade por este ca\u00e7ador de ambul\u00e2ncia em um terno barato. Voc\u00ea cometeu um erro terr\u00edvel de julgamento ao pensar que todas as &#8216;celebridades&#8217; s\u00e3o iguais. Eu n\u00e3o sou do seu mundo. Sou um jovem que saiu do projeto do Brooklyn. N\u00e3o jogamos esse tipo de jogo.\u201d<\/p>\n<p>A a\u00e7\u00e3o movida por Buzbee observou que Jay-Z respondeu \u00e0 carta legal entrando com uma a\u00e7\u00e3o preventiva, que a a\u00e7\u00e3o chamou de \u201cfr\u00edvola\u201d.<\/p>\n<p>De acordo com a a\u00e7\u00e3o do Buzbee movida no Tribunal Distrital Federal de Manhattan, o demandante foi ao Radio City Music Hall para tentar entrar no show de premia\u00e7\u00e3o que estava acontecendo l\u00e1 ou para participar de uma festa p\u00f3s-festa. Ela disse no processo que abordou v\u00e1rios motoristas de limusine estacionados perto do local, e que um motorista de Combs concordou em lev\u00e1-la para uma festa p\u00f3s-festa, que ela descreveu como tendo acontecido em uma \u201cgrande resid\u00eancia branca com um U- fechado. entrada em forma.\u201d<\/p>\n<p>O processo dizia que depois que a bebida que lhe foi dada a deixou tonta, ela foi se deitar em um quarto vazio, onde dizia que Combs, Jay-Z e uma celebridade feminina n\u00e3o identificada entraram.<\/p>\n<p>A a\u00e7\u00e3o judicial diz que o demandante foi pressionado por Jay-Z enquanto ele a estuprava, mas enquanto Combs a agredia, ela come\u00e7ou a bater no pesco\u00e7o dele e conseguiu escapar da festa. O processo dizia que ela correu at\u00e9 um posto de gasolina, onde seu pai a pegou.<\/p>\n<p>Os advogados de Combs negaram que ele tenha agredido sexualmente algu\u00e9m e disseram que a coletiva de imprensa realizada por Buzbee fazia parte de um \u201ccirco imprudente da m\u00eddia\u201d e de um golpe publicit\u00e1rio.<\/p>\n<p>Todas as a\u00e7\u00f5es do Buzbee foram inicialmente movidas por demandantes an\u00f4nimos. A ju\u00edza que supervisiona o caso contra Combs e Jay-Z concedeu ao demandante o anonimato temporariamente, mas em breve reavaliar\u00e1 se o reclamante pode prosseguir sem se identificar.<\/p>\n<p>Este artigo apareceu originalmente em <a href=\"https:\/\/www.nytimes.com\/2024\/12\/08\/arts\/jay-z-accused-in-suit-of-raping-minor-with-sean-combs-calls-it-blackmail.html\">O jornal New York Times<\/a>.<\/p>\n<\/p><\/div>\n<p><script>\n\t\tvar consent=\"grant\";\n\t\t\/* The above code is parsing the JSON data from the local storage and storing it in a variable. *\/\n\t\t\t\t\tconst onetrustStorageConsent = JSON.parse(localStorage.getItem( 'consent_one_trust_bdc' ) );\n\t\t\tif ( ( onetrustStorageConsent !== null ) ) {\n\t\t\t\t\/* Checking to see if the user has consented to the use of cookies.\n\t\t\t\t* If they have not, it is deleting the cookie.\n\t\t\t\t* This will comment for now, until further notice.\n\t\t\t\t*\/\n\t\t\t\t\/\/if ( onetrustStorageConsent.C0002 === false ) {\n\t\t\t\t\/\/\tdocument.cookie=\"_fbp=;expires=Thu, 01 Jan 2010 00:00:00 UTC; path=\/; domain=.boston.com\";\n\t\t\t\t\/\/}\n\t\t\t\t\/* Checking if the user has given consent for the cookie C0002.\n\t\t\t\t* If the user has given consent, the variable consent will be set to 'grant'.\n\t\t\t\t* If the user has not given consent,the variable consent will be set to 'revoke'.\n\t\t\t\t* Documentation https:\/\/developers.facebook.com\/docs\/meta-pixel\/implementation\/gdpr\n\t\t\t\t*\/\n\t\t\t\tif ( onetrustStorageConsent.C0002 !== true ) {\n\t\t\t\t\tconsent=\"revoke\";\n\t\t\t\t}\n\t\t\t}\n\t\t\t\t!function(f,b,e,v,n,t,s)\n\t\t{if(f.fbq)return;n=f.fbq=function(){n.callMethod?\n\t\tn.callMethod.apply(n,arguments):n.queue.push(arguments)};\n\t\tif(!f._fbq)f._fbq=n;n.push=n;n.loaded=!0;n.version='2.0';\n\t\tn.queue=[];t=b.createElement(e);t.async=!0;\n\t\tt.src=v;s=b.getElementsByTagName(e)[0];\n\t\ts.parentNode.insertBefore(t,s)}(window, document,'script',\n\t\t'https:\/\/connect.facebook.net\/en_US\/fbevents.js');\n\t\tfbq('consent', consent);\n\t\tfbq('init', '989222871864976');\n\t\tfbq('track', 'PageView');\n\t<\/script><script type=\"module\">\n\t\tvar consent=\"grant\";\n\t\t\/* The above code is parsing the JSON data from the local storage and storing it in a variable. *\/\n\t\t\tconst onetrustStorageConsent = JSON.parse(localStorage.getItem( 'consent_one_trust_bdc' ) );\n\t\t\t\/* Checking to see if the user has consented to the use of cookies.\n\t\t\t* If they have not, it is deleting the cookie.\n\t\t\t* This will comment for now, until further notice.\n\t\t\t*\/\n\t\t\t\/\/if ( onetrustStorageConsent.C0002 === false ) {\n\t\t\t\/\/\tdocument.cookie=\"_fbp=;expires=Thu, 01 Jan 2010 00:00:00 UTC; path=\/; domain=.boston.com\";\n\t\t\t\/\/}\n\t\t\t\/* Checking if the user has given consent for the cookie C0002.\n\t\t\t* If the user has given consent, the variable consent will be set to 'grant'.\n\t\t\t* If the user has not given consent,the variable consent will be set to 'revoke'.\n\t\t\t* Documentation https:\/\/developers.facebook.com\/docs\/meta-pixel\/implementation\/gdpr\n\t\t\t*\/\n\t\t\tif ( ( onetrustStorageConsent !== null ) && (onetrustStorageConsent.C0002 !== true ) ) {\n\t\t\t\tconsent=\"revoke\";\n\t\t\t}\n\t\t\t\t!function(f,b,e,v,n,t,s){if(f.fbq)return;n=f.fbq=function()\n\t\t{n.callMethod? n.callMethod.apply(n,arguments):n.queue.push(arguments)}\n\t\t;if(!f._fbq)f._fbq=n;\n\t\tn.push=n;n.loaded=!0;n.version='2.0';n.queue=[];t=b.createElement(e);t.async=!0;\n\t\tt.src=v;s=b.getElementsByTagName(e)[0];s.parentNode.insertBefore(t,s)}(window,\n\t\tdocument,'script','https:\/\/connect.facebook.net\/en_US\/fbevents.js');\n\t\tfbq('consent', consent);\n\t\tfbq('init', '813236348753005');\n\t\tfbq('track', \"PageView\");\n\t<\/script><br \/>\n<br \/><br \/>\n<br \/><a href=\"https:\/\/www.boston.com\/news\/national-news\/2024\/12\/08\/jay-z-accused-in-suit-of-raping-minor-with-sean-diddy-combs-calls-it-blackmail\/\">Source link <\/a><\/p>","protected":false},"excerpt":{"rendered":"<p>Not\u00edcias Nacionais Jay-Z foi acusado de estuprar uma menina de 13 anos com Sean Combs em uma a\u00e7\u00e3o movida no domingo por um demandante n\u00e3o identificado. Jay-Z em uma foto&hellip;<\/p>","protected":false},"author":1,"featured_media":73205,"comment_status":"closed","ping_status":"open","sticky":false,"template":"","format":"standard","meta":{"content-type":"","footnotes":""},"categories":[1],"tags":[],"class_list":["post-73204","post","type-post","status-publish","format-standard","has-post-thumbnail","hentry","category-uncategorized"],"_links":{"self":[{"href":"https:\/\/tvbrazilusa.com\/pt\/wp-json\/wp\/v2\/posts\/73204","targetHints":{"allow":["GET"]}}],"collection":[{"href":"https:\/\/tvbrazilusa.com\/pt\/wp-json\/wp\/v2\/posts"}],"about":[{"href":"https:\/\/tvbrazilusa.com\/pt\/wp-json\/wp\/v2\/types\/post"}],"author":[{"embeddable":true,"href":"https:\/\/tvbrazilusa.com\/pt\/wp-json\/wp\/v2\/users\/1"}],"replies":[{"embeddable":true,"href":"https:\/\/tvbrazilusa.com\/pt\/wp-json\/wp\/v2\/comments?post=73204"}],"version-history":[{"count":1,"href":"https:\/\/tvbrazilusa.com\/pt\/wp-json\/wp\/v2\/posts\/73204\/revisions"}],"predecessor-version":[{"id":73206,"href":"https:\/\/tvbrazilusa.com\/pt\/wp-json\/wp\/v2\/posts\/73204\/revisions\/73206"}],"wp:featuredmedia":[{"embeddable":true,"href":"https:\/\/tvbrazilusa.com\/pt\/wp-json\/wp\/v2\/media\/73205"}],"wp:attachment":[{"href":"https:\/\/tvbrazilusa.com\/pt\/wp-json\/wp\/v2\/media?parent=73204"}],"wp:term":[{"taxonomy":"category","embeddable":true,"href":"https:\/\/tvbrazilusa.com\/pt\/wp-json\/wp\/v2\/categories?post=73204"},{"taxonomy":"post_tag","embeddable":true,"href":"https:\/\/tvbrazilusa.com\/pt\/wp-json\/wp\/v2\/tags?post=73204"}],"curies":[{"name":"wp","href":"https:\/\/api.w.org\/{rel}","templated":true}]}}