{"id":7321,"date":"2024-07-12T15:19:14","date_gmt":"2024-07-12T15:19:14","guid":{"rendered":"https:\/\/tvbrazilusa.com\/2024\/07\/12\/comissario-do-condado-de-st-johns-e-inocentado-de-violacao-de-reuniao-jacksonville-today\/"},"modified":"2024-07-24T12:09:37","modified_gmt":"2024-07-24T12:09:37","slug":"comissario-do-condado-de-st-johns-e-inocentado-de-violacao-de-reuniao-jacksonville-today","status":"publish","type":"post","link":"https:\/\/tvbrazilusa.com\/pt\/2024\/07\/12\/comissario-do-condado-de-st-johns-e-inocentado-de-violacao-de-reuniao-jacksonville-today\/","title":{"rendered":"Comiss\u00e1rio do Condado de St. Johns \u00e9 inocentado de viola\u00e7\u00e3o de reuni\u00e3o &#8211; Jacksonville Today"},"content":{"rendered":"<p> <script async src=\"https:\/\/pagead2.googlesyndication.com\/pagead\/js\/adsbygoogle.js?client=ca-pub-8864793242727901\"\r\n     crossorigin=\"anonymous\"><\/script><br \/>\n<\/p>\n<div>\n<p>Quase um ano depois que a comiss\u00e1ria do Condado de St. Johns, Krista Joseph, acenou uma bandeira americana e pediu que as pessoas votassem contra seus colegas, um juiz federal decidiu que ela n\u00e3o fez nada de errado.<\/p>\n<p>Joseph estava sob investiga\u00e7\u00e3o porque outros membros da Comiss\u00e3o do Condado queriam determinar se ela violou a lei eleitoral quando, sentada no palanque, encorajou o p\u00fablico a votar contra os detentores de cargos que apoiavam o desenvolvimento. <\/p>\n<p>A decis\u00e3o do juiz decorre da reuni\u00e3o da Comiss\u00e3o do Condado em 21 de novembro de 2023, quando Joseph fez o que ela chamou de \u201c<a href=\"https:\/\/jaxtoday.org\/2023\/12\/06\/st-johns-county-commissioner-censured-for-uncivil-comments\/\">an\u00fancio de servi\u00e7o p\u00fablico<\/a>.\u201d Joseph tinha sido recentemente <a href=\"https:\/\/jaxtoday.org\/2023\/11\/07\/st-johns-county-approves-ponte-vedra-inn-and-lodge-expansions-despite-opposition\/\">o \u00fanico voto dissidente<\/a> em uma decis\u00e3o da Comiss\u00e3o do Condado para expandir o Ponte Vedra Inn and Club e o The Lodge and Club. <\/p>\n<p>Joseph acenou com uma pequena bandeira americana e lembrou aos eleitores de Ponte Vedra que os comiss\u00e1rios do condado Roy Alaimo, Henry Dean e Christian Whitehurst estariam na vota\u00e7\u00e3o em 2024.<\/p>\n<p>\u201c(Voc\u00ea) sente que n\u00e3o est\u00e1 sendo ouvido e que os desenvolvedores controlam o conselho?\u201d Joseph perguntou \u00e0 plateia. \u201cNenhuma resposta aos seus e-mails? Sabe de uma coisa? H\u00e1 esperan\u00e7a. Em menos de nove meses, teremos uma elei\u00e7\u00e3o.\u201d<\/p>\n<p>Joseph foi prontamente censurada por seus coment\u00e1rios, e a Comiss\u00e3o do Condado, a pedido de Dean, procurou aconselhamento jur\u00eddico externo para determinar se Joseph violou uma lei que impede que autoridades eleitas em exerc\u00edcio usem seus cargos eleitos para fazer campanha. <\/p>\n<p>Em resposta, Joseph processou o Board of County Commissioners, buscando uma resposta sobre se sua liberdade de express\u00e3o havia sido violada. Joseph desistiu do processo, mas n\u00e3o antes de o condado gastar US$ 25.000 em honor\u00e1rios advocat\u00edcios.<\/p>\n<p>Quase um ano depois, em uma ordem divulgada esta semana, o juiz do Tribunal Distrital dos EUA, Harvey Schlesinger, disse que Joseph n\u00e3o fez nada de errado.<\/p>\n<p>\u201cS\u00f3 porque o discurso ocorreu em uma reuni\u00e3o da Comiss\u00e3o do Condado\u201d, ele escreveu, \u201cn\u00e3o significa que um comiss\u00e1rio do condado perca seus direitos da Primeira Emenda\u201d. <\/p>\n<p>Schlesinger disse que a lei n\u00e3o deixa muito espa\u00e7o para \u00e1reas cinzentas.<\/p>\n<p>\u201cA Suprema Corte deixou claro que autoridades eleitas podem falar livremente sobre t\u00f3picos pol\u00edticos e rejeitou interesses que alegadamente justificam restringir esse direito\u201d, ele disse, observando mais tarde: \u201cA amea\u00e7a de processo agora est\u00e1 congelando o discurso pol\u00edtico da Comiss\u00e1ria Joseph e impedindo-a de participar ativamente desta elei\u00e7\u00e3o prim\u00e1ria. Este \u00e9 um dano significativo.\u201d<\/p>\n<p>Joseph n\u00e3o respondeu imediatamente a <em>Jacksonville Hoje<\/em>pedido de coment\u00e1rio, mas em um comunicado \u00e0 imprensa compartilhado com <a href=\"https:\/\/www.actionnewsjax.com\/news\/local\/judge-rules-favor-st-johns-county-commissioner-says-elected-officials-can-speak-politics\/AMYV5EW475AKDCAKYAVIFRI35U\/\"><em>Not\u00edcias de a\u00e7\u00e3o Jax<\/em><\/a>ela disse que a decis\u00e3o foi uma vit\u00f3ria para a Primeira Emenda. Ela acusou outros na Comiss\u00e3o do Condado de tentarem manter os cidad\u00e3os no escuro.<\/p>\n<p>\u201cMeus colegas armaram o sistema de justi\u00e7a criminal para me silenciar\u201d, disse Joseph. \u201cPor qu\u00ea? Para que pudessem impedir a elei\u00e7\u00e3o de candidatos que se op\u00f5em ao superdesenvolvimento.\u201d <\/p>\n<p>Joseph n\u00e3o concorrer\u00e1 \u00e0 reelei\u00e7\u00e3o at\u00e9 2026, mas ela apoiou as candidatas Ann Taylor e Ann-Marie Evans para os Distritos 1 e 5 da Comiss\u00e3o do Condado. <\/p>\n<p>Essas corridas, e a corrida do Distrito 3 da Comiss\u00e3o do Condado, <a href=\"https:\/\/jaxtoday.org\/2024\/07\/09\/these-st-johns-county-elections-will-likely-be-decided-in-august\/\">provavelmente ser\u00e1 decidido nas elei\u00e7\u00f5es prim\u00e1rias de agosto<\/a>bem antes das elei\u00e7\u00f5es gerais em novembro.<\/p>\n<p><em>Nota do editor: Esta hist\u00f3ria foi atualizada para corrigir que foi um juiz federal que inocentou Joseph de qualquer irregularidade, n\u00e3o um grande j\u00fari.<\/em><\/p>\n<\/div>\n<p><br \/>\n<br \/><a href=\"https:\/\/jaxtoday.org\/2024\/07\/12\/st-johns-county-commissioner-cleared-of-meeting-violation\/\">Source link <\/a><\/p>","protected":false},"excerpt":{"rendered":"<p>Quase um ano depois que a comiss\u00e1ria do Condado de St. Johns, Krista Joseph, acenou uma bandeira americana e pediu que as pessoas votassem contra seus colegas, um juiz federal&hellip;<\/p>","protected":false},"author":1,"featured_media":7322,"comment_status":"closed","ping_status":"open","sticky":false,"template":"","format":"standard","meta":{"content-type":"","footnotes":""},"categories":[1],"tags":[1357,1356,1354,1355],"class_list":["post-7321","post","type-post","status-publish","format-standard","has-post-thumbnail","hentry","category-uncategorized","tag-comissao-do-condado-de-st-johns","tag-condado-de-st-johns","tag-henrique-dean","tag-krista-joseph"],"_links":{"self":[{"href":"https:\/\/tvbrazilusa.com\/pt\/wp-json\/wp\/v2\/posts\/7321","targetHints":{"allow":["GET"]}}],"collection":[{"href":"https:\/\/tvbrazilusa.com\/pt\/wp-json\/wp\/v2\/posts"}],"about":[{"href":"https:\/\/tvbrazilusa.com\/pt\/wp-json\/wp\/v2\/types\/post"}],"author":[{"embeddable":true,"href":"https:\/\/tvbrazilusa.com\/pt\/wp-json\/wp\/v2\/users\/1"}],"replies":[{"embeddable":true,"href":"https:\/\/tvbrazilusa.com\/pt\/wp-json\/wp\/v2\/comments?post=7321"}],"version-history":[{"count":1,"href":"https:\/\/tvbrazilusa.com\/pt\/wp-json\/wp\/v2\/posts\/7321\/revisions"}],"predecessor-version":[{"id":7323,"href":"https:\/\/tvbrazilusa.com\/pt\/wp-json\/wp\/v2\/posts\/7321\/revisions\/7323"}],"wp:featuredmedia":[{"embeddable":true,"href":"https:\/\/tvbrazilusa.com\/pt\/wp-json\/wp\/v2\/media\/7322"}],"wp:attachment":[{"href":"https:\/\/tvbrazilusa.com\/pt\/wp-json\/wp\/v2\/media?parent=7321"}],"wp:term":[{"taxonomy":"category","embeddable":true,"href":"https:\/\/tvbrazilusa.com\/pt\/wp-json\/wp\/v2\/categories?post=7321"},{"taxonomy":"post_tag","embeddable":true,"href":"https:\/\/tvbrazilusa.com\/pt\/wp-json\/wp\/v2\/tags?post=7321"}],"curies":[{"name":"wp","href":"https:\/\/api.w.org\/{rel}","templated":true}]}}