{"id":73243,"date":"2024-12-08T18:48:46","date_gmt":"2024-12-08T18:48:46","guid":{"rendered":"https:\/\/tvbrazilusa.com\/2024\/12\/08\/show-da-manha-al-assad-dit4dor-amigo-de-lula-e-deposto-na-siria-09-12-2024\/"},"modified":"2024-12-08T18:48:46","modified_gmt":"2024-12-08T18:48:46","slug":"show-da-manha-al-assad-dit4dor-amigo-de-lula-e-deposto-na-siria-09-12-2024","status":"publish","type":"post","link":"https:\/\/tvbrazilusa.com\/pt\/2024\/12\/08\/show-da-manha-al-assad-dit4dor-amigo-de-lula-e-deposto-na-siria-09-12-2024\/","title":{"rendered":"SHOW DA MANH\u00c3 &#8211; AL-ASSAD, DIT4DOR AMIGO DE LULA, \u00c9 DEPOSTO NA S\u00cdRIA\u00a0&#8211;\u00a009\/12\/2024"},"content":{"rendered":"<p><iframe  width=\"580\" height=\"385\" src=\"https:\/\/www.youtube.com\/embed\/r4JZdLzh6K0?modestbranding=1\" frameborder=\"0\" allowfullscreen><\/iframe><br \/>\n<br \/>Apresentado por Marco Ant\u00f4nio Costa, com os coment\u00e1rios de Adrilles. Convidados de hoje: Karina Michelin e Gustavo Lopes. Participa\u00e7\u00e3o especial: Paulo Bilynskyj. O Show da Manh\u00e3 vai ao ar de segunda a sexta, das 10h \u00e0s 12h.<\/p>\n<p>\ud83d\udd25 NESTE NATAL, ASSINE O DEZ A FIO E GANHE O CLUBE DA LUTA DE PRESENTE! \ud83d\udc49 <\/p>\n<p>\ud83d\udd25ACESSE AGORA A LIVRARIA FIO DI\u00c1RIO E EXPLORE NOSSO CAT\u00c1LOGO COM PRE\u00c7OS IMBAT\u00cdVEIS!  <\/p>\n<p>Inscreva-se no nosso Canal!<\/p>\n<p>Ou\u00e7a no Spotify: <\/p>\n<p>Siga no Instagram:<\/p>\n<p>Marco Ant\u00f4nio Costa: <\/p>\n<p>Adrilles Jorge: <\/p>\n<p>Fio Di\u00e1rio: <\/p>\n<p><a href=\"https:\/\/www.youtube.com\/watch?v=r4JZdLzh6K0\">source<\/a><\/p>","protected":false},"excerpt":{"rendered":"<p>Apresentado por Marco Ant\u00f4nio Costa, com os coment\u00e1rios de Adrilles. Convidados de hoje: Karina Michelin e Gustavo Lopes. Participa\u00e7\u00e3o especial: Paulo Bilynskyj. O Show da Manh\u00e3 vai ao ar de&hellip;<\/p>","protected":false},"author":1,"featured_media":73244,"comment_status":"","ping_status":"open","sticky":false,"template":"","format":"standard","meta":{"content-type":"","footnotes":""},"categories":[17],"tags":[31513,1745,31515,31514,89,557,63,31516],"class_list":["post-73243","post","type-post","status-publish","format-standard","has-post-thumbnail","hentry","category-programas","tag-alassad","tag-amigo","tag-deposto","tag-dit4dor","tag-lula","tag-manha","tag-show","tag-siria09122024"],"_links":{"self":[{"href":"https:\/\/tvbrazilusa.com\/pt\/wp-json\/wp\/v2\/posts\/73243","targetHints":{"allow":["GET"]}}],"collection":[{"href":"https:\/\/tvbrazilusa.com\/pt\/wp-json\/wp\/v2\/posts"}],"about":[{"href":"https:\/\/tvbrazilusa.com\/pt\/wp-json\/wp\/v2\/types\/post"}],"author":[{"embeddable":true,"href":"https:\/\/tvbrazilusa.com\/pt\/wp-json\/wp\/v2\/users\/1"}],"replies":[{"embeddable":true,"href":"https:\/\/tvbrazilusa.com\/pt\/wp-json\/wp\/v2\/comments?post=73243"}],"version-history":[{"count":0,"href":"https:\/\/tvbrazilusa.com\/pt\/wp-json\/wp\/v2\/posts\/73243\/revisions"}],"wp:featuredmedia":[{"embeddable":true,"href":"https:\/\/tvbrazilusa.com\/pt\/wp-json\/wp\/v2\/media\/73244"}],"wp:attachment":[{"href":"https:\/\/tvbrazilusa.com\/pt\/wp-json\/wp\/v2\/media?parent=73243"}],"wp:term":[{"taxonomy":"category","embeddable":true,"href":"https:\/\/tvbrazilusa.com\/pt\/wp-json\/wp\/v2\/categories?post=73243"},{"taxonomy":"post_tag","embeddable":true,"href":"https:\/\/tvbrazilusa.com\/pt\/wp-json\/wp\/v2\/tags?post=73243"}],"curies":[{"name":"wp","href":"https:\/\/api.w.org\/{rel}","templated":true}]}}