{"id":73251,"date":"2024-12-09T08:40:51","date_gmt":"2024-12-09T08:40:51","guid":{"rendered":"https:\/\/tvbrazilusa.com\/2024\/12\/09\/%f0%9f%8c%b1-o-querido-residente-de-framingham-trabalhou-para-o-red-sox-em-fort-myers\/"},"modified":"2024-12-09T08:53:53","modified_gmt":"2024-12-09T08:53:53","slug":"%f0%9f%8c%b1-o-querido-residente-de-framingham-trabalhou-para-o-red-sox-em-fort-myers","status":"publish","type":"post","link":"https:\/\/tvbrazilusa.com\/pt\/2024\/12\/09\/%f0%9f%8c%b1-o-querido-residente-de-framingham-trabalhou-para-o-red-sox-em-fort-myers\/","title":{"rendered":"\ud83c\udf31 O querido residente de Framingham trabalhou para o Red Sox em Fort Myers"},"content":{"rendered":"<p> <script async src=\"https:\/\/pagead2.googlesyndication.com\/pagead\/js\/adsbygoogle.js?client=ca-pub-8864793242727901\"\r\n     crossorigin=\"anonymous\"><\/script><br \/>\n<\/p>\n<div>\n<p>\u2600\ufe0f E a\u00ed Fort Myers! Vamos come\u00e7ar bem esta manh\u00e3 nos atualizando sobre o que est\u00e1 acontecendo na cidade. Continue lendo para ficar por dentro. <strong>No boletim informativo de hoje:<\/strong><\/p>\n<\/div>\n<div>\n<ul>\n<li>O querido residente de Framingham trabalhou para o Red Sox em Fort Myers<\/li>\n<li>Nativo de Wisconsin aproveitou os invernos em Fort Myers<\/li>\n<\/ul>\n<p>Tamb\u00e9m no calend\u00e1rio de hoje: <strong>Fort Myers \/ SW Florida JOBLINK 2024!<\/strong> e 8 outros eventos.<\/p>\n<p><em>Enigma de hoje:<\/em> O que voc\u00ea chama de espaguete falso? \ud83e\udd14 Continue lendo para descobrir.<\/p>\n<\/div>\n<div>\n<hr\/>\n<p> <a href=\"https:\/\/patch.com\/florida\/fort-myers\/weather\"><strong>Previs\u00e3o do tempo:<\/strong><\/a> <\/p>\n<ul>\n<li class=\"sans\"><strong>Segunda-feira:<\/strong> Agrad\u00e1vel com nuvens e sol, com m\u00e1xima de 81 e m\u00ednima de 59 graus. <\/li>\n<li class=\"sans\"><strong>Ter\u00e7a-feira:<\/strong> Principalmente ensolarado, temperatura: alta: 83, baixa: 67. <\/li>\n<li class=\"sans\"><strong>Quarta-feira:<\/strong> Um ou dois banhos matinais, com m\u00e1xima de 81 e m\u00ednima de 46 graus. <\/li>\n<\/ul>\n<hr\/>\n<h4>\ud83d\udcf0 <strong>Not\u00edcias que estamos lendo<\/strong><\/h4>\n<p><b>\u2022 Gerald F. Kearney<\/b> (<a href=\"https:\/\/framinghamsource.com\/index.php\/2024\/12\/06\/gerald-f-kearney\" target=\"_blank\" rel=\"nofollow\">framinghamsource. com<\/a>) &#8211; Gerald F. Kearney, um querido residente de Framingham, faleceu aos 92 anos. Sua aposentadoria foi destacada por mais de 25 anos trabalhando como seguran\u00e7a do Boston Red Sox no Jet Blue Park em <strong>Fort Myers<\/strong> mostrando sua paix\u00e3o duradoura pela equipe. <br \/><a href=\"https:\/\/fort-myers-fl.patch.am\/rate-item?d=u&#038;h=eyJsb2MiOiI3NjkyIiwic291cmNlIjoiZnJhbWluZ2hhbXNvdXJjZS5jb20iLCJ0aXRsZSI6IkdlcmFsZCBGLiBLZWFybmV5IiwidXJsIjoiaHR0cHM6XC9cL2ZyYW1pbmdoYW1zb3VyY2UuY29tXC9pbmRleC5waHBcLzIwMjRcLzEyXC8wNlwvZ2VyYWxkLWYta2Vhcm5leSIsImFydGlkIjoiNzY5YzU2NDQ5MWI2ZGZlMGY5YTQwMDM5YzE5OTg5NTUifQ==\" target=\"_blank\" rel=\"nofollow\"><\/a>   <a href=\"https:\/\/fort-myers-fl.patch.am\/rate-item?d=d&#038;h=eyJsb2MiOiI3NjkyIiwic291cmNlIjoiZnJhbWluZ2hhbXNvdXJjZS5jb20iLCJ0aXRsZSI6IkdlcmFsZCBGLiBLZWFybmV5IiwidXJsIjoiaHR0cHM6XC9cL2ZyYW1pbmdoYW1zb3VyY2UuY29tXC9pbmRleC5waHBcLzIwMjRcLzEyXC8wNlwvZ2VyYWxkLWYta2Vhcm5leSIsImFydGlkIjoiNzY5YzU2NDQ5MWI2ZGZlMGY5YTQwMDM5YzE5OTg5NTUifQ==\" target=\"_blank\" rel=\"nofollow\"><img decoding=\"async\" class=\"thumbs\" width=\"16\" height=\"16\" src=\"https:\/\/patch.com\/img\/cdn\/assets\/layout\/thumb_down_16x16.png\" data-sizes=\"(min-width: 780px) 726px, 100vw\" srcset=\"https:\/\/patch.com\/img\/cdn\/assets\/layout\/thumb_down_16x16.png?width=640 640w, https:\/\/patch.com\/img\/cdn\/assets\/layout\/thumb_down_16x16.png?width=726 726w\"\/><\/a><\/p>\n<\/div>\n<div>\n<p><b>\u2022Douglas Zwank<\/b> (<a href=\"https:\/\/madison.com\/news\/local\/obituaries\/douglas-zwank\/article_c57f69d4-624e-5bf4-abcc-77ed97c34848.html\" target=\"_blank\" rel=\"nofollow\">madison. com<\/a>) &#8211; Douglas Zwank, um orgulhoso cidad\u00e3o de Wisconsin, faleceu aos 77 anos. Na aposentadoria, ele aproveitou os invernos em Fort Myers com sua esposa Kathy, equilibrando seu amor por viagens com as queridas tradi\u00e7\u00f5es familiares em Wisconsin. <br \/><a href=\"https:\/\/fort-myers-fl.patch.am\/rate-item?d=u&#038;h=eyJsb2MiOiI3NjkyIiwic291cmNlIjoibWFkaXNvbi5jb20iLCJ0aXRsZSI6IkRvdWdsYXMgWndhbmsiLCJ1cmwiOiJodHRwczpcL1wvbWFkaXNvbi5jb21cL25ld3NcL2xvY2FsXC9vYml0dWFyaWVzXC9kb3VnbGFzLXp3YW5rXC9hcnRpY2xlX2M1N2Y2OWQ0LTYyNGUtNWJmNC1hYmNjLTc3ZWQ5N2MzNDg0OC5odG1sIiwiYXJ0aWQiOiIzNzUyNTgzNGRmMDIyNzU3YmY2ZjQ0NDIzOGNlOTZlZSJ9\" target=\"_blank\" rel=\"nofollow\"><img decoding=\"async\" class=\"thumbs\" width=\"16\" height=\"16\" src=\"https:\/\/patch.com\/img\/cdn\/assets\/layout\/thumb_up_16x16.png\" data-rel=\"penci-gallery-image-content\"  data-sizes=\"(min-width: 780px) 726px, 100vw\" srcset=\"https:\/\/patch.com\/img\/cdn\/assets\/layout\/thumb_up_16x16.png?width=640 640w, https:\/\/patch.com\/img\/cdn\/assets\/layout\/thumb_up_16x16.png?width=726 726w\"\/><\/a>   <a href=\"https:\/\/fort-myers-fl.patch.am\/rate-item?d=d&#038;h=eyJsb2MiOiI3NjkyIiwic291cmNlIjoibWFkaXNvbi5jb20iLCJ0aXRsZSI6IkRvdWdsYXMgWndhbmsiLCJ1cmwiOiJodHRwczpcL1wvbWFkaXNvbi5jb21cL25ld3NcL2xvY2FsXC9vYml0dWFyaWVzXC9kb3VnbGFzLXp3YW5rXC9hcnRpY2xlX2M1N2Y2OWQ0LTYyNGUtNWJmNC1hYmNjLTc3ZWQ5N2MzNDg0OC5odG1sIiwiYXJ0aWQiOiIzNzUyNTgzNGRmMDIyNzU3YmY2ZjQ0NDIzOGNlOTZlZSJ9\" target=\"_blank\" rel=\"nofollow\"><img decoding=\"async\" class=\"thumbs\" width=\"16\" height=\"16\" src=\"https:\/\/patch.com\/img\/cdn\/assets\/layout\/thumb_down_16x16.png\" data-sizes=\"(min-width: 780px) 726px, 100vw\" srcset=\"https:\/\/patch.com\/img\/cdn\/assets\/layout\/thumb_down_16x16.png?width=640 640w, https:\/\/patch.com\/img\/cdn\/assets\/layout\/thumb_down_16x16.png?width=726 726w\"\/><\/a><\/p>\n<hr\/>\n<figure class=\"pixel-wrapper\"> <img decoding=\"async\" width=\"1\" height=\"1\" border=\"0\" class=\"t-pixel\" src=\"https:\/\/pixel.patch.com\/blank.gif?json=eJwljVsKwyAQRbcS5juClmhstlJKMGbSCj6CGkoo3XvH9u9y7uv2BlcxzPXcESawxmNcTZ4bhB5KOrJtBgbjPAGfrKkuRULFhd1jt5JxdhFfxWOtmCm0m2qfs1thEkJcZA8ZH9T5kcvIrz3EJkFtQiu5WcatRjZscmCGK80WpaSWpJZF0txRMP%2B7SqiRc00POYVUsY0I%2BNy%2Fcio9mg%3D%3D\" data-sizes=\"\" srcset=\"\"\/> <\/figure>\n<h4>\ud83d\uddd3 <strong>Pr\u00f3ximos eventos em Fort Myers<\/strong><br \/><\/h4>\n<p><a href=\"https:\/\/patch.com\/florida\/fort-myers\/compose\/event\">  Adicione seu evento ao nosso calend\u00e1rio e newsletter! <\/a><\/p>\n<\/div>\n<div>\n<h4><span><span>\u2605<\/span> Eventos em destaque <span><span>\u2605<\/span><\/span><\/span><\/h4>\n<hr\/>\n<h5>Outros eventos locais<\/h5>\n<p> <em>Perdemos alguma coisa em nosso calend\u00e1rio? <a href=\"https:\/\/patch.com\/florida\/fort-myers\/compose\/event\">Adicione um evento aqui<\/a>! <\/em> <\/p>\n<hr\/>\n<p><em>Quer um link para sua empresa neste boletim informativo? <a href=\"https:\/\/patch.com\/florida\/fort-myers\/compose\/bizpost\">Clique aqui<\/a>.<\/em><\/p>\n<\/div>\n<div>\n<hr\/>\n<h4>\ud83d\uddd3 <strong>Eventos pr\u00f3ximos<\/strong><\/h4>\n<ul>\n<h5> <span class=\"text-green-8\"><b>Ter\u00e7a-feira, 10 de dezembro<\/b><\/span> <\/h5>\n<li><span> <b>Feira do Livro OHMS<\/b> (Tice) <br \/>Ter\u00e7a, 10 de dezembro<br \/>Escola Secund\u00e1ria Oak Hammock, Fort Myers, FL 33905 <\/span><\/li>\n<li><span> <b>Visite Terry Lynn (todos os n\u00edveis)<\/b> (Whisky Creek) <br \/>Ter\u00e7a, 10 de dezembro, 8h<br \/>Alliance for the Arts, 10091 McGregor Blvd., Fort Myers, FL, 33919, Estados Unidos <\/span><\/li>\n<li><span> <b>Pintura com Terry Lynn AM (iniciante-avan\u00e7ado)<\/b> (Whisky Creek) <br \/>Ter\u00e7a, 10 de dezembro, 9h30<br \/>Alliance for the Arts, 10091 McGregor Blvd., Fort Myers, FL, 33919, Estados Unidos <\/span><\/li>\n<li><span> <b>Pintura com Terry Lynn PM (iniciante-avan\u00e7ado)<\/b> (Whisky Creek) <br \/>Ter\u00e7a, 10 de dezembro, 13h<br \/>Alliance for the Arts, 10091 McGregor Blvd., Fort Myers, FL, 33919, Estados Unidos <\/span><\/li>\n<\/ul>\n<p> <em>Perdemos alguma coisa em nosso calend\u00e1rio? <a href=\"https:\/\/patch.com\/florida\/fort-myers\/compose\/event\">Adicione voc\u00ea mesmo um evento<\/a>! <\/em> <\/p>\n<hr\/>\n<p>\ud83d\udd28 <strong>Precisa de ajuda com um projeto em casa?<\/strong> Patch fez parceria com Thumbtack para tornar a contrata\u00e7\u00e3o de um profissional local confi\u00e1vel r\u00e1pida e f\u00e1cil. <a href=\"https:\/\/patch.com\/florida\/fort-myers\/businesses\" target=\"_blank\">Clique aqui para come\u00e7ar.<\/a><\/p>\n<hr\/>\n<h4>\ud83d\udcac <strong>Conversa<\/strong><\/h4>\n<p>O que seus vizinhos est\u00e3o falando nas redes sociais<\/p>\n<ul>\n<li><b>Ol\u00e1 vizinhos!<\/b> <br \/>Olha o que est\u00e1 chegando na cidade! O Sears at Edison Mall foi comprado por US$ 5 milh\u00f5es e j\u00e1 tem tema! Fonte: FOX 4 WFTX (<a href=\"https:\/\/nextdoor.com\/p\/fdJfNjpJhcYP\/?from_partner=patch&#038;share_id=fdJfNjpJhcYP&#038;utm_medium=public_api&#038;utm_source=patch&#038;utm_content=fdJfNjpJhcYP&#038;next_url=\/p\/fdJfNjpJhcYP&#038;utm_medium=email&#038;utm_campaign=pilot\" target=\"_blank\" rel=\"nofollow\">Ao lado<\/a> Lagos Laguna) <\/li>\n<li><b>Minha pastora alem\u00e3 (Linda) e meu Golden Retriever (Stella) sa\u00edram ontem \u00e0 noite e n\u00e3o os vi desde ent\u00e3o.<\/b> <br \/>Se algu\u00e9m os encontrar, por favor, me ligue. Obrigado! 239-789-3909 (<a href=\"https:\/\/nextdoor.com\/p\/zwm7JdgW3Jph\/?from_partner=patch&#038;share_id=zwm7JdgW3Jph&#038;utm_medium=public_api&#038;utm_source=patch&#038;utm_content=zwm7JdgW3Jph&#038;next_url=\/p\/zwm7JdgW3Jph&#038;utm_medium=email&#038;utm_campaign=pilot\" target=\"_blank\" rel=\"nofollow\">Ao lado<\/a> Buckingham) <\/li>\n<\/ul>\n<ul>\n<li>  Durante a reuni\u00e3o de ter\u00e7a-feira, o Conselho aprovou itens que auxiliam no andamento do Projeto Alico Road Connector. Este projeto conectar\u00e1 grandes&#8230; (Twitter: <a href=\"https:\/\/twitter.com\/LeeCountyFLBOCC\/status\/1865146792653775352?ref_src=twsrc%5Egoogle%7Ctwcamp%5Eserp%7Ctwgr%5Etweet\" target=\"_blank\" rel=\"nofollow\">@LeeCountyFLBOCC<\/a>) <\/li>\n<li>  Aeroporto de N\u00e1poles \u00e9 um problema de sa\u00fade para os residentes | Opini\u00e3o\/&#8230; (Twitter: <a href=\"https:\/\/twitter.com\/TheNewsPress\/status\/1865765813073870937?ref_src=twsrc%5Egoogle%7Ctwcamp%5Eserp%7Ctwgr%5Etweet\" target=\"_blank\" rel=\"nofollow\">@TheNewsPress<\/a>) <\/li>\n<\/ul>\n<ul>\n<li>  Academia Sports publicou uma vaga de emprego para <strong>Membro da equipe da loja<\/strong> em Fort Myers, Fl\u00f3rida. Inscreva-se em <a href=\"https:\/\/careers.academy.com\/us\/en\/job\/R285148\/Store-Team-Member?utm_campaign=google_jobs_apply&#038;utm_source=google_jobs_apply&#038;utm_medium=organic\" target=\"_blank\" rel=\"nofollow\">Carreiras na Academia de Esportes<\/a>. <\/li>\n<li>  Cidade de Fort Myers publicou uma vaga de emprego para <strong>Policial &#8211; N\u00e3o Certificado<\/strong> em Fort Myers, Fl\u00f3rida. Inscreva-se em <a href=\"https:\/\/www.governmentjobs.com\/careers\/fortmyersfl\/jobs\/4062152\/police-officer-non-certified?utm_campaign=google_jobs_apply&#038;utm_source=google_jobs_apply&#038;utm_medium=organic\" target=\"_blank\" rel=\"nofollow\">GovernoJobs.com<\/a>. <\/li>\n<\/ul>\n<hr\/>\n<p> <b>Ok Fort Myers!<\/b> Ent\u00e3o agora voc\u00ea est\u00e1 por dentro do que est\u00e1 acontecendo hoje. Obrigado pela leitura e at\u00e9 a pr\u00f3xima vez na sua caixa de entrada! <\/p>\n<p> <b>&#8211; A equipe do Patch AM<\/b> <\/p>\n<\/div>\n<p><script async src=\"\/\/platform.twitter.com\/widgets.js\" charset=\"utf-8\"><\/script><br \/>\n<br \/><br \/>\n<br \/><a href=\"http:\/\/patch.com\/florida\/fort-myers\/beloved-framingham-resident-worked-red-sox-fort-myers-nodx-20241209?utm_source=article-mostrecent&#038;utm_medium=rss&#038;utm_term=community%20corner&#038;utm_campaign=recirc&#038;utm_content=aol\">Source link <\/a><\/p>","protected":false},"excerpt":{"rendered":"<p>\u2600\ufe0f E a\u00ed Fort Myers! Vamos come\u00e7ar bem esta manh\u00e3 nos atualizando sobre o que est\u00e1 acontecendo na cidade. Continue lendo para ficar por dentro. No boletim informativo de hoje:&hellip;<\/p>","protected":false},"author":1,"featured_media":71100,"comment_status":"closed","ping_status":"open","sticky":false,"template":"","format":"standard","meta":{"content-type":"","footnotes":""},"categories":[1],"tags":[],"class_list":["post-73251","post","type-post","status-publish","format-standard","has-post-thumbnail","hentry","category-uncategorized"],"_links":{"self":[{"href":"https:\/\/tvbrazilusa.com\/pt\/wp-json\/wp\/v2\/posts\/73251","targetHints":{"allow":["GET"]}}],"collection":[{"href":"https:\/\/tvbrazilusa.com\/pt\/wp-json\/wp\/v2\/posts"}],"about":[{"href":"https:\/\/tvbrazilusa.com\/pt\/wp-json\/wp\/v2\/types\/post"}],"author":[{"embeddable":true,"href":"https:\/\/tvbrazilusa.com\/pt\/wp-json\/wp\/v2\/users\/1"}],"replies":[{"embeddable":true,"href":"https:\/\/tvbrazilusa.com\/pt\/wp-json\/wp\/v2\/comments?post=73251"}],"version-history":[{"count":1,"href":"https:\/\/tvbrazilusa.com\/pt\/wp-json\/wp\/v2\/posts\/73251\/revisions"}],"predecessor-version":[{"id":73252,"href":"https:\/\/tvbrazilusa.com\/pt\/wp-json\/wp\/v2\/posts\/73251\/revisions\/73252"}],"wp:featuredmedia":[{"embeddable":true,"href":"https:\/\/tvbrazilusa.com\/pt\/wp-json\/wp\/v2\/media\/71100"}],"wp:attachment":[{"href":"https:\/\/tvbrazilusa.com\/pt\/wp-json\/wp\/v2\/media?parent=73251"}],"wp:term":[{"taxonomy":"category","embeddable":true,"href":"https:\/\/tvbrazilusa.com\/pt\/wp-json\/wp\/v2\/categories?post=73251"},{"taxonomy":"post_tag","embeddable":true,"href":"https:\/\/tvbrazilusa.com\/pt\/wp-json\/wp\/v2\/tags?post=73251"}],"curies":[{"name":"wp","href":"https:\/\/api.w.org\/{rel}","templated":true}]}}