{"id":73282,"date":"2024-12-09T10:34:22","date_gmt":"2024-12-09T10:34:22","guid":{"rendered":"https:\/\/tvbrazilusa.com\/2024\/12\/09\/advogada-que-filmou-mulher-recusando-troca-de-assento-com-crianca-em-aviao-diz-estar-vivendo-um-tsunami\/"},"modified":"2024-12-09T10:34:24","modified_gmt":"2024-12-09T10:34:24","slug":"advogada-que-filmou-mulher-recusando-troca-de-assento-com-crianca-em-aviao-diz-estar-vivendo-um-tsunami","status":"publish","type":"post","link":"https:\/\/tvbrazilusa.com\/pt\/2024\/12\/09\/advogada-que-filmou-mulher-recusando-troca-de-assento-com-crianca-em-aviao-diz-estar-vivendo-um-tsunami\/","title":{"rendered":"Advogada que filmou mulher recusando troca de assento com crian\u00e7a em avi\u00e3o diz estar \u2018vivendo um tsunami\u2019"},"content":{"rendered":"<p> <script async src=\"https:\/\/pagead2.googlesyndication.com\/pagead\/js\/adsbygoogle.js?client=ca-pub-8864793242727901\"\r\n     crossorigin=\"anonymous\"><\/script><br \/>\n<\/p>\n<div id=\"taboola-read-more\" style=\"display:block; width:100%\">\n<p>A mulher respons\u00e1vel por filmar a banc\u00e1ria Jennifer Castro, que viralizou ap\u00f3s se recusar a trocar de assento com uma crian\u00e7a em um avi\u00e3o, se pronunciou pela primeira vez. Em entrevista ao Portal Leo Dias, a advogada Eluciana assumiu que fez a grava\u00e7\u00e3o e comenta como a explos\u00e3o do assunto na internet est\u00e1 impactando a vida dela e da fam\u00edlia.\n<\/p>\n<p>\u201cEstou vivendo um tsunami\u201d, definiu esse momento. Recentemente, a advogada disse que n\u00e3o era para o v\u00eddeo ter mostrado o rosto de Jeniffer, j\u00e1 que ela havia colocado um emoji tampando a passageira.<\/p>\n<p>No entanto, a tentativa de encobrir a identidade da mulher n\u00e3o deu certo. Ela pediu para a filha de 24 anos editar o v\u00eddeo, mas a jovem n\u00e3o conseguiu. O v\u00eddeo foi publicado assim mesmo na conta da jovem.\n<\/p>\n<p>\u201cAntes de publicar o v\u00eddeo, ela [filha] procurou fazer uma edi\u00e7\u00e3o para cobrir o rosto, mas na ignor\u00e2ncia da ferramenta, ela achou que tinha inserido a \u2018carinha\u2019 para n\u00e3o expor a pessoa, achou que tinha conseguido, mas quando publicou n\u00e3o foi com a \u2018carinha\u2019. E ela comentou comigo: \u2018Olha, m\u00e3e, acho que deu algum problema, a carinha n\u00e3o saiu. A imagem da pessoa apareceu, e agora?\u2019. Eu disse: \u2018Tira o v\u00eddeo, acho que mais prudente, s\u00f3 que a gente n\u00e3o tinha essa dimens\u00e3o e dessa quest\u00e3o de viraliza\u00e7\u00e3o\u2019\u201d, disse.\n<\/p>\n<p>Eluciana ainda disse que est\u00e1 assustada com a repercuss\u00e3o do v\u00eddeo e com a rea\u00e7\u00e3o dos internautas.\n<\/p>\n<p>\u201cEstou com medo da exposi\u00e7\u00e3o da minha filha. Ela est\u00e1 recebendo muitos discursos de \u00f3dio, pessoas pedindo para ela se matar, s\u00e3o palavras muito ofensivas. Estou assustada e ela est\u00e1 assustada com o tanto de mensagens que recebeu\u201d, afirmou.\n<\/p>\n<p>\u201cEla tem 24 anos, hackearam a conta dela, fizeram uns quatro perfis fakes dela, das minhas p\u00e1ginas, estou entrando em v\u00e1rios canais da gente com discurso de \u00f3dio, colocaram minhas fotos, fotos dela. Come\u00e7ou uma linha de defesa dela at\u00e9 a nossa ser exposta no mundo virtual. Isso tudo gerou muito constrangimento e medo, por isso a gente n\u00e3o se pronunciou\u201d, acrescentou.\n<\/p>\n<p>A advogada conta que ela e a filha est\u00e3o tentando processar o que est\u00e1 acontecendo. A mulher ainda pediu para que as pessoas n\u00e3o ataquem Jeniffer e diz que pensou em falar com a banc\u00e1ria. Ap\u00f3s a confus\u00e3o viralizar, a passageira ganhou 2 milh\u00f5es de seguidores.\n<\/p>\n<p>\u201cCom tudo isso acontecendo, eu preciso preservar a integridade da minha fam\u00edlia, assim como pe\u00e7o para que as pessoas n\u00e3o ataquem a Jeniffer. A inten\u00e7\u00e3o n\u00e3o era essa. At\u00e9 pensei em entrar em contato com a Jeniffer, mas n\u00e3o temos nenhum canal dela, nem telefone, mas tamb\u00e9m n\u00e3o sei como seria a rea\u00e7\u00e3o dela. Isso deve ter causado uma grande confus\u00e3o na cabe\u00e7a dela. Ningu\u00e9m esperava\u201d, finalizou.\n<\/p>\n<p>Fonte: Itatiaia              <\/p>\n<\/div>\n<p><br \/>\n<br \/><a href=\"https:\/\/diariodobrasilnoticias.com.br\/noticia\/advogada-que-filmou-mulher-recusando-troca-de-assento-com-crianca-em-aviao-diz-estar-vivendo-um-tsunami-6756758d263c0\">Source link <\/a><\/p>","protected":false},"excerpt":{"rendered":"<p>A mulher respons\u00e1vel por filmar a banc\u00e1ria Jennifer Castro, que viralizou ap\u00f3s se recusar a trocar de assento com uma crian\u00e7a em um avi\u00e3o, se pronunciou pela primeira vez. Em&hellip;<\/p>","protected":false},"author":1,"featured_media":73283,"comment_status":"closed","ping_status":"open","sticky":false,"template":"","format":"standard","meta":{"content-type":"","footnotes":""},"categories":[16],"tags":[123,2448,5313,1267],"class_list":["post-73282","post","type-post","status-publish","format-standard","has-post-thumbnail","hentry","category-noticias","tag-brasil","tag-diario","tag-noticia","tag-noticias"],"_links":{"self":[{"href":"https:\/\/tvbrazilusa.com\/pt\/wp-json\/wp\/v2\/posts\/73282","targetHints":{"allow":["GET"]}}],"collection":[{"href":"https:\/\/tvbrazilusa.com\/pt\/wp-json\/wp\/v2\/posts"}],"about":[{"href":"https:\/\/tvbrazilusa.com\/pt\/wp-json\/wp\/v2\/types\/post"}],"author":[{"embeddable":true,"href":"https:\/\/tvbrazilusa.com\/pt\/wp-json\/wp\/v2\/users\/1"}],"replies":[{"embeddable":true,"href":"https:\/\/tvbrazilusa.com\/pt\/wp-json\/wp\/v2\/comments?post=73282"}],"version-history":[{"count":1,"href":"https:\/\/tvbrazilusa.com\/pt\/wp-json\/wp\/v2\/posts\/73282\/revisions"}],"predecessor-version":[{"id":73284,"href":"https:\/\/tvbrazilusa.com\/pt\/wp-json\/wp\/v2\/posts\/73282\/revisions\/73284"}],"wp:featuredmedia":[{"embeddable":true,"href":"https:\/\/tvbrazilusa.com\/pt\/wp-json\/wp\/v2\/media\/73283"}],"wp:attachment":[{"href":"https:\/\/tvbrazilusa.com\/pt\/wp-json\/wp\/v2\/media?parent=73282"}],"wp:term":[{"taxonomy":"category","embeddable":true,"href":"https:\/\/tvbrazilusa.com\/pt\/wp-json\/wp\/v2\/categories?post=73282"},{"taxonomy":"post_tag","embeddable":true,"href":"https:\/\/tvbrazilusa.com\/pt\/wp-json\/wp\/v2\/tags?post=73282"}],"curies":[{"name":"wp","href":"https:\/\/api.w.org\/{rel}","templated":true}]}}