{"id":73285,"date":"2024-12-09T10:45:57","date_gmt":"2024-12-09T10:45:57","guid":{"rendered":"https:\/\/tvbrazilusa.com\/2024\/12\/09\/justica-responsabiliza-pais-com-multa-de-ate-r-84-mil-por-falta-de-vacinacao-dos-filhos-contra-a-covid-19\/"},"modified":"2024-12-09T10:45:59","modified_gmt":"2024-12-09T10:45:59","slug":"justica-responsabiliza-pais-com-multa-de-ate-r-84-mil-por-falta-de-vacinacao-dos-filhos-contra-a-covid-19","status":"publish","type":"post","link":"https:\/\/tvbrazilusa.com\/pt\/2024\/12\/09\/justica-responsabiliza-pais-com-multa-de-ate-r-84-mil-por-falta-de-vacinacao-dos-filhos-contra-a-covid-19\/","title":{"rendered":"Justi\u00e7a responsabiliza pais com multa de at\u00e9 R$ 8,4 mil por falta de vacina\u00e7\u00e3o dos filhos contra a Covid-19"},"content":{"rendered":"<p> <script async src=\"https:\/\/pagead2.googlesyndication.com\/pagead\/js\/adsbygoogle.js?client=ca-pub-8864793242727901\"\r\n     crossorigin=\"anonymous\"><\/script><br \/>\n<\/p>\n<div id=\"taboola-read-more\" style=\"display:block; width:100%\">\n<p>A Justi\u00e7a de Santa Catarina condenou pais que recusaram vacinar os filhos contra Covid-19.<\/p>\n<p>Foram tr\u00eas casos de condena\u00e7\u00e3o na cidade de Schroeder, a cerca de 300 quil\u00f4metros de Florian\u00f3polis. Em um dos casos, foi aplicada a multa de R$ 4.236, equivalente a tr\u00eas sal\u00e1rios m\u00ednimos. Em outros dois, o valor foi de R$ 8.472, quantia referente a seis sal\u00e1rios m\u00ednimos.<\/p>\n<p>Os pais n\u00e3o apresentaram justificativa m\u00e9dica para n\u00e3o vacinar os filhos e a recusa foi vista pela Justi\u00e7a como negligencia a sa\u00fade dos menores de idade.<\/p>\n<p>A vacina\u00e7\u00e3o contra Covid-19 \u00e9 obrigat\u00f3ria por estar inclu\u00edda no Programa Nacional de Imuniza\u00e7\u00f5es. O valor arrecadado com as multas ser\u00e1 revertido ao Fundo Municipal dos Direitos da Crian\u00e7a e do Adolescente de Schroeder.\n<\/p>\n<p>Fonte: CNN Brasil<\/p>\n<\/p><\/div>\n<p><br \/>\n<br \/><a href=\"https:\/\/diariodobrasilnoticias.com.br\/noticia\/justica-responsabiliza-pais-com-multa-de-ate-r-8-4-mil-por-falta-de-vacinacao-dos-filhos-contra-a-covid-19-6756750122099\">Source link <\/a><\/p>","protected":false},"excerpt":{"rendered":"<p>A Justi\u00e7a de Santa Catarina condenou pais que recusaram vacinar os filhos contra Covid-19. Foram tr\u00eas casos de condena\u00e7\u00e3o na cidade de Schroeder, a cerca de 300 quil\u00f4metros de Florian\u00f3polis.&hellip;<\/p>","protected":false},"author":1,"featured_media":73286,"comment_status":"closed","ping_status":"open","sticky":false,"template":"","format":"standard","meta":{"content-type":"","footnotes":""},"categories":[16],"tags":[123,2448,5313,1267],"class_list":["post-73285","post","type-post","status-publish","format-standard","has-post-thumbnail","hentry","category-noticias","tag-brasil","tag-diario","tag-noticia","tag-noticias"],"_links":{"self":[{"href":"https:\/\/tvbrazilusa.com\/pt\/wp-json\/wp\/v2\/posts\/73285","targetHints":{"allow":["GET"]}}],"collection":[{"href":"https:\/\/tvbrazilusa.com\/pt\/wp-json\/wp\/v2\/posts"}],"about":[{"href":"https:\/\/tvbrazilusa.com\/pt\/wp-json\/wp\/v2\/types\/post"}],"author":[{"embeddable":true,"href":"https:\/\/tvbrazilusa.com\/pt\/wp-json\/wp\/v2\/users\/1"}],"replies":[{"embeddable":true,"href":"https:\/\/tvbrazilusa.com\/pt\/wp-json\/wp\/v2\/comments?post=73285"}],"version-history":[{"count":1,"href":"https:\/\/tvbrazilusa.com\/pt\/wp-json\/wp\/v2\/posts\/73285\/revisions"}],"predecessor-version":[{"id":73287,"href":"https:\/\/tvbrazilusa.com\/pt\/wp-json\/wp\/v2\/posts\/73285\/revisions\/73287"}],"wp:featuredmedia":[{"embeddable":true,"href":"https:\/\/tvbrazilusa.com\/pt\/wp-json\/wp\/v2\/media\/73286"}],"wp:attachment":[{"href":"https:\/\/tvbrazilusa.com\/pt\/wp-json\/wp\/v2\/media?parent=73285"}],"wp:term":[{"taxonomy":"category","embeddable":true,"href":"https:\/\/tvbrazilusa.com\/pt\/wp-json\/wp\/v2\/categories?post=73285"},{"taxonomy":"post_tag","embeddable":true,"href":"https:\/\/tvbrazilusa.com\/pt\/wp-json\/wp\/v2\/tags?post=73285"}],"curies":[{"name":"wp","href":"https:\/\/api.w.org\/{rel}","templated":true}]}}