{"id":73288,"date":"2024-12-09T10:57:58","date_gmt":"2024-12-09T10:57:58","guid":{"rendered":"https:\/\/tvbrazilusa.com\/2024\/12\/09\/agencia-nacional-de-mineracao-ordena-interdicao-de-mina-apos-desmoronamento\/"},"modified":"2024-12-09T10:58:00","modified_gmt":"2024-12-09T10:58:00","slug":"agencia-nacional-de-mineracao-ordena-interdicao-de-mina-apos-desmoronamento","status":"publish","type":"post","link":"https:\/\/tvbrazilusa.com\/pt\/2024\/12\/09\/agencia-nacional-de-mineracao-ordena-interdicao-de-mina-apos-desmoronamento\/","title":{"rendered":"Ag\u00eancia Nacional de Minera\u00e7\u00e3o ordena interdi\u00e7\u00e3o de mina ap\u00f3s desmoronamento"},"content":{"rendered":"<p> <script async src=\"https:\/\/pagead2.googlesyndication.com\/pagead\/js\/adsbygoogle.js?client=ca-pub-8864793242727901\"\r\n     crossorigin=\"anonymous\"><\/script><br \/>\n<\/p>\n<p>A Ag\u00eancia Nacional de Minera\u00e7\u00e3o (ANM) determinou, na noite desse s\u00e1bado (7\/12), a interdi\u00e7\u00e3o e suspens\u00e3o imediata de todas as atividades da mina de Turmalina, no munic\u00edpio de Concei\u00e7\u00e3o do Par\u00e1, no Centro-Oeste de Minas Gerais, ap\u00f3s deslizamento de uma pilha de rejeitos.\n<\/p>\n<p dir=\"ltr\">A vistoria foi realizada pela ag\u00eancia ap\u00f3s of\u00edcio do ministro de Minas e Energia, Alexandre Silveira, que pediu que fosse &#8220;adotada, de imediato, medidas de fiscaliza\u00e7\u00e3o rigorosas em rela\u00e7\u00e3o \u00e0s estruturas e para a efetiva solu\u00e7\u00e3o da quest\u00e3o, tudo de modo a garantir a seguran\u00e7a total dos trabalhadores e residentes na regi\u00e3o, inclusive, caso seja necess\u00e1rio e conforme an\u00e1lise t\u00e9cnica da Ag\u00eancia, a interdi\u00e7\u00e3o do Complexo ou de parte dele&#8221;.<\/p>\n<div>\n<p dir=\"ltr\">O documento tamb\u00e9m solicita que sejam aprimoradas a\u00e7\u00f5es normativas e pr\u00e1ticas para que casos semelhantes, uma vez informados \u00e0 Ag\u00eancia, sejam imediata e tempestivamente avaliados e medidas administrativas sejam efetivamente concretizadas.\n<\/p>\n<div class=\"publicidade-interna-container\">\n<p dir=\"ltr\">Em nota, a Jaguar Mining informou que implementou medidas de seguran\u00e7a e oficiou os \u00f3rg\u00e3os fiscalizadores e regulat\u00f3rios imediatamente ap\u00f3s a identifica\u00e7\u00e3o de deslizamento em uma pilha de rejeitos\/est\u00e9ril na manh\u00e3 de ontem.\n<\/p>\n<p class=\"texto\">&#8220;Foi criada uma for\u00e7a-tarefa para gerenciar a situa\u00e7\u00e3o. Ap\u00f3s alinhamento com as autoridades, foi decidido que, para garantir a seguran\u00e7a, as opera\u00e7\u00f5es na Unidade Turmalina (MTL) est\u00e3o suspensas. A empresa est\u00e1 implementando um plano de a\u00e7\u00e3o focado na seguran\u00e7a da comunidade e dos funcion\u00e1rios&#8221;.\n<\/p>\n<p class=\"texto\">A empresa ainda informou que, at\u00e9 o momento, a comunidade de Casquilho de Cima est\u00e1 em processo de evacua\u00e7\u00e3o com acompanhamento das autoridades respons\u00e1veis e apoio da Jaguar. As fam\u00edlias retiradas est\u00e3o sendo realocadas em hot\u00e9is.\n<\/p>\n<div class=\"publicidade-interna-container\"><strong>O deslizamento<\/strong><\/p>\n<p>Na manh\u00e3 desse s\u00e1bado (7\/12), um desmoronamento de pilha de rejeitos dentro da Mina de Turmalina, no munic\u00edpio de Concei\u00e7\u00e3o do Par\u00e1, no Centro-Oeste de Minas, mobilizou bombeiros, Defesa Civil e Pol\u00edcia Militar.<\/p>\n<p>De acordo com os bombeiros, 21 resid\u00eancias no povoado de Casquilho foram evacuadas. As casas ficam ao lado da Mina de Turmalina. A corpora\u00e7\u00e3o tamb\u00e9m informa que apenas uma casa foi atingida pelo deslizamento, provocando apenas danos materiais.<\/p>\n<p>Em nota, a Defesa Civil de Concei\u00e7\u00e3o do Par\u00e1 reiterou a orienta\u00e7\u00e3o para que os moradores n\u00e3o retornem \u00e0s suas casas at\u00e9 que novas diretrizes sejam emitidas pelas autoridades. &#8220;A Defesa Civil Municipal de Concei\u00e7\u00e3o do Par\u00e1, a Defesa Civil Estadual de Minas Gerais, N\u00facleo de Emerg\u00eancias Ambientais, o Corpo de Bombeiros Militar de Minas Gerais, o N\u00facleo de Combate aos Crimes Ambientais do Minist\u00e9rio P\u00fablico de Minas Gerais, a Ag\u00eancia Nacional de Minera\u00e7\u00e3o e a Pol\u00edcia Militar de Minas Gerais est\u00e3o monitorando a situa\u00e7\u00e3o e permanecem preparados para prestar assist\u00eancia \u00e0 comunidade&#8221;, informa o texto.<\/p>\n<\/div>\n<div class=\"publicidade-interna-container\">\n<article class=\"text-box\">\n<div id=\"rs_read_this2\" class=\"txt-serif js-article-box article-box mt-15 article-text\">\n<div id=\"articleContent\">\n<p class=\"texto\">Um posto de combust\u00edvel tamb\u00e9m foi atingido, mas o tanque n\u00e3o foi afetado.\u00a0Ao menos\u00a079 pessoas foram evacuadas. Os moradores foram levados para hot\u00e9is pr\u00f3ximos, enquanto autoridades monitoram a situa\u00e7\u00e3o na regi\u00e3o.\n<\/p>\n<p class=\"texto\">\u00a0\n<\/p>\n<p class=\"texto\">Fonte: Estado de Minas\n<\/p>\n<\/div>\n<\/div>\n<\/article>\n<\/div>\n<\/div>\n<\/div>\n<p><br \/>\n<br \/><a href=\"https:\/\/diariodobrasilnoticias.com.br\/noticia\/agencia-nacional-de-mineracao-ordena-interdicao-de-mina-apos-desmoronamento-6756761d6ef82\">Source link <\/a><\/p>","protected":false},"excerpt":{"rendered":"<p>A Ag\u00eancia Nacional de Minera\u00e7\u00e3o (ANM) determinou, na noite desse s\u00e1bado (7\/12), a interdi\u00e7\u00e3o e suspens\u00e3o imediata de todas as atividades da mina de Turmalina, no munic\u00edpio de Concei\u00e7\u00e3o do&hellip;<\/p>","protected":false},"author":1,"featured_media":73289,"comment_status":"closed","ping_status":"open","sticky":false,"template":"","format":"standard","meta":{"content-type":"","footnotes":""},"categories":[16],"tags":[123,2448,5313,1267],"class_list":["post-73288","post","type-post","status-publish","format-standard","has-post-thumbnail","hentry","category-noticias","tag-brasil","tag-diario","tag-noticia","tag-noticias"],"_links":{"self":[{"href":"https:\/\/tvbrazilusa.com\/pt\/wp-json\/wp\/v2\/posts\/73288","targetHints":{"allow":["GET"]}}],"collection":[{"href":"https:\/\/tvbrazilusa.com\/pt\/wp-json\/wp\/v2\/posts"}],"about":[{"href":"https:\/\/tvbrazilusa.com\/pt\/wp-json\/wp\/v2\/types\/post"}],"author":[{"embeddable":true,"href":"https:\/\/tvbrazilusa.com\/pt\/wp-json\/wp\/v2\/users\/1"}],"replies":[{"embeddable":true,"href":"https:\/\/tvbrazilusa.com\/pt\/wp-json\/wp\/v2\/comments?post=73288"}],"version-history":[{"count":1,"href":"https:\/\/tvbrazilusa.com\/pt\/wp-json\/wp\/v2\/posts\/73288\/revisions"}],"predecessor-version":[{"id":73290,"href":"https:\/\/tvbrazilusa.com\/pt\/wp-json\/wp\/v2\/posts\/73288\/revisions\/73290"}],"wp:featuredmedia":[{"embeddable":true,"href":"https:\/\/tvbrazilusa.com\/pt\/wp-json\/wp\/v2\/media\/73289"}],"wp:attachment":[{"href":"https:\/\/tvbrazilusa.com\/pt\/wp-json\/wp\/v2\/media?parent=73288"}],"wp:term":[{"taxonomy":"category","embeddable":true,"href":"https:\/\/tvbrazilusa.com\/pt\/wp-json\/wp\/v2\/categories?post=73288"},{"taxonomy":"post_tag","embeddable":true,"href":"https:\/\/tvbrazilusa.com\/pt\/wp-json\/wp\/v2\/tags?post=73288"}],"curies":[{"name":"wp","href":"https:\/\/api.w.org\/{rel}","templated":true}]}}