{"id":73383,"date":"2024-12-09T14:55:33","date_gmt":"2024-12-09T14:55:33","guid":{"rendered":"https:\/\/tvbrazilusa.com\/2024\/12\/09\/urgente-saiba-o-paradeiro-do-ditador-da-siria-apos-sua-fuga\/"},"modified":"2024-12-09T14:55:34","modified_gmt":"2024-12-09T14:55:34","slug":"urgente-saiba-o-paradeiro-do-ditador-da-siria-apos-sua-fuga","status":"publish","type":"post","link":"https:\/\/tvbrazilusa.com\/pt\/2024\/12\/09\/urgente-saiba-o-paradeiro-do-ditador-da-siria-apos-sua-fuga\/","title":{"rendered":"URGENTE: saiba o paradeiro do ditador da S\u00edria ap\u00f3s sua fuga"},"content":{"rendered":"<p> <script async src=\"https:\/\/pagead2.googlesyndication.com\/pagead\/js\/adsbygoogle.js?client=ca-pub-8864793242727901\"\r\n     crossorigin=\"anonymous\"><\/script><br \/>\n<\/p>\n<div id=\"taboola-read-more\" style=\"display:block; width:100%\">\n<p>O Kremlin, sede do governo russo, afirmou nesta segunda-feira (9) que a R\u00fassia concedeu asilo pol\u00edtico a Bashar al-Assad, ditador s\u00edrio deposto neste final de semana.\n<\/p>\n<p>A ag\u00eancia russa Tass havia informado no domingo que Assad est\u00e1 em Moscou, capital da R\u00fassia. Tamb\u00e9m no domingo, a R\u00fassia afirmou que o ditador s\u00edrio deixou seu pa\u00eds e ordenou uma &#8220;transi\u00e7\u00e3o pac\u00edfica de poder&#8221;.<\/p>\n<p>No entanto, o Kremlin se recusa a confirmar a presen\u00e7a de Assad na R\u00fassia. &#8220;Quanto ao paradeiro do presidente Assad, n\u00e3o tenho nada para falar a voc\u00eas. O que aconteceu surpreendeu o mundo inteiro. N\u00f3s n\u00e3o somos exce\u00e7\u00e3o&#8221;, disse o porta-voz do Kremlin, Dmitri Peskov, \u00e0 imprensa.\n<\/p>\n<p>Assad estava h\u00e1 24 anos no poder na S\u00edria, mas deixou a capital Damasco ap\u00f3s rebeldes terem entrado no territ\u00f3rio sem encontrar resist\u00eancia militar.\n<\/p>\n<p>A pedido da R\u00fassia, o Conselho de Seguran\u00e7a da ONU se reunir\u00e1 nesta segunda-feira para discutir a quest\u00e3o na S\u00edria a partir das 17h, no hor\u00e1rio de Bras\u00edlia.\n<\/p>\n<p>Retomada da guerra na S\u00edria<br \/>O grupo rebelde jihadista HTS tomou a capital s\u00edria Damasco neste final de semana e derrubou o governo de Bashar al-Assad. O ditador se mantinha no poder com apoio militar de aliados como a R\u00fassia e o Ir\u00e3.\n<\/p>\n<p>A guerra civil na S\u00edria come\u00e7ou em 2011 e, nos \u00faltimos quatro anos, parecia estar adormecida. Ap\u00f3s um per\u00edodo sangrento de confrontos, que deixaram cerca de 500 mil mortos e causaram um enorme \u00eaxodo de s\u00edrios, o ditador conseguiu manter o controle sobre a maior parte do territ\u00f3rio gra\u00e7as ao suporte da R\u00fassia, do Ir\u00e3 e da mil\u00edcia libanesa Hezbollah.\n<\/p>\n<p>No entanto, agora a R\u00fassia est\u00e1 em guerra com a Ucr\u00e2nia, e o Ir\u00e3 vive um conflito com Israel. O Hezbollah, por sua vez, perdeu seus principais comandantes neste ano, mortos em ataques israelenses.\n<\/p>\n<p>Para os analistas, essa situa\u00e7\u00e3o faz com que nem Putin nem o regime iraniano estejam dispostos a entrar de cabe\u00e7a em mais uma guerra.\n<\/p>\n<p>Um porta-voz do governo da Ucr\u00e2nia disse que a escalada do conflito na S\u00edria mostra que a R\u00fassia n\u00e3o consegue lutar em duas guerras ao mesmo tempo.\n<\/p>\n<p>Informa\u00e7\u00f5es publicadas no s\u00e1bado indicam que o Hezbollah e o regime iraniano est\u00e3o retirando tropas que mant\u00eam na S\u00edria.\n<\/p>\n<p>O cientista pol\u00edtico Guilherme Casar\u00f5es, da Funda\u00e7\u00e3o Get\u00falio Vargas, diz que n\u00e3o \u00e9 uma coincid\u00eancia a ofensiva ter sido lan\u00e7ada agora.\n<\/p>\n<p>&#8220;Aqueles que eram os tr\u00eas principais aliados do governo Assad, Hezbollah, Ir\u00e3 e R\u00fassia, est\u00e3o meio que fora desse envolvimento direto com o conflito, o que abriu uma oportunidade para que os rebeldes tentassem retomar certas posi\u00e7\u00f5es estrat\u00e9gicas dentro do pa\u00eds. Aleppo, sendo a segunda maior cidade da S\u00edria, \u00e9 o primeiro destino que eles ocuparam.&#8221;\n<\/p>\n<p>Segundo o professor, o acirramento do conflito pode ter consequ\u00eancias em todo o Oriente M\u00e9dio. Se Assad cair, afirma ele, isso pode criar um v\u00e1cuo de poder e escalar ainda mais as guerras que envolvem Israel, Hamas, Hezbollah e Ir\u00e3.\n<\/p>\n<p>Fonte: G1              <\/p>\n<\/div>\n<p><br \/>\n<br \/><a href=\"https:\/\/diariodobrasilnoticias.com.br\/noticia\/kremlin-confirma-que-russia-concedeu-asilo-politico-a-assad-6756ec25c9a76\">Source link <\/a><\/p>","protected":false},"excerpt":{"rendered":"<p>O Kremlin, sede do governo russo, afirmou nesta segunda-feira (9) que a R\u00fassia concedeu asilo pol\u00edtico a Bashar al-Assad, ditador s\u00edrio deposto neste final de semana. A ag\u00eancia russa Tass&hellip;<\/p>","protected":false},"author":1,"featured_media":73384,"comment_status":"closed","ping_status":"open","sticky":false,"template":"","format":"standard","meta":{"content-type":"","footnotes":""},"categories":[16],"tags":[123,2448,5313,1267],"class_list":["post-73383","post","type-post","status-publish","format-standard","has-post-thumbnail","hentry","category-noticias","tag-brasil","tag-diario","tag-noticia","tag-noticias"],"_links":{"self":[{"href":"https:\/\/tvbrazilusa.com\/pt\/wp-json\/wp\/v2\/posts\/73383","targetHints":{"allow":["GET"]}}],"collection":[{"href":"https:\/\/tvbrazilusa.com\/pt\/wp-json\/wp\/v2\/posts"}],"about":[{"href":"https:\/\/tvbrazilusa.com\/pt\/wp-json\/wp\/v2\/types\/post"}],"author":[{"embeddable":true,"href":"https:\/\/tvbrazilusa.com\/pt\/wp-json\/wp\/v2\/users\/1"}],"replies":[{"embeddable":true,"href":"https:\/\/tvbrazilusa.com\/pt\/wp-json\/wp\/v2\/comments?post=73383"}],"version-history":[{"count":1,"href":"https:\/\/tvbrazilusa.com\/pt\/wp-json\/wp\/v2\/posts\/73383\/revisions"}],"predecessor-version":[{"id":73385,"href":"https:\/\/tvbrazilusa.com\/pt\/wp-json\/wp\/v2\/posts\/73383\/revisions\/73385"}],"wp:featuredmedia":[{"embeddable":true,"href":"https:\/\/tvbrazilusa.com\/pt\/wp-json\/wp\/v2\/media\/73384"}],"wp:attachment":[{"href":"https:\/\/tvbrazilusa.com\/pt\/wp-json\/wp\/v2\/media?parent=73383"}],"wp:term":[{"taxonomy":"category","embeddable":true,"href":"https:\/\/tvbrazilusa.com\/pt\/wp-json\/wp\/v2\/categories?post=73383"},{"taxonomy":"post_tag","embeddable":true,"href":"https:\/\/tvbrazilusa.com\/pt\/wp-json\/wp\/v2\/tags?post=73383"}],"curies":[{"name":"wp","href":"https:\/\/api.w.org\/{rel}","templated":true}]}}