{"id":73392,"date":"2024-12-09T15:07:53","date_gmt":"2024-12-09T15:07:53","guid":{"rendered":"https:\/\/tvbrazilusa.com\/2024\/12\/09\/governos-autoritarios-que-foram-derrubados-nos-ultimos-15-anos-confira-a-trajetoria\/"},"modified":"2024-12-09T15:07:54","modified_gmt":"2024-12-09T15:07:54","slug":"governos-autoritarios-que-foram-derrubados-nos-ultimos-15-anos-confira-a-trajetoria","status":"publish","type":"post","link":"https:\/\/tvbrazilusa.com\/pt\/2024\/12\/09\/governos-autoritarios-que-foram-derrubados-nos-ultimos-15-anos-confira-a-trajetoria\/","title":{"rendered":"Governos autorit\u00e1rios que foram derrubados nos \u00faltimos 15 anos; confira a trajet\u00f3ria"},"content":{"rendered":"<p> <script async src=\"https:\/\/pagead2.googlesyndication.com\/pagead\/js\/adsbygoogle.js?client=ca-pub-8864793242727901\"\r\n     crossorigin=\"anonymous\"><\/script><br \/>\n<\/p>\n<div id=\"taboola-read-more\" style=\"display:block; width:100%\">\n<p>A queda de Bashar al-Assad, na S\u00edria, \u00e9 o cap\u00edtulo mais recente na hist\u00f3ria de deposi\u00e7\u00f5es de governantes no Oriente M\u00e9dio. Nos \u00faltimos 15 anos cinco regimes ditatoriais foram derrubados na regi\u00e3o.<\/p>\n<p>Os s\u00edrios se unem a Tun\u00edsia, Egito, L\u00edbia e I\u00eamen em uma luta marcada por conflitos contra longas dinastias que governaram os pa\u00edses por d\u00e9cadas com pouca ou nenhuma participa\u00e7\u00e3o popular, muitos de forma ditatorial.<\/p>\n<p>Grupos rebeldes, levantes populares e alian\u00e7as de oposi\u00e7\u00e3o, s\u00e3o os principais atores nas insurg\u00eancias que levaram \u00e0 queda desses l\u00edderes e a mudan\u00e7as governamentais.\n<\/p>\n<p><strong>Linha do tempo<\/strong>\n<\/p>\n<p><strong>Tun\u00edsia<\/strong><br \/>Zine el-Abidine Ben Ali, da Tun\u00edsia, foi o primeiro a ser deposto em 2011 durante a Primavera \u00c1rabe, levante que deu in\u00edcio \u00e0 in\u00e9dita sequ\u00eancia de destitui\u00e7\u00f5es nos pa\u00edses \u00e1rabes. Na \u00e9poca, Ben Ali fugiu do pa\u00eds ap\u00f3s 24 anos no poder.\n<\/p>\n<p>O caso de Mohamed Bouazizi, jovem vendedor de frutas, da cidade Sidi Bouzid, que tomou a atitude desesperada de atear fogo em si para protestar contra as condi\u00e7\u00f5es opressivas do pa\u00eds, foi o estopim para o in\u00edcio da revolta contra o presidente.\n<\/p>\n<p>A visita ao jovem no hospital feita por Ben Ali, juntamente com promessas de cortar pre\u00e7os de alimentos b\u00e1sicos, acabar com a censura e garantir que a pol\u00edcia n\u00e3o usasse muni\u00e7\u00e3o real contra os manifestantes, n\u00e3o foram capazes de reprimir a crescente agita\u00e7\u00e3o.\n<\/p>\n<p>Ap\u00f3s a morte de Bouazizi, que sucumbiu aos ferimentos, in\u00fameras revoltas foram desencadeadas por toda a Tun\u00edsia que se espalharam pelo mundo \u00e1rabe, levando \u00e0 mudan\u00e7a de regime na L\u00edbia e no Egito.\n<\/p>\n<p>Ben Ali foi deposto e condenado a 35 anos de pris\u00e3o, mas n\u00e3o cumpriu, pois fugiu do pa\u00eds em janeiro de 2011, a medida que os protestos se intensificavam. Exilado na Ar\u00e1bia Saudita, o ex-presidente morreu em 2019, aos 83 anos.\n<\/p>\n<p><strong>Egito<\/strong><br \/>No mesmo ano, o ent\u00e3o presidente do Egito por quase 30 anos, Hosni Mubarak, tamb\u00e9m renunciou ao cargo ap\u00f3s press\u00e3o popular inspirada nos protestos que haviam ocorrido na Tun\u00edsia.\n<\/p>\n<p>Em agosto de 2011, Mubarak chegou a ser condenado \u00e0 pris\u00e3o perp\u00e9tua em um julgamento pela acusa\u00e7\u00e3o de ordenar a morte de mais de 800 manifestantes e por corrup\u00e7\u00e3o.\n<\/p>\n<p>O ent\u00e3o ex-presidente foi detido em 2012, cumpriu seis anos de pris\u00e3o e foi liberto em 2017. Passou ent\u00e3o a viver no Cairo, capital do Egito, onde faleceu em 2020, aos 91 anos.\n<\/p>\n<p><strong>L\u00edbia<\/strong><br \/>Ainda em 2011, Muammar Gaddafi, que estava no poder desde 1969, foi morto brutalmente na L\u00edbia.\n<\/p>\n<p>Uma onda de manifesta\u00e7\u00f5es populares pedindo a deposi\u00e7\u00e3o do governante tomaram conta do pa\u00eds, que reprimiu a popula\u00e7\u00e3o. A Otan e o Tribunal Penal Internacional (TPI) interferiram no cen\u00e1rio.\n<\/p>\n<p>Ap\u00f3s fugir em agosto do mesmo ano, Gadhafi foi capturado por for\u00e7as rebeldes e morreu com um tiro na cabe\u00e7a em sua cidade natal, Sirte, na L\u00edbia.\n<\/p>\n<p><strong>I\u00eamen<\/strong><br \/>Em fevereiro de 2012, Ali Abdullah Saleh, no I\u00eamen, que liderava o pa\u00eds desde 1978, renunciou ao cargo sob press\u00e3o popular.\n<\/p>\n<p>Saleh foi substitu\u00eddo pelo seu vice Adbrabbuh Mansur Hadi, e morto em 2017 ao tentar deixar a capital iemenita, Sama\u00e3.\n<\/p>\n<p><strong>S\u00edria<\/strong><br \/>Agora em 2024, neste domingo (8), o mundo presenciou a queda do governo de Bashar al-Assad na S\u00edria, ap\u00f3s for\u00e7as rebeldes tomarem a capital e declararem Damasco \u201clivre\u201d.\n<\/p>\n<p>A queda da era da fam\u00edlia Assad, que come\u00e7ou com seu pai, Hafez al-Assad, em 1971, conclui o arco de levantes que mudaram a configura\u00e7\u00e3o do Oriente M\u00e9dio.\n<\/p>\n<p>Assad e sua fam\u00edlia fugiram da S\u00edria e se encontram abrigados em Moscou, na R\u00fassia, sob asilo humanit\u00e1ria, segundo informa\u00e7\u00f5es da m\u00eddia estatal russa TASS, citando uma fonte no Kremlin.\n<\/p>\n<p><strong>Entenda o conflito na S\u00edria<\/strong><br \/>A guerra civil da S\u00edria come\u00e7ou durante a Primavera \u00c1rabe, em 2011, quando o regime de Bashar al-Assad reprimiu uma revolta pr\u00f3-democracia.\n<\/p>\n<p>O pa\u00eds mergulhou em um conflito em grande escala quando uma for\u00e7a rebelde foi formada, conhecida como Ex\u00e9rcito S\u00edrio Livre, para combater as tropas do governo.\n<\/p>\n<p>Al\u00e9m disso, o Estado Isl\u00e2mico, um grupo terrorista, tamb\u00e9m conseguiu se firmar no pa\u00eds e chegou a controlar 70% do territ\u00f3rio s\u00edrio.\n<\/p>\n<p>Os combates aumentaram \u00e0 medida que outros atores regionais e pot\u00eancias mundiais \u2014 da Ar\u00e1bia Saudita, Ir\u00e3, Estados Unidos \u00e0 R\u00fassia \u2014 se juntaram, intensificando a guerra no pa\u00eds para o que alguns observadores descreveram como uma \u201cguerra por procura\u00e7\u00e3o\u201d.\n<\/p>\n<p>A R\u00fassia se aliou ao governo de Bashar al-Assad para combater o Estado Isl\u00e2mico e os rebeldes, enquanto os Estados Unidos lideraram uma coaliz\u00e3o internacional para repelir o grupo terrorista.\n<\/p>\n<p>Ap\u00f3s um acordo de cessar-fogo em 2020, o conflito permaneceu em grande parte \u201cadormecido\u201d, com confrontos pequenos entre os rebeldes e o regime de Assad.\n<\/p>\n<p>Mais de 300 mil civis foram mortos em mais de uma d\u00e9cada de guerra, segundo a ONU, e milh\u00f5es de pessoas foram deslocadas pela regi\u00e3o.<\/p>\n<p>Fonte: CNN Brasil              <\/p>\n<\/div>\n<p><br \/>\n<br \/><a href=\"https:\/\/diariodobrasilnoticias.com.br\/noticia\/governos-autoritarios-que-foram-derrubados-nos-ultimos-15-anos-confira-a-trajetoria-6756ef026f89e\">Source link <\/a><\/p>","protected":false},"excerpt":{"rendered":"<p>A queda de Bashar al-Assad, na S\u00edria, \u00e9 o cap\u00edtulo mais recente na hist\u00f3ria de deposi\u00e7\u00f5es de governantes no Oriente M\u00e9dio. Nos \u00faltimos 15 anos cinco regimes ditatoriais foram derrubados&hellip;<\/p>","protected":false},"author":1,"featured_media":73393,"comment_status":"closed","ping_status":"open","sticky":false,"template":"","format":"standard","meta":{"content-type":"","footnotes":""},"categories":[16],"tags":[123,2448,5313,1267],"class_list":["post-73392","post","type-post","status-publish","format-standard","has-post-thumbnail","hentry","category-noticias","tag-brasil","tag-diario","tag-noticia","tag-noticias"],"_links":{"self":[{"href":"https:\/\/tvbrazilusa.com\/pt\/wp-json\/wp\/v2\/posts\/73392","targetHints":{"allow":["GET"]}}],"collection":[{"href":"https:\/\/tvbrazilusa.com\/pt\/wp-json\/wp\/v2\/posts"}],"about":[{"href":"https:\/\/tvbrazilusa.com\/pt\/wp-json\/wp\/v2\/types\/post"}],"author":[{"embeddable":true,"href":"https:\/\/tvbrazilusa.com\/pt\/wp-json\/wp\/v2\/users\/1"}],"replies":[{"embeddable":true,"href":"https:\/\/tvbrazilusa.com\/pt\/wp-json\/wp\/v2\/comments?post=73392"}],"version-history":[{"count":1,"href":"https:\/\/tvbrazilusa.com\/pt\/wp-json\/wp\/v2\/posts\/73392\/revisions"}],"predecessor-version":[{"id":73394,"href":"https:\/\/tvbrazilusa.com\/pt\/wp-json\/wp\/v2\/posts\/73392\/revisions\/73394"}],"wp:featuredmedia":[{"embeddable":true,"href":"https:\/\/tvbrazilusa.com\/pt\/wp-json\/wp\/v2\/media\/73393"}],"wp:attachment":[{"href":"https:\/\/tvbrazilusa.com\/pt\/wp-json\/wp\/v2\/media?parent=73392"}],"wp:term":[{"taxonomy":"category","embeddable":true,"href":"https:\/\/tvbrazilusa.com\/pt\/wp-json\/wp\/v2\/categories?post=73392"},{"taxonomy":"post_tag","embeddable":true,"href":"https:\/\/tvbrazilusa.com\/pt\/wp-json\/wp\/v2\/tags?post=73392"}],"curies":[{"name":"wp","href":"https:\/\/api.w.org\/{rel}","templated":true}]}}