{"id":73410,"date":"2024-12-09T15:33:24","date_gmt":"2024-12-09T15:33:24","guid":{"rendered":"https:\/\/tvbrazilusa.com\/2024\/12\/09\/indicacoes-ao-globo-de-ouro-de-2025-emilia-perez-e-o-urso-lideram\/"},"modified":"2024-12-09T15:36:22","modified_gmt":"2024-12-09T15:36:22","slug":"indicacoes-ao-globo-de-ouro-de-2025-emilia-perez-e-o-urso-lideram","status":"publish","type":"post","link":"https:\/\/tvbrazilusa.com\/pt\/2024\/12\/09\/indicacoes-ao-globo-de-ouro-de-2025-emilia-perez-e-o-urso-lideram\/","title":{"rendered":"Indica\u00e7\u00f5es ao Globo de Ouro de 2025: &#8216;Emilia Perez&#8217; e &#8216;O Urso&#8217; lideram"},"content":{"rendered":"<p> <script async src=\"https:\/\/pagead2.googlesyndication.com\/pagead\/js\/adsbygoogle.js?client=ca-pub-8864793242727901\"\r\n     crossorigin=\"anonymous\"><\/script><br \/>\n<\/p>\n<div id=\"\">\n<header class=\"m-article-header m-article-header--standard\">\n\t\t\t\t\t\t\t\t\t\t\t\t<span id=\"article-header-primary-term\"><br \/>\n\t\t\t\t\t\t\t\t<a class=\"a-term a-term--primary\" href=\"https:\/\/www.boston.com\/tag\/entertainment\/\"><\/p>\n<p>\t\t\t\t\t\t\t\tEntretenimento\t\t\t\t\t\t\t\t<\/a><br \/>\n\t\t\t\t\t\t\t<\/span><\/p>\n<h2 class=\"m-article-header__sub-headline\">O musical &#8220;Emilia Perez&#8221; da Netflix obteve dez indica\u00e7\u00f5es no Globo de Ouro de 2025, o maior n\u00famero de todos os filmes. Para a TV, &#8220;The Bear&#8221; lidera com cinco.<\/h2>\n<figure class=\"a-photo m-article-header__photo\"><figcaption class=\"a-photo__caption\">\n<p>\tJeremy Allen White e Ayo Edebiri em \u201cO Urso\u201d.<em> FX<\/em>\t<\/figcaption><\/figure>\n<\/header>\n<p>Um popular drama de cozinha FX e um musical da Netflix sobre um traficante mexicano que passa por uma cirurgia de afirma\u00e7\u00e3o de g\u00eanero foram os grandes vencedores nas indica\u00e7\u00f5es ao Globo de Ouro de 2025 na manh\u00e3 de segunda-feira.<\/p>\n<p>\u201cEmilia P\u00e9rez\u201d, de Jacques Audiard, obteve o maior n\u00famero de indica\u00e7\u00f5es ao Globo de Ouro de qualquer filme, com 10, ficando \u00e0 frente de outros grandes homenageados, como o sucesso musical \u201cWicked\u201d, o thriller papal \u201cConclave\u201d e o \u00e9pico do p\u00f3s-guerra \u201cThe Brutalist\u201d.<\/p>\n<p>Depois de \u201cEmilia P\u00e9rez\u201d, \u201cThe Brutalist\u201d, de Brady Corbet, recebeu sete indica\u00e7\u00f5es, incluindo melhor filme, drama e atua\u00e7\u00e3o para Adrian Brody e Guy Pearce. O filme a ser lan\u00e7ado em breve, da A24, \u00e9 incomumente ambicioso, com dura\u00e7\u00e3o de tr\u00eas horas e meia, incluindo um intervalo.<\/p>\n<p>Logo atr\u00e1s estava \u201cConclave\u201d, de Edward Berger, estrelado por Ralph Fiennes como um cardeal encarregado de liderar o conclave para eleger um novo papa. Recebeu seis indica\u00e7\u00f5es, incluindo melhor filme, drama e atua\u00e7\u00e3o para Fiennes e Isabella Rossellini.<\/p>\n<p>\u201cAnora\u201d, de Sean Baker, vencedor da Palma de Ouro, estrelado por Mikey Madison como uma trabalhadora sexual do Brooklyn que se casa com o filho de um oligarca russo, foi indicado a cinco pr\u00eamios, incluindo melhor filme, com\u00e9dia ou musical, e melhor atriz por Madison e melhor ator coadjuvante para Yura Borisov.<\/p>\n<p>Nas categorias de televis\u00e3o, \u201cThe Bear\u201d obteve cinco indica\u00e7\u00f5es, o maior n\u00famero de todos os programas. Foi um bom ano em geral para FX: o drama hist\u00f3rico \u201cShogun\u201d e a com\u00e9dia \u201cOnly Murders in the Building\u201d tamb\u00e9m ganharam quatro indica\u00e7\u00f5es cada. <\/p>\n<h3 class=\"wp-block-heading\" id=\"h-how-to-watch-the-2025-golden-globes\">Como assistir ao Globo de Ouro de 2025<\/h3>\n<p>O Globo de Ouro de 2025 ser\u00e1 realizado no domingo, 5 de janeiro, e ser\u00e1 transmitido pela CBS e transmitido em <a href=\"https:\/\/www.boston.com\/tag\/paramount-plus\">Paramount+<\/a>.<\/p>\n<p>A cerim\u00f4nia ser\u00e1 apresentada pela comediante Nikki Glaser, que obteve sua pr\u00f3pria indica\u00e7\u00e3o para melhor especial de stand-up. A CBS, que come\u00e7ou a transmitir o Globes no ano passado com um novo acordo, espera que Glaser consiga se sair melhor do que o mestre de cerim\u00f4nias do ano passado, Jo Koy, cuja passagem foi amplamente criticada.<\/p>\n<p>Os em apuros Globos, que j\u00e1 n\u00e3o s\u00e3o apresentados pela Associa\u00e7\u00e3o de Imprensa Estrangeira de Hollywood, ainda est\u00e3o em modo de regresso ap\u00f3s anos de esc\u00e2ndalos e convuls\u00f5es organizacionais. Trabalhando a favor dos Globos este ano: um campo de indicados especialmente estrelado. Zendaya, Timoth\u00e9e Chalamet, Angelina Jolie, Daniel Craig, Denzel Washington, Ariana Grande, Glen Powell e Selena Gomez foram indicados.<\/p>\n<p>Enquanto \u201cOppenheimer\u201d e, em menor grau, \u201cBarbie\u201d, chegaram \u00e0s indica\u00e7\u00f5es ao Globo como os pesos pesados \u200b\u200bda <a href=\"https:\/\/www.boston.com\/tag\/awards-season\/\">temporada de premia\u00e7\u00f5es<\/a>nenhum candidato pioneiro surgiu este ano. Os Globos nem sempre se alinham com a Academia de Artes e Ci\u00eancias Cinematogr\u00e1ficas, um grupo muito maior que reflete muito mais de perto a ind\u00fastria cinematogr\u00e1fica. Mas eles podem dar um grande impulso aos filmes e fornecer material maduro para o marketing de seus pr\u00eamios.<\/p>\n<p>Aqui est\u00e1 a lista completa de indica\u00e7\u00f5es para o Globo de Ouro de 2025.<\/p>\n<hr class=\"wp-block-separator has-alpha-channel-opacity is-style-red-pattern\"\/>\n<h3 class=\"wp-block-heading\" id=\"h-2025-golden-globe-nominees-movies\"><strong><span style=\"text-decoration: underline;\">Indicados ao Globo de Ouro de 2025: Filmes<\/span><\/strong><\/h3>\n<h4 class=\"wp-block-heading\" id=\"mntl-sc-block_21-0\"><strong>Melhor Filme \u2013 Drama<\/strong><\/h4>\n<p id=\"mntl-sc-block_23-0\"><em>O brutalista<br \/>Um completo desconhecido<br \/>Conclave<br \/>Duna: Parte Dois<br \/>Meninos de n\u00edquel<br \/>5 de setembro<\/em><\/p>\n<h4 class=\"wp-block-heading\" id=\"mntl-sc-block_25-0\"><strong>Melhor Filme &#8211; Musical ou Com\u00e9dia<\/strong><\/h4>\n<p id=\"mntl-sc-block_27-0\"><em>anora<br \/>Desafiadores<br \/>Em\u00edlia P\u00e9rez<br \/>Uma verdadeira dor<br \/>A subst\u00e2ncia<br \/>Malvado <\/em><\/p>\n<h4 class=\"wp-block-heading\" id=\"mntl-sc-block_29-0\"><strong>Melhor Filme \u2013 Animado <\/strong><\/h4>\n<p id=\"mntl-sc-block_31-0\"><em>Fluxo<br \/>De dentro para fora 2<br \/>Mem\u00f3rias de um Caracol<br \/>Moana 2<br \/>Wallace e Gromit: a vingan\u00e7a da maioria das aves<br \/>O Rob\u00f4 Selvagem<\/em><\/p>\n<h4 class=\"wp-block-heading\" id=\"mntl-sc-block_33-0\"><strong>Conquista cinematogr\u00e1fica e de bilheteria <\/strong><\/h4>\n<p id=\"mntl-sc-block_35-0\"><em>Alien\u00edgena: R\u00f4mulo<br \/>Suco de besouro Suco de besouro<br \/>Deadpool e Wolverine<br \/>Gladiador II<br \/>De dentro para fora 2<br \/>Torcidos<br \/>Malvado<br \/>O Rob\u00f4 Selvagem<\/em><\/p>\n<h4 class=\"wp-block-heading\" id=\"mntl-sc-block_37-0\"><strong>Melhor Filme \u2013 Idioma N\u00e3o Ingl\u00eas<\/strong><\/h4>\n<p id=\"mntl-sc-block_39-0\"><em>Tudo o que imaginamos como luz<\/em> (\u00cdndia)<br \/><em>Em\u00edlia P\u00e9rez<\/em> (Fran\u00e7a)<br \/><em>A garota com a agulha<\/em> (Dinamarca)<br \/><em>Eu ainda estou aqui<\/em> (Brasil)<br \/><em>A Semente do Figo Sagrado<\/em> (Alemanha)<br \/><em>vermelh\u00e3o<\/em> (It\u00e1lia)<strong> <\/strong><\/p>\n<h4 class=\"wp-block-heading\" id=\"mntl-sc-block_42-0\"><strong>Melhor Performance de uma Atriz em Filme &#8211; Drama<\/strong><\/h4>\n<p id=\"mntl-sc-block_44-0\">P\u00e2mela Anderson \u2013 <em>A \u00daltima Showgirl<\/em><br \/>Angelina Jolie \u2013 <em>Maria<\/em><br \/>Nicole Kidman- <em>Bebezinha<\/em><br \/>Tilda Swinton \u2013 <em>O quarto ao lado<\/em><br \/>Fernanda Torres \u2013 <em>Eu ainda estou aqui<\/em><br \/>Kate Winslet- <em>Lee<\/em><\/p>\n<h4 class=\"wp-block-heading\" id=\"mntl-sc-block_46-0\"><strong>Melhor Performance de Ator Masculino em Filme &#8211; Drama <\/strong><\/h4>\n<p id=\"mntl-sc-block_48-0\">Adrian Brody \u2013 <em>O brutalista<\/em><br \/>Timoth\u00e9e Chalamet \u2013 <em>Um completo desconhecido<\/em><br \/>Daniel Craig \u2013 <em>Queer<\/em><br \/>Colman Domingo \u2013 <em>Cante Cante<\/em><br \/>Ralph Fiennes \u2013 <em>Conclave<\/em><br \/>Sebasti\u00e3o Stan \u2013 <em>O Aprendiz<\/em><\/p>\n<h4 class=\"wp-block-heading\" id=\"mntl-sc-block_50-0\"><strong>Melhor Performance de uma Atriz em Filme &#8211; Musical ou Com\u00e9dia<\/strong><\/h4>\n<p id=\"mntl-sc-block_52-0\">Amy Adams \u2013 <em>Vadia da noite<\/em><br \/>Cynthia Erivo \u2013 <em>Malvado<\/em><br \/>Karla Sofia Gasc\u00f3n \u2013 <em>Em\u00edlia P\u00e9rez<\/em><br \/>Mikey Madison- <em>anora<\/em><br \/>Demi Moore \u2013 <em>A subst\u00e2ncia<\/em><br \/>Zendaya \u2013 <em>Desafiadores<\/em><\/p>\n<h4 class=\"wp-block-heading\" id=\"mntl-sc-block_55-0\"><strong>Melhor Performance de Ator Masculino em Filme &#8211; Musical ou Com\u00e9dia<\/strong><\/h4>\n<p id=\"mntl-sc-block_57-0\">Jess\u00e9 Eisenberg \u2013 <em>Uma verdadeira dor<\/em><br \/>Hugo Grant \u2013 <em>Herege<\/em><br \/>Gabriel LaBelle \u2013 <em>S\u00e1bado \u00e0 noite<\/em><br \/>Jesse Plemons- <em>Tipos de bondade<\/em><br \/>Glen Powell \u2013 <em>Assassino<\/em><br \/>Sebasti\u00e3o Stan \u2013 <em>Um homem diferente<\/em><\/p>\n<h4 class=\"wp-block-heading\" id=\"mntl-sc-block_59-0\"><strong>Melhor Performance de uma Atriz Coadjuvante<\/strong><\/h4>\n<p id=\"mntl-sc-block_61-0\">Selena Gomez \u2013 <em>Em\u00edlia P\u00e9rez<br \/><\/em>Ariana Grande- <em>Malvado<\/em><br \/>Felicidade Jones \u2013 <em>O brutalista<\/em><br \/>Margaret Qualley \u2013 <em>A subst\u00e2ncia<\/em><br \/>Isabella Rossellini \u2013 <em>Conclave<\/em><br \/>Zoe Salda\u00f1a \u2013 <em>Em\u00edlia P\u00e9rez<\/em><strong> <\/strong><\/p>\n<h4 class=\"wp-block-heading\" id=\"mntl-sc-block_63-0\"><strong>Melhor Performance de um Ator Masculino em Papel Coadjuvante<\/strong><\/h4>\n<p id=\"mntl-sc-block_65-0\">Yura Borisov \u2013 <em>anora<\/em><br \/>Kieran Culkin- <em>Uma verdadeira dor<\/em><br \/>Eduardo Norton \u2013 <em>Um completo desconhecido<\/em><br \/>Guy Pearce \u2013 <em>O brutalista<\/em><br \/>Jeremy Forte \u2013 <em>O Aprendiz<\/em><br \/>Denzel Washington \u2013 <em>Gladiador II<\/em><\/p>\n<h4 class=\"wp-block-heading\" id=\"mntl-sc-block_68-0\"><strong>Melhor Diretor <\/strong><\/h4>\n<p id=\"mntl-sc-block_70-0\">Jacques Audiard \u2013 <em>Em\u00edlia P\u00e9rez<\/em><br \/>Sean Baker \u2013 <em>anora<\/em><br \/>Eduardo Berger \u2013 <em>Conclave<\/em><br \/>Brady Corbet- <em>O brutalista<\/em><br \/>Coralie Fargeat- <em>A subst\u00e2ncia<\/em><br \/>Payal Kapadia \u2013 <em>Tudo o que imaginamos como luz<\/em><\/p>\n<h4 class=\"wp-block-heading\" id=\"mntl-sc-block_72-0\"><strong>Melhor Roteiro <\/strong><\/h4>\n<p id=\"mntl-sc-block_74-0\"><em>Em\u00edlia P\u00e9rez<br \/>anora<br \/>O brutalista<br \/>Uma verdadeira dor<br \/>A subst\u00e2ncia<br \/>Conclave<\/em><\/p>\n<h4 class=\"wp-block-heading\" id=\"mntl-sc-block_76-0\"><strong>Melhor trilha sonora original<\/strong><\/h4>\n<p id=\"mntl-sc-block_78-0\"><em>Conclave<br \/>O brutalista<br \/>O Rob\u00f4 Selvagem<br \/>Em\u00edlia P\u00e9rez<br \/>Desafiadores<br \/>Duna: Parte Dois<\/em><\/p>\n<h4 class=\"wp-block-heading\" id=\"mntl-sc-block_80-0\"><strong>Melhor Can\u00e7\u00e3o Original<\/strong><\/h4>\n<p id=\"mntl-sc-block_82-0\">\u201cBeautiful That Way\u201d, m\u00fasica e letras de: Andrew Wyatt, Miley Cyrus, Lykke Zachrisson &#8211; <em>A \u00daltima Showgirl<\/em><br \/>\u201cCompress \/ Repress,\u201d M\u00fasica e Letra Por: Trent Reznor, Atticus Ross, Luca Guadagnino \u2013 <em>Desafiadores<\/em><br \/>\u201cEl Mal,\u201d M\u00fasica e Letra Por: Cl\u00e9ment Ducol, Camille, Jacques Audiard \u2013 <em>Em\u00edlia P\u00e9rez<\/em><br \/>\u201cForbidden Road\u201d, m\u00fasica e letras de: Robbie Williams, Freddy Wexler, Sacha Skarbek \u2013 <em>Homem melhor<\/em><br \/>\u201cKiss The Sky\u201d, m\u00fasica e letras de: Delacey, Jordan K. Johnson, Stefan Johnson, Maren Morris, Michael Pollack, Ali Tamposi &#8211; <em>O Rob\u00f4 Selvagem<\/em><br \/>\u201cMi Camino,\u201d M\u00fasica e Letra Por: Cl\u00e9ment Ducol, Camille \u2013 <em>Em\u00edlia P\u00e9rez<\/em><\/p>\n<hr class=\"wp-block-separator has-alpha-channel-opacity is-style-red-pattern\"\/>\n<h3 class=\"wp-block-heading\" id=\"mntl-sc-block_85-0\"><span style=\"text-decoration: underline;\">Indicados ao Globo de Ouro de 2025: TV<\/span><\/h3>\n<h4 class=\"wp-block-heading\" id=\"mntl-sc-block_86-0\"><strong>Melhor S\u00e9rie de Televis\u00e3o \u2013 Drama<\/strong><\/h4>\n<p id=\"mntl-sc-block_88-0\"><em>O Dia do Chacal<br \/>O Diplomata<br \/>Sr. e Sra. Smith<br \/>Shogun<br \/>Cavalos lentos<br \/>Jogo de lula<\/em><\/p>\n<h4 class=\"wp-block-heading\" id=\"mntl-sc-block_90-0\"><strong>Melhor S\u00e9rie de Televis\u00e3o \u2013 Musical ou Com\u00e9dia <\/strong><\/h4>\n<p id=\"mntl-sc-block_92-0\"><em>Abbott Elementar<br \/>O Urso<br \/>Os cavalheiros<br \/>Hacks<br \/>Ningu\u00e9m quer isso<br \/>Apenas assassinatos no pr\u00e9dio<\/em><\/p>\n<h4 class=\"wp-block-heading\" id=\"mntl-sc-block_94-0\"><strong>Melhor s\u00e9rie limitada de televis\u00e3o, s\u00e9rie de antologia ou filme feito para televis\u00e3o<\/strong><\/h4>\n<p id=\"mntl-sc-block_96-0\"><em>Rena beb\u00ea<br \/>Isen\u00e7\u00e3o de responsabilidade<br \/>Monstros: a hist\u00f3ria de Lyle e Erik Menendez<br \/>O Pinguim<br \/>Ripley<br \/>Verdadeiro Detetive: Pa\u00eds Noturno<\/em><\/p>\n<h4 class=\"wp-block-heading\" id=\"mntl-sc-block_98-0\"><strong>Melhor Performance de Ator Feminino em S\u00e9rie de Televis\u00e3o &#8211; Drama<\/strong><\/h4>\n<p id=\"mntl-sc-block_100-0\">Kathy Bates- <em>Matlock<\/em><br \/>Emma D\u2019Arcy \u2013 <em>Casa do Drag\u00e3o<\/em><br \/>Maya Erskine \u2013 <em>Sr. e Sra. Smith<\/em><br \/>Keira Knightley \u2013 <em>Pombas Negras<\/em><br \/>Keri Russell \u2013 <em>O Diplomata<\/em><br \/>Anna Sawai \u2013 <em>Shogun<\/em><\/p>\n<h4 class=\"wp-block-heading\" id=\"mntl-sc-block_103-0\"><strong>Melhor Performance de Ator Masculino em S\u00e9rie de Televis\u00e3o &#8211; Drama<\/strong><\/h4>\n<p id=\"mntl-sc-block_105-0\">Donald Glover \u2013 <em>Sr. e Sra. Smith<\/em><br \/>Jake Gyllenhaal \u2013 <em>Presumivelmente inocente<\/em><br \/>Gary Oldman \u2013 <em>Cavalos lentos<\/em><br \/>Eddie Redmayne \u2013 <em>O Dia do Chacal<\/em><br \/>Hiroyuki Sanada \u2013 <em>Shogun<\/em><br \/>Billy Bob Thornton \u2013 <em>Landman<\/em><\/p>\n<h4 class=\"wp-block-heading\" id=\"mntl-sc-block_107-0\"><strong>Melhor Performance de Atriz em S\u00e9rie de Televis\u00e3o &#8211; Musical ou Com\u00e9dia<\/strong><\/h4>\n<p id=\"mntl-sc-block_109-0\">Kristen Bell \u2013 <em>Ningu\u00e9m quer isso<\/em><br \/>Quinta Brunson \u2013 <em>Abbott Elementar<\/em><br \/>Ayo Edebiri \u2013 <em>O Urso<\/em><br \/>Selena Gomez \u2013 <em>Apenas assassinatos no pr\u00e9dio<\/em><br \/>Kathryn Hahn \u2013 <em>Agatha o tempo todo<\/em><br \/>Jean Inteligente \u2013 <em>Hacks<\/em><\/p>\n<h4 class=\"wp-block-heading\" id=\"mntl-sc-block_111-0\"><strong>Melhor Performance de Ator Masculino em S\u00e9rie de Televis\u00e3o &#8211; Musical ou Com\u00e9dia<\/strong><\/h4>\n<p id=\"mntl-sc-block_113-0\">Adam Brody- <em>Ningu\u00e9m quer isso<br \/><\/em>Ted Danson \u2013 <em>Um homem por dentro<\/em><br \/>Steve Martin \u2013 <em>Apenas assassinatos no pr\u00e9dio<\/em><br \/>Jason Segel \u2013 <em>Encolhendo<\/em><br \/>Martin Curto \u2013 <em>Apenas assassinatos no pr\u00e9dio<\/em><br \/>Jeremy Allen Branco &#8211; <em>O Urso<\/em><strong> <\/strong><\/p>\n<h4 class=\"wp-block-heading\" id=\"mntl-sc-block_116-0\"><strong>Melhor atua\u00e7\u00e3o de uma atriz em s\u00e9rie limitada, s\u00e9rie antol\u00f3gica ou filme feito para televis\u00e3o<\/strong><\/h4>\n<p id=\"mntl-sc-block_118-0\">Cate Blanchett \u2013 <em>Isen\u00e7\u00e3o de responsabilidade<\/em><br \/>Jodie Foster \u2013 <em>Verdadeiro Detetive: Pa\u00eds Noturno<\/em><br \/>Cristin Milioti \u2013 <em>O Pinguim<\/em><br \/>Sofia Vergara \u2013 <em>Griselda<\/em><br \/>Noemi Watts \u2013 <em>Feudo: Capote contra os Cisnes<\/em><br \/>Kate Winslet- <em>O Regime<\/em><\/p>\n<h4 class=\"wp-block-heading\" id=\"mntl-sc-block_120-0\"><strong>Melhor Performance de um Ator Masculino em S\u00e9rie Limitada, S\u00e9rie Antol\u00f3gica ou Filme Feito para Televis\u00e3o <\/strong><\/h4>\n<p id=\"mntl-sc-block_122-0\">Colin Farrell \u2013 <em>O Pinguim<\/em><br \/>Richard Gadd \u2013 <em>Rena beb\u00ea<\/em><br \/>Kevin Kline \u2013 <em>Isen\u00e7\u00e3o de responsabilidade<\/em><br \/>Cooper Koch \u2013 <em>Monstros: a hist\u00f3ria de Lyle e Erik Menendez<\/em><br \/>Ewan McGregor \u2013 <em>Um cavalheiro em Moscou<\/em><br \/>Andr\u00e9 Scott \u2013 <em>Ripley<\/em><\/p>\n<h4 class=\"wp-block-heading\" id=\"mntl-sc-block_124-0\"><strong>Melhor Performance de uma Atriz Coadjuvante<\/strong><\/h4>\n<p id=\"mntl-sc-block_126-0\">Liza Col\u00f3n-Zayas \u2013 <em>O Urso<\/em><br \/>Hannah Einbinder \u2013 <em>Hacks<\/em><br \/>Dakota Fanning- <em>Ripley<\/em><br \/>J\u00e9ssica Gunning \u2013 <em>Rena beb\u00ea<\/em><br \/>Allison Janey \u2013 <em>O Diplomata<\/em><br \/>Kali Reis \u2013 <em>Verdadeiro Detetive: Pa\u00eds Noturno<\/em><\/p>\n<h4 class=\"wp-block-heading\" id=\"mntl-sc-block_129-0\"><strong>Melhor Performance de um Ator Masculino em Papel Coadjuvante<\/strong><\/h4>\n<p id=\"mntl-sc-block_131-0\">Tadanobu Asano \u2013 <em>Shogun<\/em><br \/>Javier Bardem \u2013 <em>Monstros: a hist\u00f3ria de Lyle e Erik Menendez<\/em><br \/>Harrison Ford \u2013 <em>Encolhendo<\/em><br \/>Jack Lowden- <em>Cavalos lentos<\/em><br \/>Diego Lua \u2013 <em>La M\u00e1quina<\/em><br \/>Ebon Moss-Bachrach \u2013 <em>O Urso<\/em><\/p>\n<h4 class=\"wp-block-heading\" id=\"mntl-sc-block_133-0\"><strong>Melhor Performance em Stand-Up Comedy na Televis\u00e3o<\/strong><\/h4>\n<p>Jamie Foxx \u2013<em> Jamie Foxx: O que aconteceu foi<\/em><br \/>Nikki Glaser- <em>Nikki Glaser: Algum dia voc\u00ea morrer\u00e1<\/em><br \/>Seth Meyers \u2013 <em>Seth Meyers: Papai Homem Andando<\/em><br \/>Adam Sandler \u2013 <em>Adam Sandler: Te amo<\/em><br \/>Ali Wong \u2013 <em>Ali Wong: senhora solteira<\/em><br \/>Ramy Youssef- <em>Ramy Youssef: mais sentimentos<\/em><\/p>\n<p><em>Material da Associated Press foi utilizado neste relat\u00f3rio.<\/em><\/p>\n<div class=\"o-author-single has-avatar\">\n<header class=\"m-author-card\">\n<div class=\"a-image a-image--square m-author-card__image\">\n\t\t<img decoding=\"async\" class=\"\" src=\"https:\/\/www.boston.com\/wp-content\/uploads\/2024\/10\/cropped-Kevin-Slane-professional-headshot-2-66febb4b70606-66febb7263fea.jpg\" alt=\"Imagem do perfil de Kevin Slane\"\/>\t<\/div>\n<\/header>\n<section class=\"author-info\">\n\t\t\t<\/section>\n<\/div>\n<div class=\"m-block m-generic-cta\t m-generic-cta--post-content\t m-generic-cta--dark\t m-generic-cta--homepage\t m-generic-cta--email-signup\t\t m-generic-cta-block-style--default \tt-amp__generic-cta\"><\/p>\n<div class=\"m-generic-cta__wrap\">\n<div class=\"m-generic-cta__content\">\n<h3 class=\"m-generic-cta__title\">Boston.com hoje<\/h3>\n<p class=\"m-generic-cta__subtitle\">Inscreva-se para receber as \u00faltimas manchetes em sua caixa de entrada todas as manh\u00e3s.<\/p>\n<\/p><\/div>\n<\/p><\/div>\n<\/div><\/div>\n<p><script>\n\t\tvar consent=\"grant\";\n\t\t\/* The above code is parsing the JSON data from the local storage and storing it in a variable. *\/\n\t\t\t\t\tconst onetrustStorageConsent = JSON.parse(localStorage.getItem( 'consent_one_trust_bdc' ) );\n\t\t\tif ( ( onetrustStorageConsent !== null ) ) {\n\t\t\t\t\/* Checking to see if the user has consented to the use of cookies.\n\t\t\t\t* If they have not, it is deleting the cookie.\n\t\t\t\t* This will comment for now, until further notice.\n\t\t\t\t*\/\n\t\t\t\t\/\/if ( onetrustStorageConsent.C0002 === false ) {\n\t\t\t\t\/\/\tdocument.cookie=\"_fbp=;expires=Thu, 01 Jan 2010 00:00:00 UTC; path=\/; domain=.boston.com\";\n\t\t\t\t\/\/}\n\t\t\t\t\/* Checking if the user has given consent for the cookie C0002.\n\t\t\t\t* If the user has given consent, the variable consent will be set to 'grant'.\n\t\t\t\t* If the user has not given consent,the variable consent will be set to 'revoke'.\n\t\t\t\t* Documentation https:\/\/developers.facebook.com\/docs\/meta-pixel\/implementation\/gdpr\n\t\t\t\t*\/\n\t\t\t\tif ( onetrustStorageConsent.C0002 !== true ) {\n\t\t\t\t\tconsent=\"revoke\";\n\t\t\t\t}\n\t\t\t}\n\t\t\t\t!function(f,b,e,v,n,t,s)\n\t\t{if(f.fbq)return;n=f.fbq=function(){n.callMethod?\n\t\tn.callMethod.apply(n,arguments):n.queue.push(arguments)};\n\t\tif(!f._fbq)f._fbq=n;n.push=n;n.loaded=!0;n.version='2.0';\n\t\tn.queue=[];t=b.createElement(e);t.async=!0;\n\t\tt.src=v;s=b.getElementsByTagName(e)[0];\n\t\ts.parentNode.insertBefore(t,s)}(window, document,'script',\n\t\t'https:\/\/connect.facebook.net\/en_US\/fbevents.js');\n\t\tfbq('consent', consent);\n\t\tfbq('init', '989222871864976');\n\t\tfbq('track', 'PageView');\n\t<\/script><script type=\"module\">\n\t\tvar consent=\"grant\";\n\t\t\/* The above code is parsing the JSON data from the local storage and storing it in a variable. *\/\n\t\t\tconst onetrustStorageConsent = JSON.parse(localStorage.getItem( 'consent_one_trust_bdc' ) );\n\t\t\t\/* Checking to see if the user has consented to the use of cookies.\n\t\t\t* If they have not, it is deleting the cookie.\n\t\t\t* This will comment for now, until further notice.\n\t\t\t*\/\n\t\t\t\/\/if ( onetrustStorageConsent.C0002 === false ) {\n\t\t\t\/\/\tdocument.cookie=\"_fbp=;expires=Thu, 01 Jan 2010 00:00:00 UTC; path=\/; domain=.boston.com\";\n\t\t\t\/\/}\n\t\t\t\/* Checking if the user has given consent for the cookie C0002.\n\t\t\t* If the user has given consent, the variable consent will be set to 'grant'.\n\t\t\t* If the user has not given consent,the variable consent will be set to 'revoke'.\n\t\t\t* Documentation https:\/\/developers.facebook.com\/docs\/meta-pixel\/implementation\/gdpr\n\t\t\t*\/\n\t\t\tif ( ( onetrustStorageConsent !== null ) && (onetrustStorageConsent.C0002 !== true ) ) {\n\t\t\t\tconsent=\"revoke\";\n\t\t\t}\n\t\t\t\t!function(f,b,e,v,n,t,s){if(f.fbq)return;n=f.fbq=function()\n\t\t{n.callMethod? n.callMethod.apply(n,arguments):n.queue.push(arguments)}\n\t\t;if(!f._fbq)f._fbq=n;\n\t\tn.push=n;n.loaded=!0;n.version='2.0';n.queue=[];t=b.createElement(e);t.async=!0;\n\t\tt.src=v;s=b.getElementsByTagName(e)[0];s.parentNode.insertBefore(t,s)}(window,\n\t\tdocument,'script','https:\/\/connect.facebook.net\/en_US\/fbevents.js');\n\t\tfbq('consent', consent);\n\t\tfbq('init', '813236348753005');\n\t\tfbq('track', \"PageView\");\n\t<\/script><br \/>\n<br \/><br \/>\n<br \/><a href=\"https:\/\/www.boston.com\/culture\/entertainment\/2024\/12\/09\/2025-golden-globes-nominees\/\">Source link <\/a><\/p>","protected":false},"excerpt":{"rendered":"<p>Entretenimento O musical &#8220;Emilia Perez&#8221; da Netflix obteve dez indica\u00e7\u00f5es no Globo de Ouro de 2025, o maior n\u00famero de todos os filmes. Para a TV, &#8220;The Bear&#8221; lidera com&hellip;<\/p>","protected":false},"author":1,"featured_media":73411,"comment_status":"closed","ping_status":"open","sticky":false,"template":"","format":"standard","meta":{"content-type":"","footnotes":""},"categories":[1],"tags":[],"class_list":["post-73410","post","type-post","status-publish","format-standard","has-post-thumbnail","hentry","category-uncategorized"],"_links":{"self":[{"href":"https:\/\/tvbrazilusa.com\/pt\/wp-json\/wp\/v2\/posts\/73410","targetHints":{"allow":["GET"]}}],"collection":[{"href":"https:\/\/tvbrazilusa.com\/pt\/wp-json\/wp\/v2\/posts"}],"about":[{"href":"https:\/\/tvbrazilusa.com\/pt\/wp-json\/wp\/v2\/types\/post"}],"author":[{"embeddable":true,"href":"https:\/\/tvbrazilusa.com\/pt\/wp-json\/wp\/v2\/users\/1"}],"replies":[{"embeddable":true,"href":"https:\/\/tvbrazilusa.com\/pt\/wp-json\/wp\/v2\/comments?post=73410"}],"version-history":[{"count":1,"href":"https:\/\/tvbrazilusa.com\/pt\/wp-json\/wp\/v2\/posts\/73410\/revisions"}],"predecessor-version":[{"id":73412,"href":"https:\/\/tvbrazilusa.com\/pt\/wp-json\/wp\/v2\/posts\/73410\/revisions\/73412"}],"wp:featuredmedia":[{"embeddable":true,"href":"https:\/\/tvbrazilusa.com\/pt\/wp-json\/wp\/v2\/media\/73411"}],"wp:attachment":[{"href":"https:\/\/tvbrazilusa.com\/pt\/wp-json\/wp\/v2\/media?parent=73410"}],"wp:term":[{"taxonomy":"category","embeddable":true,"href":"https:\/\/tvbrazilusa.com\/pt\/wp-json\/wp\/v2\/categories?post=73410"},{"taxonomy":"post_tag","embeddable":true,"href":"https:\/\/tvbrazilusa.com\/pt\/wp-json\/wp\/v2\/tags?post=73410"}],"curies":[{"name":"wp","href":"https:\/\/api.w.org\/{rel}","templated":true}]}}