{"id":73430,"date":"2024-12-09T15:42:32","date_gmt":"2024-12-09T15:42:32","guid":{"rendered":"https:\/\/tvbrazilusa.com\/2024\/12\/09\/juri-em-caso-de-estrangulamento-no-metro-comeca-a-avaliar-acusacao-menor-apos-acusacao-de-homicidio-culposo-ser-rejeitada-wsvn-7news-noticias-de-miami-clima-esportes-fort-lauderdale\/"},"modified":"2024-12-09T16:03:00","modified_gmt":"2024-12-09T16:03:00","slug":"juri-em-caso-de-estrangulamento-no-metro-comeca-a-avaliar-acusacao-menor-apos-acusacao-de-homicidio-culposo-ser-rejeitada-wsvn-7news-noticias-de-miami-clima-esportes-fort-lauderdale","status":"publish","type":"post","link":"https:\/\/tvbrazilusa.com\/pt\/2024\/12\/09\/juri-em-caso-de-estrangulamento-no-metro-comeca-a-avaliar-acusacao-menor-apos-acusacao-de-homicidio-culposo-ser-rejeitada-wsvn-7news-noticias-de-miami-clima-esportes-fort-lauderdale\/","title":{"rendered":"J\u00fari em caso de estrangulamento no metr\u00f4 come\u00e7a a avaliar acusa\u00e7\u00e3o menor ap\u00f3s acusa\u00e7\u00e3o de homic\u00eddio culposo ser rejeitada &#8211; WSVN 7News | Not\u00edcias de Miami, clima, esportes | Fort Lauderdale"},"content":{"rendered":"<p> <script async src=\"https:\/\/pagead2.googlesyndication.com\/pagead\/js\/adsbygoogle.js?client=ca-pub-8864793242727901\"\r\n     crossorigin=\"anonymous\"><\/script><br \/>\n<\/p>\n<div itemprop=\"articleBody\">\n<p>NOVA IORQUE (AP) \u2013 Os jurados come\u00e7aram na segunda-feira a avaliar se condenariam<a href=\"https:\/\/wsvn.com\/news\/us-world\/jury-will-consider-lesser-charge-in-nyc-subway-chokehold-case-judge-dismisses-manslaughter-charge\/\" data-type=\"link\" data-id=\"https:\/\/wsvn.com\/news\/us-world\/jury-will-consider-lesser-charge-in-nyc-subway-chokehold-case-judge-dismisses-manslaughter-charge\/\" target=\"_blank\" rel=\"noreferrer noopener\"> Veterano da Marinha Daniel Penny <\/a>de homic\u00eddio por neglig\u00eancia criminosa depois que eles chegaram a um impasse na semana passada em uma acusa\u00e7\u00e3o mais s\u00e9ria no caso de estrangulamento em um trem do metr\u00f4 de Nova York.<\/p>\n<p>O juiz concordou na sexta-feira em rejeitar a acusa\u00e7\u00e3o principal de homic\u00eddio culposo e instruiu o painel a come\u00e7ar a deliberar na segunda-feira sobre a acusa\u00e7\u00e3o de homic\u00eddio menor, que acarreta uma puni\u00e7\u00e3o mais leve.<\/p>\n<p>O caso surgiu da morte do passageiro do metr\u00f4 Jordan Neely depois que ele explodiu e Penny o estrangulou em maio de 2023.<\/p>\n<p>Quando o tribunal se reuniu na manh\u00e3 de segunda-feira, o juiz Maxwell Wiley disse aos jurados que n\u00e3o os orientava a chegar a um veredicto, a menos que todos os 12 concordassem que estava certo de acordo com a lei e as provas.<\/p>\n<p>\u201cN\u00e3o \u00e9 fun\u00e7\u00e3o do tribunal falar sobre os rumos que suas delibera\u00e7\u00f5es est\u00e3o tomando ou sobre o que voc\u00ea est\u00e1 falando, e certamente n\u00e3o \u00e9 fun\u00e7\u00e3o do tribunal influenciar suas delibera\u00e7\u00f5es. Na verdade, isso \u00e9 impr\u00f3prio. Isso depende inteiramente de voc\u00ea\u201d, disse Wiley ao painel.<\/p>\n<p>As delibera\u00e7\u00f5es foram retomadas apesar das obje\u00e7\u00f5es dos advogados de Penny, que fizeram o \u00faltimo de uma s\u00e9rie de pedidos de anula\u00e7\u00e3o do julgamento. Wiley negou.<\/p>\n<p>Penny colocou Neely em um estrangulamento por cerca de seis minutos depois que Neely come\u00e7ou a agir de forma irregular em um vag\u00e3o do metr\u00f4. Durante o julgamento, que durou um m\u00eas, os advogados do jovem de 26 anos argumentaram que ele colocou sua pr\u00f3pria seguran\u00e7a em risco para proteger outros passageiros de um homem com doen\u00e7a mental, enquanto os promotores disseram que ele foi longe demais ao responder a Neely, que estava desarmado.<\/p>\n<p>Penny \u00e9 branca e Neely era negra.<\/p>\n<p>O caso gerou debate nacional e dividiu os nova-iorquinos sobre quest\u00f5es de falta de moradia e seguran\u00e7a p\u00fablica em uma cidade onde milh\u00f5es de pessoas andam de metr\u00f4 todos os dias.<\/p>\n<p>Os jurados come\u00e7aram a deliberar na ter\u00e7a-feira passada e na \u00e9poca foram informados de que precisavam chegar a um veredicto sobre a acusa\u00e7\u00e3o de homic\u00eddio culposo antes de poderem considerar o homic\u00eddio por neglig\u00eancia criminal. Na sexta-feira, eles disseram a Wiley que estavam em um impasse na acusa\u00e7\u00e3o principal, e assim permaneceram mesmo depois que ele os incentivou a continuar tentando.<\/p>\n<p>O homic\u00eddio culposo envolve causar a morte de outra pessoa de forma imprudente e acarreta uma poss\u00edvel pena de at\u00e9 15 anos de pris\u00e3o. O homic\u00eddio criminalmente negligente envolve o envolvimento em \u201cconduta censur\u00e1vel\u201d que n\u00e3o se percebe que contribuiria para um risco de morte. Aplica puni\u00e7\u00f5es que v\u00e3o desde liberdade condicional at\u00e9 quatro anos de pris\u00e3o.<\/p>\n<p>Penny se declarou inocente.<\/p>\n<p>Durante o julgamento, o j\u00fari ouviu depoimentos de testemunhas do confronto no metr\u00f4, bem como de um instrutor do Corpo de Fuzileiros Navais que treinou Penny em t\u00e9cnicas de estrangulamento. Penny optou por n\u00e3o testemunhar, mas parentes e amigos falaram sobre seu personagem.<\/p>\n<p>Neely, 30 anos, \u00e0s vezes divertia os transeuntes com imita\u00e7\u00f5es de Michael Jackson, mas tamb\u00e9m lutava contra a depress\u00e3o, a esquizofrenia e o uso de drogas.<\/p>\n<p>O pai de Neely, Andre Zachery, entrou com uma a\u00e7\u00e3o na semana passada contra Penny, acusando-o de neglig\u00eancia, agress\u00e3o e agress\u00e3o que levou \u00e0 morte de seu filho. O advogado de Penny, Steven Raiser, considerou o processo uma distra\u00e7\u00e3o durante as delibera\u00e7\u00f5es do j\u00fari, chamando-o de uma \u201ctentativa de atacar Danny enquanto ele est\u00e1 sob um estresse tremendo\u201d.<\/p>\n<p><em>Direitos autorais 2024 da Associated Press. Todos os direitos reservados. Este material n\u00e3o pode ser publicado, transmitido, reescrito ou redistribu\u00eddo.<\/em><\/p>\n<div class=\"wp-block-newsletter\">\n\t<strong class=\"wp-block-newsletter__title\">Cadastre-se em nosso boletim informativo para receber as \u00faltimas not\u00edcias diretamente em sua caixa de entrada<\/strong><\/p>\n<\/div><\/div>\n<p><br \/>\n<br \/><a href=\"https:\/\/wsvn.com\/news\/us-world\/jury-in-subway-chokehold-case-begins-weighing-lesser-charge-after-manslaughter-count-was-dismissed\/\">Source link <\/a><\/p>","protected":false},"excerpt":{"rendered":"<p>NOVA IORQUE (AP) \u2013 Os jurados come\u00e7aram na segunda-feira a avaliar se condenariam Veterano da Marinha Daniel Penny de homic\u00eddio por neglig\u00eancia criminosa depois que eles chegaram a um impasse&hellip;<\/p>","protected":false},"author":1,"featured_media":71944,"comment_status":"closed","ping_status":"open","sticky":false,"template":"","format":"standard","meta":{"content-type":"","footnotes":""},"categories":[1],"tags":[],"class_list":["post-73430","post","type-post","status-publish","format-standard","has-post-thumbnail","hentry","category-uncategorized"],"_links":{"self":[{"href":"https:\/\/tvbrazilusa.com\/pt\/wp-json\/wp\/v2\/posts\/73430","targetHints":{"allow":["GET"]}}],"collection":[{"href":"https:\/\/tvbrazilusa.com\/pt\/wp-json\/wp\/v2\/posts"}],"about":[{"href":"https:\/\/tvbrazilusa.com\/pt\/wp-json\/wp\/v2\/types\/post"}],"author":[{"embeddable":true,"href":"https:\/\/tvbrazilusa.com\/pt\/wp-json\/wp\/v2\/users\/1"}],"replies":[{"embeddable":true,"href":"https:\/\/tvbrazilusa.com\/pt\/wp-json\/wp\/v2\/comments?post=73430"}],"version-history":[{"count":1,"href":"https:\/\/tvbrazilusa.com\/pt\/wp-json\/wp\/v2\/posts\/73430\/revisions"}],"predecessor-version":[{"id":73431,"href":"https:\/\/tvbrazilusa.com\/pt\/wp-json\/wp\/v2\/posts\/73430\/revisions\/73431"}],"wp:featuredmedia":[{"embeddable":true,"href":"https:\/\/tvbrazilusa.com\/pt\/wp-json\/wp\/v2\/media\/71944"}],"wp:attachment":[{"href":"https:\/\/tvbrazilusa.com\/pt\/wp-json\/wp\/v2\/media?parent=73430"}],"wp:term":[{"taxonomy":"category","embeddable":true,"href":"https:\/\/tvbrazilusa.com\/pt\/wp-json\/wp\/v2\/categories?post=73430"},{"taxonomy":"post_tag","embeddable":true,"href":"https:\/\/tvbrazilusa.com\/pt\/wp-json\/wp\/v2\/tags?post=73430"}],"curies":[{"name":"wp","href":"https:\/\/api.w.org\/{rel}","templated":true}]}}