{"id":73438,"date":"2024-12-09T16:10:47","date_gmt":"2024-12-09T16:10:47","guid":{"rendered":"https:\/\/tvbrazilusa.com\/2024\/12\/09\/senado-votara-para-aprovar-novos-nomes-para-cargos-estrategicos-na-justica-militar-e-na-protecao-de-dados\/"},"modified":"2024-12-09T16:10:48","modified_gmt":"2024-12-09T16:10:48","slug":"senado-votara-para-aprovar-novos-nomes-para-cargos-estrategicos-na-justica-militar-e-na-protecao-de-dados","status":"publish","type":"post","link":"https:\/\/tvbrazilusa.com\/pt\/2024\/12\/09\/senado-votara-para-aprovar-novos-nomes-para-cargos-estrategicos-na-justica-militar-e-na-protecao-de-dados\/","title":{"rendered":"Senado votar\u00e1 para aprovar Novos Nomes para Cargos Estrat\u00e9gicos na justi\u00e7a militar e na Prote\u00e7\u00e3o de Dados"},"content":{"rendered":"<p> <script async src=\"https:\/\/pagead2.googlesyndication.com\/pagead\/js\/adsbygoogle.js?client=ca-pub-8864793242727901\"\r\n     crossorigin=\"anonymous\"><\/script><br \/>\n<\/p>\n<div id=\"taboola-read-more\" style=\"display:block; width:100%\">\n<p>*Bras\u00edlia, DF \u2014* O Senado Federal prepara-se para uma s\u00e9rie de sabatinas que definir\u00e3o os ocupantes de importantes cargos no Judici\u00e1rio e na \u00e1rea de prote\u00e7\u00e3o de dados no Brasil. As sess\u00f5es de avalia\u00e7\u00e3o dos indicados est\u00e3o agendadas para discutir a qualifica\u00e7\u00e3o e idoneidade dos candidatos propostos pelo Presidente da Rep\u00fablica, Luiz In\u00e1cio Lula da Silva.\n<\/p>\n<p>*Ministro do Superior Tribunal Militar (STM)*<\/p>\n<p>O primeiro nome a ser analisado \u00e9 o do General de Brigada *Jos\u00e9 Augusto de Oliveira* para o cargo de Ministro do Superior Tribunal Militar. Com uma carreira militar extensa, Oliveira \u00e9 conhecido por sua atua\u00e7\u00e3o na \u00e1rea jur\u00eddica militar, tendo servido em diversas posi\u00e7\u00f5es estrat\u00e9gicas que o prepararam para este novo desafio. A sabatina abordar\u00e1 sua experi\u00eancia, sua vis\u00e3o sobre a justi\u00e7a militar e sua capacidade de lidar com os desafios contempor\u00e2neos deste tribunal.\n<\/p>\n<p>*Diretor do Conselho Diretor da Autoridade Nacional de Prote\u00e7\u00e3o de Dados (ANPD)*\n<\/p>\n<p>*Marcelo de Almeida* \u00e9 o indicado para assumir uma posi\u00e7\u00e3o no Conselho Diretor da ANPD. Com um curr\u00edculo robusto na \u00e1rea de tecnologia da informa\u00e7\u00e3o e privacidade de dados, Almeida tem se destacado pela sua participa\u00e7\u00e3o em comit\u00eas e grupos de trabalho que discutem a implementa\u00e7\u00e3o da Lei Geral de Prote\u00e7\u00e3o de Dados (LGPD). A sabatina ser\u00e1 crucial para avaliar como ele planeja enfrentar os desafios da prote\u00e7\u00e3o de dados em um cen\u00e1rio digital cada vez mais complexo.\n<\/p>\n<p>*Conselho Nacional de Justi\u00e7a (CNJ)*\n<\/p>\n<p>O CNJ receber\u00e1 tr\u00eas novos membros, cada um com um perfil distinto:\n<\/p>\n<p>&#8211; *Jo\u00e3o Carlos Rodrigues* (id=28621), um renomado jurista com vasta experi\u00eancia em direito constitucional e administrativo, promete trazer um olhar cr\u00edtico e inovador para a gest\u00e3o da justi\u00e7a no Brasil.\n<\/p>\n<p>&#8211; *Ana Maria Silva* (id=32520), advogada especialista em direitos humanos, que se destaca por sua atua\u00e7\u00e3o em causas sociais e na implementa\u00e7\u00e3o de pol\u00edticas para acessibilidade e inclus\u00e3o no sistema judicial.\n<\/p>\n<p>&#8211; *Ricardo Lemos* (id=28640), com experi\u00eancia significativa em gest\u00e3o p\u00fablica e reforma do judici\u00e1rio, Lemos \u00e9 conhecido por sua abordagem pragm\u00e1tica na busca por efici\u00eancia e transpar\u00eancia nas institui\u00e7\u00f5es p\u00fablicas.\n<\/p>\n<p>As sabatinas no Senado ser\u00e3o momentos chave para discutir n\u00e3o s\u00f3 a aptid\u00e3o dos indicados, mas tamb\u00e9m para debater quest\u00f5es pertinentes como a independ\u00eancia do judici\u00e1rio, a aplica\u00e7\u00e3o efetiva da LGPD, e a moderniza\u00e7\u00e3o do sistema judici\u00e1rio brasileiro. Essas audi\u00eancias p\u00fablicas s\u00e3o essenciais para a transpar\u00eancia e a participa\u00e7\u00e3o democr\u00e1tica, permitindo que a sociedade civil possa acompanhar e, eventualmente, influenciar a escolha desses importantes representantes.\n<\/p>\n<p>O Senado, atrav\u00e9s dessas sess\u00f5es, busca assegurar que os cargos sejam preenchidos por indiv\u00edduos que n\u00e3o s\u00f3 possuem as qualifica\u00e7\u00f5es necess\u00e1rias, mas tamb\u00e9m alinham seus valores e pr\u00e1ticas com os princ\u00edpios constitucionais do pa\u00eds. A expectativa \u00e9 que essas indica\u00e7\u00f5es contribuam para um fortalecimento das institui\u00e7\u00f5es brasileiras, promovendo justi\u00e7a, equidade e prote\u00e7\u00e3o dos direitos individuais na era digital.\n              <\/p>\n<\/div>\n<p><br \/>\n<br \/><a href=\"https:\/\/diariodobrasilnoticias.com.br\/noticia\/senado-votara-para-aprovar-novos-nomes-para-cargos-estrategicos-na-justica-militar-e-na-protecao-de-dados-6756fb61195fb\">Source link <\/a><\/p>","protected":false},"excerpt":{"rendered":"<p>*Bras\u00edlia, DF \u2014* O Senado Federal prepara-se para uma s\u00e9rie de sabatinas que definir\u00e3o os ocupantes de importantes cargos no Judici\u00e1rio e na \u00e1rea de prote\u00e7\u00e3o de dados no Brasil.&hellip;<\/p>","protected":false},"author":1,"featured_media":73439,"comment_status":"closed","ping_status":"open","sticky":false,"template":"","format":"standard","meta":{"content-type":"","footnotes":""},"categories":[16],"tags":[123,2448,5313,1267],"class_list":["post-73438","post","type-post","status-publish","format-standard","has-post-thumbnail","hentry","category-noticias","tag-brasil","tag-diario","tag-noticia","tag-noticias"],"_links":{"self":[{"href":"https:\/\/tvbrazilusa.com\/pt\/wp-json\/wp\/v2\/posts\/73438","targetHints":{"allow":["GET"]}}],"collection":[{"href":"https:\/\/tvbrazilusa.com\/pt\/wp-json\/wp\/v2\/posts"}],"about":[{"href":"https:\/\/tvbrazilusa.com\/pt\/wp-json\/wp\/v2\/types\/post"}],"author":[{"embeddable":true,"href":"https:\/\/tvbrazilusa.com\/pt\/wp-json\/wp\/v2\/users\/1"}],"replies":[{"embeddable":true,"href":"https:\/\/tvbrazilusa.com\/pt\/wp-json\/wp\/v2\/comments?post=73438"}],"version-history":[{"count":1,"href":"https:\/\/tvbrazilusa.com\/pt\/wp-json\/wp\/v2\/posts\/73438\/revisions"}],"predecessor-version":[{"id":73440,"href":"https:\/\/tvbrazilusa.com\/pt\/wp-json\/wp\/v2\/posts\/73438\/revisions\/73440"}],"wp:featuredmedia":[{"embeddable":true,"href":"https:\/\/tvbrazilusa.com\/pt\/wp-json\/wp\/v2\/media\/73439"}],"wp:attachment":[{"href":"https:\/\/tvbrazilusa.com\/pt\/wp-json\/wp\/v2\/media?parent=73438"}],"wp:term":[{"taxonomy":"category","embeddable":true,"href":"https:\/\/tvbrazilusa.com\/pt\/wp-json\/wp\/v2\/categories?post=73438"},{"taxonomy":"post_tag","embeddable":true,"href":"https:\/\/tvbrazilusa.com\/pt\/wp-json\/wp\/v2\/tags?post=73438"}],"curies":[{"name":"wp","href":"https:\/\/api.w.org\/{rel}","templated":true}]}}