{"id":73444,"date":"2024-12-09T15:41:27","date_gmt":"2024-12-09T15:41:27","guid":{"rendered":"https:\/\/tvbrazilusa.com\/2024\/12\/09\/as-negociacoes-entre-unc-e-bill-belichick-supostamente-continuam-em-andamento\/"},"modified":"2024-12-09T16:16:09","modified_gmt":"2024-12-09T16:16:09","slug":"as-negociacoes-entre-unc-e-bill-belichick-supostamente-continuam-em-andamento","status":"publish","type":"post","link":"https:\/\/tvbrazilusa.com\/pt\/2024\/12\/09\/as-negociacoes-entre-unc-e-bill-belichick-supostamente-continuam-em-andamento\/","title":{"rendered":"As negocia\u00e7\u00f5es entre UNC e Bill Belichick supostamente \u2018continuam em andamento\u2019"},"content":{"rendered":"<p> <script async src=\"https:\/\/pagead2.googlesyndication.com\/pagead\/js\/adsbygoogle.js?client=ca-pub-8864793242727901\"\r\n     crossorigin=\"anonymous\"><\/script><br \/>\n<\/p>\n<div id=\"\">\n<header class=\"m-article-header m-article-header--standard\">\n\t\t\t\t\t\t\t\t\t\t\t\t<span id=\"article-header-primary-term\"><br \/>\n\t\t\t\t\t\t\t\t<a class=\"a-term a-term--primary\" href=\"https:\/\/www.boston.com\/tag\/morning-sports-update\/\"><\/p>\n<p>\t\t\t\t\t\t\t\tAtualiza\u00e7\u00e3o esportiva matinal\t\t\t\t\t\t\t\t<\/a><br \/>\n\t\t\t\t\t\t\t<\/span><\/p>\n<h2 class=\"m-article-header__sub-headline\">Uma decis\u00e3o \u00e9 esperada na pr\u00f3xima semana.<\/h2>\n<figure class=\"a-photo m-article-header__photo\"><figcaption class=\"a-photo__caption\">\n<p>\tBill Belichick est\u00e1 considerando uma oferta da Universidade da Carolina do Norte.<em> Foto de Steven Senne\/AP<\/em>\t<\/figcaption><\/figure>\n<\/header>\n<p><strong>Bill Belichick como treinador universit\u00e1rio?<\/strong> O recente <a href=\"https:\/\/www.boston.com\/sports\/college-sports\/2024\/12\/06\/bill-belichick-university-of-north-carolina-head-coach-interview-reports\/\">rumor<\/a> que Bill Belichick e a Universidade da Carolina do Norte estavam supostamente negociando sobre a vaga de treinador principal da escola parece ainda estar vivo depois de v\u00e1rios dias.<\/p>\n<p>O \u00faltimo relat\u00f3rio, <a href=\"https:\/\/www.espn.com\/college-football\/story\/_\/id\/42873079\/sources-talks-north-carolina-bill-belichick-ongoing\">via rep\u00f3rteres de futebol universit\u00e1rio da ESPN Pete Thamel e Chris Low<\/a>\u00e9 que as conversa\u00e7\u00f5es entre Belichick e a UNC \u201ccontinuem\u201d. <\/p>\n<p>\u201cFontes disseram \u00e0 ESPN que as negocia\u00e7\u00f5es entre UNC e Belichick, 73, continuaram, com algum tipo de resolu\u00e7\u00e3o esperada esta semana\u201d, observaram Thamel e Low. \u201cEspera-se que Belichick fa\u00e7a v\u00e1rias apari\u00e7\u00f5es p\u00fablicas esta semana, o que pode acrescentar alguma clareza ao n\u00edvel de seu interesse.\u201d<\/p>\n<p>A UNC precisa ter alguma resolu\u00e7\u00e3o sobre a atual busca de treinador em breve, com o final da temporada se aproximando (e a abertura do portal de transfer\u00eancias da NCAA na segunda-feira). Dadas as implica\u00e7\u00f5es do NIL, uma equipe sem treinador poderia ver seu elenco desmontado.<\/p>\n<p>Belichick nunca liderou um programa universit\u00e1rio e agora est\u00e1 com 73 anos. De acordo com um relat\u00f3rio anterior, ele tamb\u00e9m estava interessado em trabalhar em uma fun\u00e7\u00e3o para seu filho, Stephen (atualmente coordenador defensivo da Universidade de Washington). Por <a href=\"https:\/\/www.boston.com\/sports\/college-sports\/2024\/12\/06\/bill-belichick-university-of-north-carolina-head-coach-interview-reports\/\">Ollie Connolly do The Guardian<\/a>Belichick queria que Stephen fosse nomeado seu sucessor como treinador principal antes de aceitar o acordo.<\/p>\n<p>Ainda assim, ainda n\u00e3o se sabe exatamente qual a probabilidade de um acordo entre Belichick e a UNC realmente ser feito.<\/p>\n<p>\u201c\u00c9 incerto qu\u00e3o profundas s\u00e3o as conversa\u00e7\u00f5es da UNC com Belichick\u201d, observaram Thamel e Low, \u201cexceto que j\u00e1 duraram um longo per\u00edodo de tempo\u201d.<\/p>\n<p><strong>Curiosidades<\/strong>: Desde 2021, cinco treinadores da NFL foram demitidos ap\u00f3s sua primeira temporada no cargo. Quem \u00e9 o \u00fanico desse grupo que tamb\u00e9m ganhou um campeonato nacional de futebol universit\u00e1rio como t\u00e9cnico?<\/p>\n<p>(Resposta na parte inferior).<\/p>\n<p>Dica: Jacksonville.<\/p>\n<p><strong>Pontua\u00e7\u00f5es e hor\u00e1rios<\/strong>: <\/p>\n<p>A Frota de Boston recebeu um <a href=\"https:\/\/www.boston.com\/sports\/sports\/2024\/12\/08\/keller-scores-2-third-period-goals-to-help-the-fleet-beat-the-sirens-4-2\/\">4-2<\/a> vencer o New York Sirens em uma partida da PWHL no domingo. Megan Keller marcou dois gols no terceiro per\u00edodo para fazer a diferen\u00e7a.<\/p>\n<p>Os Bruins enfrentam os Jets em Winnipeg na ter\u00e7a-feira \u00e0s 20h<\/p>\n<p>O Celtics est\u00e1 de folga at\u00e9 quinta-feira, quando o jogo em casa contra o Pistons o aguarda.<\/p>\n<p><strong>Mais de Boston.com<\/strong>: <\/p>\n<p><strong>A participa\u00e7\u00e3o especial de Tom Brady<\/strong>: O ex-quarterback do Patriots parou no programa pr\u00e9-jogo da Fox para se reunir com Rob Gronkowski e Julian Edelman.<\/p>\n<figure class=\"wp-block-embed is-type-video is-provider-youtube wp-block-embed-youtube wp-embed-aspect-16-9 wp-has-aspect-ratio\">\n<p>\n<iframe title=\"Tom Brady reunites with Gronk &amp; Edelman, most unexpected broadcasting challenges and more\" width=\"1170\" height=\"658\" src=\"https:\/\/www.youtube.com\/embed\/2QvwMSHvVCk?feature=oembed\" frameborder=\"0\" allow=\"accelerometer; autoplay; clipboard-write; encrypted-media; gyroscope; picture-in-picture; web-share\" referrerpolicy=\"strict-origin-when-cross-origin\" allowfullscreen><\/iframe>\n<\/p>\n<\/figure>\n<p><strong>Neste dia<\/strong>: Em 2001, Troy Brown arrancou um punt return touchdown de 85 jardas em um <a href=\"https:\/\/www.pro-football-reference.com\/boxscores\/200112090nwe.htm\">27-16<\/a> vencer os Browns. Pode n\u00e3o ter ficado claro para o resto da NFL naquele momento, mas a Nova Inglaterra estava come\u00e7ando a ganhar impulso (que levaria a uma eventual vit\u00f3ria no Super Bowl).<\/p>\n<blockquote class=\"twitter-tweet\">\n<p lang=\"en\" dir=\"ltr\">.<a href=\"https:\/\/twitter.com\/RealTroyBrown80?ref_src=twsrc%5Etfw\">@RealTroyBrown80<\/a> para casa!<\/p>\n<p>Jogando de volta para o segundo punt return TD da carreira do n\u00ba 80.<\/p>\n<p>(atrav\u00e9s <a href=\"https:\/\/twitter.com\/PatsTimeMachine?ref_src=twsrc%5Etfw\">@PatsTimeMachine<\/a>)<a href=\"https:\/\/t.co\/jTjHcjsRXs\">pic.twitter.com\/jTjHcjsRXs<\/a><\/p>\n<p>&#8211; Patriotas da Nova Inglaterra (@Patriots) <a href=\"https:\/\/twitter.com\/Patriots\/status\/1469683401124945926?ref_src=twsrc%5Etfw\">11 de dezembro de 2021<\/a><\/p><\/blockquote>\n<p><strong>Destaque di\u00e1rio<\/strong>: O wide receiver do Rams, Puka Nacua, fez uma das recep\u00e7\u00f5es discretas da temporada, de alguma forma batendo com o dedo do p\u00e9 dentro do campo.<\/p>\n<blockquote class=\"twitter-tweet\">\n<p lang=\"et\" dir=\"ltr\">PUKA N\u00c1CUA!<\/p>\n<p>\ud83d\udcfa: <a href=\"https:\/\/twitter.com\/hashtag\/BUFvsLAR?src=hash&#038;ref_src=twsrc%5Etfw\">#BUFvsLAR<\/a> na FOX<br \/>\ud83d\udcf1: <a href=\"https:\/\/t.co\/waVpO909ge\">https:\/\/t.co\/waVpO909ge<\/a> <a href=\"https:\/\/t.co\/yHduh0KtRG\">pic.twitter.com\/yHduh0KtRG<\/a><\/p>\n<p>-NFL (@NFL) <a href=\"https:\/\/twitter.com\/NFL\/status\/1865884709664043494?ref_src=twsrc%5Etfw\">8 de dezembro de 2024<\/a><\/p><\/blockquote>\n<p>Mais um olhar, repleto de Tom Brady chocado na liga\u00e7\u00e3o:<\/p>\n<blockquote class=\"twitter-tweet\">\n<p lang=\"und\" dir=\"ltr\">PUKA N\u00c1CUA! ABSOLUTAMENTE IRREAL!<\/p>\n<p>\ud83d\udcfa: <a href=\"https:\/\/twitter.com\/NFLonFOX?ref_src=twsrc%5Etfw\">@NFLonFOX<\/a> | <a href=\"https:\/\/twitter.com\/hashtag\/RamsHouse?src=hash&#038;ref_src=twsrc%5Etfw\">#RamsHouse<\/a> <a href=\"https:\/\/t.co\/QQQNDqo0FC\">pic.twitter.com\/QQQNDqo0FC<\/a><\/p>\n<p>\u2013 Los Angeles Rams (@RamsNFL) <a href=\"https:\/\/twitter.com\/RamsNFL\/status\/1865884633277350052?ref_src=twsrc%5Etfw\">8 de dezembro de 2024<\/a><\/p><\/blockquote>\n<p><em>Resposta trivial: Urban Meyer<\/em><\/p>\n<div class=\"o-author-single no-avatar\">\n<header class=\"m-author-card\">\n<\/header>\n<section class=\"author-info\">\n<div class=\"m-author__section\">\n<p>Hayden Bird \u00e9 redator de esportes do Boston.com, onde trabalha desde 2016. Ele cobre todos os assuntos esportivos na Nova Inglaterra.<\/p>\n<\/div>\n<\/section>\n<\/div>\n<div class=\"m-block m-generic-cta\t m-generic-cta--post-content\t m-generic-cta--dark\t m-generic-cta--homepage\t m-generic-cta--email-signup\t\t m-generic-cta-block-style--default \tt-amp__generic-cta\"><\/p>\n<div class=\"m-generic-cta__wrap\">\n<div class=\"m-generic-cta__content\">\n<h3 class=\"m-generic-cta__title\">Boston.com hoje<\/h3>\n<p class=\"m-generic-cta__subtitle\">Inscreva-se para receber as \u00faltimas manchetes em sua caixa de entrada todas as manh\u00e3s.<\/p>\n<\/p><\/div>\n<\/p><\/div>\n<\/div><\/div>\n<p><script async src=\"\/\/platform.twitter.com\/widgets.js\" charset=\"utf-8\"><\/script><script>\n\t\tvar consent=\"grant\";\n\t\t\/* The above code is parsing the JSON data from the local storage and storing it in a variable. *\/\n\t\t\t\t\tconst onetrustStorageConsent = JSON.parse(localStorage.getItem( 'consent_one_trust_bdc' ) );\n\t\t\tif ( ( onetrustStorageConsent !== null ) ) {\n\t\t\t\t\/* Checking to see if the user has consented to the use of cookies.\n\t\t\t\t* If they have not, it is deleting the cookie.\n\t\t\t\t* This will comment for now, until further notice.\n\t\t\t\t*\/\n\t\t\t\t\/\/if ( onetrustStorageConsent.C0002 === false ) {\n\t\t\t\t\/\/\tdocument.cookie=\"_fbp=;expires=Thu, 01 Jan 2010 00:00:00 UTC; path=\/; domain=.boston.com\";\n\t\t\t\t\/\/}\n\t\t\t\t\/* Checking if the user has given consent for the cookie C0002.\n\t\t\t\t* If the user has given consent, the variable consent will be set to 'grant'.\n\t\t\t\t* If the user has not given consent,the variable consent will be set to 'revoke'.\n\t\t\t\t* Documentation https:\/\/developers.facebook.com\/docs\/meta-pixel\/implementation\/gdpr\n\t\t\t\t*\/\n\t\t\t\tif ( onetrustStorageConsent.C0002 !== true ) {\n\t\t\t\t\tconsent=\"revoke\";\n\t\t\t\t}\n\t\t\t}\n\t\t\t\t!function(f,b,e,v,n,t,s)\n\t\t{if(f.fbq)return;n=f.fbq=function(){n.callMethod?\n\t\tn.callMethod.apply(n,arguments):n.queue.push(arguments)};\n\t\tif(!f._fbq)f._fbq=n;n.push=n;n.loaded=!0;n.version='2.0';\n\t\tn.queue=[];t=b.createElement(e);t.async=!0;\n\t\tt.src=v;s=b.getElementsByTagName(e)[0];\n\t\ts.parentNode.insertBefore(t,s)}(window, document,'script',\n\t\t'https:\/\/connect.facebook.net\/en_US\/fbevents.js');\n\t\tfbq('consent', consent);\n\t\tfbq('init', '989222871864976');\n\t\tfbq('track', 'PageView');\n\t<\/script><script type=\"module\">\n\t\tvar consent=\"grant\";\n\t\t\/* The above code is parsing the JSON data from the local storage and storing it in a variable. *\/\n\t\t\tconst onetrustStorageConsent = JSON.parse(localStorage.getItem( 'consent_one_trust_bdc' ) );\n\t\t\t\/* Checking to see if the user has consented to the use of cookies.\n\t\t\t* If they have not, it is deleting the cookie.\n\t\t\t* This will comment for now, until further notice.\n\t\t\t*\/\n\t\t\t\/\/if ( onetrustStorageConsent.C0002 === false ) {\n\t\t\t\/\/\tdocument.cookie=\"_fbp=;expires=Thu, 01 Jan 2010 00:00:00 UTC; path=\/; domain=.boston.com\";\n\t\t\t\/\/}\n\t\t\t\/* Checking if the user has given consent for the cookie C0002.\n\t\t\t* If the user has given consent, the variable consent will be set to 'grant'.\n\t\t\t* If the user has not given consent,the variable consent will be set to 'revoke'.\n\t\t\t* Documentation https:\/\/developers.facebook.com\/docs\/meta-pixel\/implementation\/gdpr\n\t\t\t*\/\n\t\t\tif ( ( onetrustStorageConsent !== null ) && (onetrustStorageConsent.C0002 !== true ) ) {\n\t\t\t\tconsent=\"revoke\";\n\t\t\t}\n\t\t\t\t!function(f,b,e,v,n,t,s){if(f.fbq)return;n=f.fbq=function()\n\t\t{n.callMethod? n.callMethod.apply(n,arguments):n.queue.push(arguments)}\n\t\t;if(!f._fbq)f._fbq=n;\n\t\tn.push=n;n.loaded=!0;n.version='2.0';n.queue=[];t=b.createElement(e);t.async=!0;\n\t\tt.src=v;s=b.getElementsByTagName(e)[0];s.parentNode.insertBefore(t,s)}(window,\n\t\tdocument,'script','https:\/\/connect.facebook.net\/en_US\/fbevents.js');\n\t\tfbq('consent', consent);\n\t\tfbq('init', '813236348753005');\n\t\tfbq('track', \"PageView\");\n\t<\/script><br \/>\n<br \/><br \/>\n<br \/><a href=\"https:\/\/www.boston.com\/sports\/morning-sports-update\/2024\/12\/09\/bill-belichick-unc-report-college-coach-job-opening\/\">Source link <\/a><\/p>","protected":false},"excerpt":{"rendered":"<p>Atualiza\u00e7\u00e3o esportiva matinal Uma decis\u00e3o \u00e9 esperada na pr\u00f3xima semana. Bill Belichick est\u00e1 considerando uma oferta da Universidade da Carolina do Norte. Foto de Steven Senne\/AP Bill Belichick como treinador&hellip;<\/p>","protected":false},"author":1,"featured_media":73445,"comment_status":"closed","ping_status":"open","sticky":false,"template":"","format":"standard","meta":{"content-type":"","footnotes":""},"categories":[1],"tags":[],"class_list":["post-73444","post","type-post","status-publish","format-standard","has-post-thumbnail","hentry","category-uncategorized"],"_links":{"self":[{"href":"https:\/\/tvbrazilusa.com\/pt\/wp-json\/wp\/v2\/posts\/73444","targetHints":{"allow":["GET"]}}],"collection":[{"href":"https:\/\/tvbrazilusa.com\/pt\/wp-json\/wp\/v2\/posts"}],"about":[{"href":"https:\/\/tvbrazilusa.com\/pt\/wp-json\/wp\/v2\/types\/post"}],"author":[{"embeddable":true,"href":"https:\/\/tvbrazilusa.com\/pt\/wp-json\/wp\/v2\/users\/1"}],"replies":[{"embeddable":true,"href":"https:\/\/tvbrazilusa.com\/pt\/wp-json\/wp\/v2\/comments?post=73444"}],"version-history":[{"count":1,"href":"https:\/\/tvbrazilusa.com\/pt\/wp-json\/wp\/v2\/posts\/73444\/revisions"}],"predecessor-version":[{"id":73446,"href":"https:\/\/tvbrazilusa.com\/pt\/wp-json\/wp\/v2\/posts\/73444\/revisions\/73446"}],"wp:featuredmedia":[{"embeddable":true,"href":"https:\/\/tvbrazilusa.com\/pt\/wp-json\/wp\/v2\/media\/73445"}],"wp:attachment":[{"href":"https:\/\/tvbrazilusa.com\/pt\/wp-json\/wp\/v2\/media?parent=73444"}],"wp:term":[{"taxonomy":"category","embeddable":true,"href":"https:\/\/tvbrazilusa.com\/pt\/wp-json\/wp\/v2\/categories?post=73444"},{"taxonomy":"post_tag","embeddable":true,"href":"https:\/\/tvbrazilusa.com\/pt\/wp-json\/wp\/v2\/tags?post=73444"}],"curies":[{"name":"wp","href":"https:\/\/api.w.org\/{rel}","templated":true}]}}