{"id":73450,"date":"2024-12-09T15:27:14","date_gmt":"2024-12-09T15:27:14","guid":{"rendered":"https:\/\/tvbrazilusa.com\/2024\/12\/09\/a-suprema-corte-rejeita-recurso-dos-pais-de-boston-sobre-preconceito-racial-nas-admissoes-em-escolas-secundarias-de-elite\/"},"modified":"2024-12-09T16:28:13","modified_gmt":"2024-12-09T16:28:13","slug":"a-suprema-corte-rejeita-recurso-dos-pais-de-boston-sobre-preconceito-racial-nas-admissoes-em-escolas-secundarias-de-elite","status":"publish","type":"post","link":"https:\/\/tvbrazilusa.com\/pt\/2024\/12\/09\/a-suprema-corte-rejeita-recurso-dos-pais-de-boston-sobre-preconceito-racial-nas-admissoes-em-escolas-secundarias-de-elite\/","title":{"rendered":"A Suprema Corte rejeita recurso dos pais de Boston sobre preconceito racial nas admiss\u00f5es em escolas secund\u00e1rias de elite"},"content":{"rendered":"<p> <script async src=\"https:\/\/pagead2.googlesyndication.com\/pagead\/js\/adsbygoogle.js?client=ca-pub-8864793242727901\"\r\n     crossorigin=\"anonymous\"><\/script><br \/>\n<\/p>\n<div id=\"\">\n<header class=\"m-article-header m-article-header--standard\">\n\t\t\t\t\t\t\t\t\t\t\t\t<span id=\"article-header-primary-term\"><br \/>\n\t\t\t\t\t\t\t\t<a class=\"a-term a-term--primary\" href=\"https:\/\/www.boston.com\/tag\/education\/\"><\/p>\n<p>\t\t\t\t\t\t\t\tEduca\u00e7\u00e3o\t\t\t\t\t\t\t\t<\/a><br \/>\n\t\t\t\t\t\t\t<\/span><\/p>\n<h2 class=\"m-article-header__sub-headline\">O Comit\u00ea Escolar de Boston suspendeu temporariamente o exame de admiss\u00e3o da Boston Latin School, da Boston Latin Academy e da O&#8217;Bryant School of Math and Science porque n\u00e3o era seguro realizar exames pessoalmente durante a pandemia.<\/h2>\n<figure class=\"a-photo m-article-header__photo\"><figcaption class=\"a-photo__caption\">\n<p>\tA Suprema Corte rejeitou na segunda-feira um recurso sobre uma pol\u00edtica de exames de admiss\u00e3o tempor\u00e1rios em algumas das escolas secund\u00e1rias de elite de Boston.<em> AP Foto\/J. Scott Applewhite, Arquivo<\/em>\t<\/figcaption><\/figure>\n<div class=\"m-article-header__meta\">\n<div class=\"m-article-header__byline\">\n<p class=\"m-article-header__author\">\n<p>\t\t\t\t\t\t\t\tPor Associated Press\t\t\t\t\t\t\t<\/p>\n<p>\t\t\t\t\t\t\t\t\t\t\t\t\t\t\t<time class=\"m-article-header__date\"><\/p>\n<p>\t\t\t\t\t\t\t\t\t9 de dezembro de 2024 | 10h27\t\t\t\t\t\t\t\t<\/time><\/p><\/div>\n<\/p><\/div>\n<\/header>\n<p>WASHINGTON (AP) \u2013 A Suprema Corte rejeitou na segunda-feira um apelo dos pais de Boston que alegaram que uma pol\u00edtica tempor\u00e1ria de exames de admiss\u00e3o para as escolas secund\u00e1rias de elite da cidade discriminava estudantes brancos e descendentes de asi\u00e1ticos.<\/p>\n<p>Os ju\u00edzes Samuel Alito e Clarence Thomas discordaram da decis\u00e3o dos seus colegas de manter as decis\u00f5es dos tribunais inferiores a favor do plano, que foi usado apenas uma vez durante a pandemia do coronav\u00edrus. Um terceiro juiz, Neil Gorsuch, disse que tamb\u00e9m estava preocupado com a pol\u00edtica.<\/p>\n<p>O Comit\u00ea Escolar de Boston suspendeu temporariamente o exame de admiss\u00e3o da Boston Latin School, da Boston Latin Academy e da O&#8217;Bryant School of Math and Science porque n\u00e3o era seguro realizar exames pessoalmente durante a pandemia.<\/p>\n<p>Em vez disso, o comit\u00ea usou o desempenho dos alunos e os c\u00f3digos postais para avaliar a admiss\u00e3o.<\/p>\n<p>Um painel do 1\u00ba Tribunal de Apela\u00e7\u00f5es do Circuito dos EUA disse que uma decis\u00e3o da Suprema Corte de junho de 2023 que derrubou as pol\u00edticas de admiss\u00e3o em faculdades com consci\u00eancia racial n\u00e3o condenou a pol\u00edtica tempor\u00e1ria de Boston.<\/p>\n<p>Alito classificou a decis\u00e3o do tribunal inferior de \u201cum erro constitucional flagrante que amea\u00e7a perpetuar a a\u00e7\u00e3o afirmativa baseada na ra\u00e7a, desafiando\u201d a decis\u00e3o do tribunal superior no ano passado.<\/p>\n<p>Alito, acompanhado por Thomas, escreveu que est\u00e1 claro para ele que a ra\u00e7a estava \u201cna frente e no centro\u201d quando o comit\u00ea adotou a nova pol\u00edtica.<\/p>\n<div class=\"m-block m-generic-cta\t m-generic-cta--post-content\t m-generic-cta--dark\t m-generic-cta--homepage\t m-generic-cta--email-signup\t\t m-generic-cta-block-style--default \tt-amp__generic-cta\"><\/p>\n<div class=\"m-generic-cta__wrap\">\n<div class=\"m-generic-cta__content\">\n<h3 class=\"m-generic-cta__title\">Alertas extras de not\u00edcias<\/h3>\n<p class=\"m-generic-cta__subtitle\">Receba as \u00faltimas atualiza\u00e7\u00f5es conforme elas acontecem.<\/p>\n<\/p><\/div>\n<\/p><\/div>\n<\/div><\/div>\n<p><script>\n\t\tvar consent=\"grant\";\n\t\t\/* The above code is parsing the JSON data from the local storage and storing it in a variable. *\/\n\t\t\t\t\tconst onetrustStorageConsent = JSON.parse(localStorage.getItem( 'consent_one_trust_bdc' ) );\n\t\t\tif ( ( onetrustStorageConsent !== null ) ) {\n\t\t\t\t\/* Checking to see if the user has consented to the use of cookies.\n\t\t\t\t* If they have not, it is deleting the cookie.\n\t\t\t\t* This will comment for now, until further notice.\n\t\t\t\t*\/\n\t\t\t\t\/\/if ( onetrustStorageConsent.C0002 === false ) {\n\t\t\t\t\/\/\tdocument.cookie=\"_fbp=;expires=Thu, 01 Jan 2010 00:00:00 UTC; path=\/; domain=.boston.com\";\n\t\t\t\t\/\/}\n\t\t\t\t\/* Checking if the user has given consent for the cookie C0002.\n\t\t\t\t* If the user has given consent, the variable consent will be set to 'grant'.\n\t\t\t\t* If the user has not given consent,the variable consent will be set to 'revoke'.\n\t\t\t\t* Documentation https:\/\/developers.facebook.com\/docs\/meta-pixel\/implementation\/gdpr\n\t\t\t\t*\/\n\t\t\t\tif ( onetrustStorageConsent.C0002 !== true ) {\n\t\t\t\t\tconsent=\"revoke\";\n\t\t\t\t}\n\t\t\t}\n\t\t\t\t!function(f,b,e,v,n,t,s)\n\t\t{if(f.fbq)return;n=f.fbq=function(){n.callMethod?\n\t\tn.callMethod.apply(n,arguments):n.queue.push(arguments)};\n\t\tif(!f._fbq)f._fbq=n;n.push=n;n.loaded=!0;n.version='2.0';\n\t\tn.queue=[];t=b.createElement(e);t.async=!0;\n\t\tt.src=v;s=b.getElementsByTagName(e)[0];\n\t\ts.parentNode.insertBefore(t,s)}(window, document,'script',\n\t\t'https:\/\/connect.facebook.net\/en_US\/fbevents.js');\n\t\tfbq('consent', consent);\n\t\tfbq('init', '989222871864976');\n\t\tfbq('track', 'PageView');\n\t<\/script><script type=\"module\">\n\t\tvar consent=\"grant\";\n\t\t\/* The above code is parsing the JSON data from the local storage and storing it in a variable. *\/\n\t\t\tconst onetrustStorageConsent = JSON.parse(localStorage.getItem( 'consent_one_trust_bdc' ) );\n\t\t\t\/* Checking to see if the user has consented to the use of cookies.\n\t\t\t* If they have not, it is deleting the cookie.\n\t\t\t* This will comment for now, until further notice.\n\t\t\t*\/\n\t\t\t\/\/if ( onetrustStorageConsent.C0002 === false ) {\n\t\t\t\/\/\tdocument.cookie=\"_fbp=;expires=Thu, 01 Jan 2010 00:00:00 UTC; path=\/; domain=.boston.com\";\n\t\t\t\/\/}\n\t\t\t\/* Checking if the user has given consent for the cookie C0002.\n\t\t\t* If the user has given consent, the variable consent will be set to 'grant'.\n\t\t\t* If the user has not given consent,the variable consent will be set to 'revoke'.\n\t\t\t* Documentation https:\/\/developers.facebook.com\/docs\/meta-pixel\/implementation\/gdpr\n\t\t\t*\/\n\t\t\tif ( ( onetrustStorageConsent !== null ) && (onetrustStorageConsent.C0002 !== true ) ) {\n\t\t\t\tconsent=\"revoke\";\n\t\t\t}\n\t\t\t\t!function(f,b,e,v,n,t,s){if(f.fbq)return;n=f.fbq=function()\n\t\t{n.callMethod? n.callMethod.apply(n,arguments):n.queue.push(arguments)}\n\t\t;if(!f._fbq)f._fbq=n;\n\t\tn.push=n;n.loaded=!0;n.version='2.0';n.queue=[];t=b.createElement(e);t.async=!0;\n\t\tt.src=v;s=b.getElementsByTagName(e)[0];s.parentNode.insertBefore(t,s)}(window,\n\t\tdocument,'script','https:\/\/connect.facebook.net\/en_US\/fbevents.js');\n\t\tfbq('consent', consent);\n\t\tfbq('init', '813236348753005');\n\t\tfbq('track', \"PageView\");\n\t<\/script><br \/>\n<br \/><br \/>\n<br \/><a href=\"https:\/\/www.boston.com\/news\/education\/2024\/12\/09\/supreme-court-rejects-appeal-from-boston-parents\/\">Source link <\/a><\/p>","protected":false},"excerpt":{"rendered":"<p>Educa\u00e7\u00e3o O Comit\u00ea Escolar de Boston suspendeu temporariamente o exame de admiss\u00e3o da Boston Latin School, da Boston Latin Academy e da O&#8217;Bryant School of Math and Science porque n\u00e3o&hellip;<\/p>","protected":false},"author":1,"featured_media":73451,"comment_status":"closed","ping_status":"open","sticky":false,"template":"","format":"standard","meta":{"content-type":"","footnotes":""},"categories":[1],"tags":[],"class_list":["post-73450","post","type-post","status-publish","format-standard","has-post-thumbnail","hentry","category-uncategorized"],"_links":{"self":[{"href":"https:\/\/tvbrazilusa.com\/pt\/wp-json\/wp\/v2\/posts\/73450","targetHints":{"allow":["GET"]}}],"collection":[{"href":"https:\/\/tvbrazilusa.com\/pt\/wp-json\/wp\/v2\/posts"}],"about":[{"href":"https:\/\/tvbrazilusa.com\/pt\/wp-json\/wp\/v2\/types\/post"}],"author":[{"embeddable":true,"href":"https:\/\/tvbrazilusa.com\/pt\/wp-json\/wp\/v2\/users\/1"}],"replies":[{"embeddable":true,"href":"https:\/\/tvbrazilusa.com\/pt\/wp-json\/wp\/v2\/comments?post=73450"}],"version-history":[{"count":1,"href":"https:\/\/tvbrazilusa.com\/pt\/wp-json\/wp\/v2\/posts\/73450\/revisions"}],"predecessor-version":[{"id":73452,"href":"https:\/\/tvbrazilusa.com\/pt\/wp-json\/wp\/v2\/posts\/73450\/revisions\/73452"}],"wp:featuredmedia":[{"embeddable":true,"href":"https:\/\/tvbrazilusa.com\/pt\/wp-json\/wp\/v2\/media\/73451"}],"wp:attachment":[{"href":"https:\/\/tvbrazilusa.com\/pt\/wp-json\/wp\/v2\/media?parent=73450"}],"wp:term":[{"taxonomy":"category","embeddable":true,"href":"https:\/\/tvbrazilusa.com\/pt\/wp-json\/wp\/v2\/categories?post=73450"},{"taxonomy":"post_tag","embeddable":true,"href":"https:\/\/tvbrazilusa.com\/pt\/wp-json\/wp\/v2\/tags?post=73450"}],"curies":[{"name":"wp","href":"https:\/\/api.w.org\/{rel}","templated":true}]}}