{"id":73474,"date":"2024-12-09T16:46:32","date_gmt":"2024-12-09T16:46:32","guid":{"rendered":"https:\/\/tvbrazilusa.com\/2024\/12\/09\/comite-de-etica-chega-a-camara-municipal-apos-prisao-de-fernandes-anderson\/"},"modified":"2024-12-09T16:57:07","modified_gmt":"2024-12-09T16:57:07","slug":"comite-de-etica-chega-a-camara-municipal-apos-prisao-de-fernandes-anderson","status":"publish","type":"post","link":"https:\/\/tvbrazilusa.com\/pt\/2024\/12\/09\/comite-de-etica-chega-a-camara-municipal-apos-prisao-de-fernandes-anderson\/","title":{"rendered":"Comit\u00ea de \u00e9tica chega \u00e0 C\u00e2mara Municipal ap\u00f3s pris\u00e3o de Fernandes Anderson"},"content":{"rendered":"<p> <script async src=\"https:\/\/pagead2.googlesyndication.com\/pagead\/js\/adsbygoogle.js?client=ca-pub-8864793242727901\"\r\n     crossorigin=\"anonymous\"><\/script><br \/>\n<\/p>\n<div id=\"\">\n<header class=\"m-article-header m-article-header--standard\">\n\t\t\t\t\t\t\t\t\t\t\t\t<span id=\"article-header-primary-term\"><br \/>\n\t\t\t\t\t\t\t\t<a class=\"a-term a-term--primary\" href=\"https:\/\/www.boston.com\/tag\/local-news\/\"><\/p>\n<p>\t\t\t\t\t\t\t\tNot\u00edcias locais\t\t\t\t\t\t\t\t<\/a><br \/>\n\t\t\t\t\t\t\t<\/span><\/p>\n<h2 class=\"m-article-header__sub-headline\">Depois que a vereadora Tania Fernandes Anderson foi presa sob acusa\u00e7\u00f5es de corrup\u00e7\u00e3o, espera-se que os vereadores explorem a forma\u00e7\u00e3o de um novo comit\u00ea de \u00e9tica.<\/h2>\n<figure class=\"a-photo m-article-header__photo\"><figcaption class=\"a-photo__caption\">\n<p>\tOs vereadores Tania Fernandes Anderson e Ed Flynn falam durante reuni\u00e3o que ocorreu poucos dias antes da pris\u00e3o de Fernandes Anderson. <em> John Tlumacki\/Boston Globe <\/em>\t<\/figcaption><\/figure>\n<\/header>\n<p>Ap\u00f3s a pris\u00e3o da vereadora de Boston, Tania Fernandes Anderson, na semana passada, seus colegas poder\u00e3o em breve considerar a forma\u00e7\u00e3o de um comit\u00ea de \u00e9tica oficial para o \u00f3rg\u00e3o. <\/p>\n<p>Fernandes Anderson foi <a href=\"https:\/\/www.boston.com\/news\/local-news\/2024\/12\/06\/boston-city-councilor-arrested-on-federal-public-corruption-charges\/?p1=hp_primary\">preso na manh\u00e3 de sexta-feira<\/a> sobre acusa\u00e7\u00f5es de corrup\u00e7\u00e3o p\u00fablica. O conselheiro Ed Flynn apresentou uma ordem de audi\u00eancia naquela noite para iniciar o processo de cria\u00e7\u00e3o de um comit\u00ea de \u00e9tica. Esse comit\u00ea conduziria treinamento extra de \u00e9tica para membros e funcion\u00e1rios do conselho, revisaria quest\u00f5es de conflito de interesses e investigaria quaisquer supostas viola\u00e7\u00f5es, de acordo com a ordem de audi\u00eancia. <\/p>\n<p>A C\u00e2mara Municipal dever\u00e1 se reunir para uma reuni\u00e3o plen\u00e1ria na quarta-feira, durante a qual o pedido ser\u00e1 discutido e potencialmente encaminhado a um comit\u00ea que realizar\u00e1 a audi\u00eancia propriamente dita em uma data posterior. <\/p>\n<p>Atualmente, os conselheiros e funcion\u00e1rios s\u00e3o obrigados a participar de treinamento anual fornecido pela Comiss\u00e3o de \u00c9tica do Estado, mas n\u00e3o existe um comit\u00ea de \u00e9tica dedicado. Em sua ordem de audi\u00eancia, Flynn fez refer\u00eancia a precedentes semelhantes que supervisionam a \u00e9tica no Legislativo de Massachusetts e no Congresso dos EUA. Ele tamb\u00e9m se referiu ao fato de que o Conselho da Cidade de Nova York possui um Comit\u00ea de Padr\u00f5es e \u00c9tica que, entre outras coisas, supervisiona o Conselho de Conflitos de Interesse da cidade. <\/p>\n<p>\u201cOs residentes de Boston merecem os mais altos padr\u00f5es de lideran\u00e7a do Conselho Municipal de Boston\u201d, diz a ordem. <\/p>\n<p>Ap\u00f3s a pris\u00e3o de Fernandes Anderson, Flynn foi um dos v\u00e1rios governantes eleitos a<a href=\"https:\/\/www.boston.com\/news\/local-news\/2024\/12\/06\/wu-calls-on-boston-city-councilor-facing-federal-indictment-to-resign\/\"> pedir sua demiss\u00e3o<\/a>. Mas ele tamb\u00e9m foi al\u00e9m deste incidente espec\u00edfico, referindo-se a outros <a href=\"https:\/\/www.boston.com\/news\/politics\/2023\/07\/05\/boston-city-council-president-calls-out-lara-arroyo-for-troubling-ethical-and-legal-lapses\/\">esc\u00e2ndalos recentes<\/a>. <\/p>\n<p>\u201cAs alega\u00e7\u00f5es contra o vereador Fernandes Anderson s\u00e3o preocupantes e, infelizmente, seguem uma s\u00e9rie de lapsos legais e \u00e9ticos cometidos por membros do Conselho Municipal de Boston nos \u00faltimos anos, que minaram a confian\u00e7a do p\u00fablico em nosso trabalho\u201d, disse Flynn em comunicado a Boston. com. \u201cOs residentes de Boston merecem os mais altos padr\u00f5es de lideran\u00e7a do Conselho Municipal de Boston. Acredito que o estabelecimento de um Comit\u00ea de \u00c9tica proporcionar\u00e1 mais supervis\u00e3o e transpar\u00eancia sobre poss\u00edveis viola\u00e7\u00f5es no Conselho Municipal de Boston.\u201d<\/p>\n<figure class=\"wp-block-embed is-type-rich is-provider-twitter wp-block-embed-twitter\">\n<div class=\"wp-block-embed__wrapper\">\n<blockquote class=\"twitter-tweet\" data-width=\"500\" data-dnt=\"true\">\n<p lang=\"en\" dir=\"ltr\">Na sequ\u00eancia da deten\u00e7\u00e3o hoje de um colega do conselho municipal, propus uma <a href=\"https:\/\/twitter.com\/BOSCityCouncil?ref_src=twsrc%5Etfw\">@BOSCityCouncil<\/a> Comit\u00ea de \u00c9tica. O estabelecimento deste comit\u00ea proporcionar\u00e1 supervis\u00e3o e transpar\u00eancia sobre poss\u00edveis viola\u00e7\u00f5es no governo. Os residentes de Boston merecem os mais altos padr\u00f5es de conduta das autoridades municipais. <a href=\"https:\/\/t.co\/uTsDn7wjAI\">pic.twitter.com\/uTsDn7wjAI<\/a><\/p>\n<p>&#8211; Ed Flynn \u611b\u5fb7\u83ef\u8cbb\u9023 (@EdforBoston) <a href=\"https:\/\/twitter.com\/EdforBoston\/status\/1865169083122995573?ref_src=twsrc%5Etfw\">6 de dezembro de 2024<\/a><\/p><\/blockquote>\n<\/div>\n<\/figure>\n<p>A prefeita Michelle Wu, ela pr\u00f3pria ex-vereadora, liderou os apelos \u00e0 ren\u00fancia de Fernandes Anderson, dizendo que \u201ca natureza grave dessas acusa\u00e7\u00f5es prejudica a confian\u00e7a do p\u00fablico e a impedir\u00e1 de servir efetivamente a cidade\u201d. O escrit\u00f3rio de Wu n\u00e3o respondeu imediatamente a um pedido de coment\u00e1rio na segunda-feira. <\/p>\n<p>Fernandes Anderson foi acusado de cinco acusa\u00e7\u00f5es de aux\u00edlio e cumplicidade em fraude eletr\u00f4nica e uma acusa\u00e7\u00e3o de aux\u00edlio e cumplicidade em roubo relativo a programas que recebem fundos federais, de acordo com um <a href=\"https:\/\/www.boston.com\/news\/crime\/2024\/12\/06\/read-federal-indictment-boston-city-councilor-tania-fernandes-anderson\/?p1=article_recirc_inline_feature\">acusa\u00e7\u00e3o n\u00e3o selada<\/a>. A vereadora supostamente mentiu sobre a contrata\u00e7\u00e3o de um membro da fam\u00edlia como funcion\u00e1rio e inventou um esquema de propina em que distribuiria um grande b\u00f4nus ao membro da fam\u00edlia com um acordo de que US$ 7.000 seriam devolvidos a ela. <\/p>\n<p>Seguindo instru\u00e7\u00f5es de Fernandes Anderson, esse b\u00f4nus de US$ 13 mil foi depositado em uma conta banc\u00e1ria e depois retirado em tr\u00eas parcelas em datas separadas. Fernandes Anderson concordou em se encontrar com o familiar em um banheiro da Prefeitura em junho de 2023, onde lhe foram devolvidos US$ 7 mil em dinheiro, <a href=\"https:\/\/www.justice.gov\/usao-ma\/pr\/boston-city-councilor-arrested-federal-public-corruption-charges\">dizem os promotores<\/a>. <\/p>\n<p>Ela se declarou \u201cinocente\u201d e foi libertada sob certas condi\u00e7\u00f5es depois de fazer uma breve apari\u00e7\u00e3o na tarde de sexta-feira no tribunal federal. <\/p>\n<p>Fernandes Anderson, segundo a acusa\u00e7\u00e3o, estava com dificuldades financeiras no in\u00edcio e meados de 2023. Ela estava perdendo o pagamento do aluguel e do carro, incorrendo em taxas de cheque especial e j\u00e1 teve que pagar US$ 5.000 <a href=\"https:\/\/www.boston.com\/news\/local-news\/2023\/07\/25\/boston-city-councilor-tania-fernandes-anderson-admits-to-ethics-violations\/\">pena civil<\/a> por contratar sua irm\u00e3 e seu filho para cargos remunerados em sua equipe em 2022.<\/p>\n<p>O esquema de propina teria sido comunicado a um familiar de Fernandes Anderson em maio de 2023. Apenas um m\u00eas antes, Fernandes Anderson foi <a href=\"https:\/\/www.boston.com\/news\/politics\/2023\/04\/13\/boston-city-council-weighs-pay-raises-for-council-staffers\/\">fazendo manchetes<\/a> por propor que os vereadores recebam mais dinheiro para destinar aos sal\u00e1rios dos funcion\u00e1rios. Cada vereador recebe v\u00e1rias centenas de milhares de d\u00f3lares para pagar b\u00f4nus e sal\u00e1rios aos funcion\u00e1rios. <\/p>\n<p>Ela procurou aumentar a dota\u00e7\u00e3o de US$ 315.000 para US$ 390.000 por ano, citando o alto custo de vida de Boston e as longas horas de trabalho que muitos funcion\u00e1rios dedicam. As ordens salariais do pessoal s\u00e3o frequentemente aprovadas durante as reuni\u00f5es do conselho sem debate, mas a informa\u00e7\u00e3o est\u00e1 dispon\u00edvel publicamente. <\/p>\n<p>Fernandes Anderson, portanto, distribuiu b\u00f4nus a todos os seus funcion\u00e1rios em maio de 2023, mas disse que a pessoa que mais tarde revelou ser um membro da fam\u00edlia receberia um b\u00f4nus maior para pag\u00e1-los por seu trabalho volunt\u00e1rio anterior. Esse b\u00f4nus acabou sendo duas vezes maior que o valor total de todos os pagamentos de b\u00f4nus a seus outros funcion\u00e1rios combinados, de acordo com a acusa\u00e7\u00e3o.<\/p>\n<div class=\"o-author-single no-avatar\">\n<header class=\"m-author-card\">\n<div class=\"m-author-card__text\">\n<h3 class=\"m-author-card__title\"><a href=\"https:\/\/www.boston.com\/author\/ross.cristantiello\">Ross Cristantiello<\/a><\/h3>\n<p><span class=\"m-author-card__subtitle\">Redator da equipe<\/span>\t<\/div>\n<\/header>\n<section class=\"author-info\">\n<div class=\"m-author__section\">\n<p>Ross Cristantiello, rep\u00f3rter de not\u00edcias gerais do Boston.com desde 2022, cobre pol\u00edtica local, crime, meio ambiente e muito mais.<\/p>\n<\/div>\n<\/section>\n<\/div>\n<div class=\"m-block m-generic-cta\t m-generic-cta--post-content\t m-generic-cta--dark\t m-generic-cta--homepage\t m-generic-cta--email-signup\t\t m-generic-cta-block-style--default \tt-amp__generic-cta\"><\/p>\n<div class=\"m-generic-cta__wrap\">\n<div class=\"m-generic-cta__content\">\n<h3 class=\"m-generic-cta__title\">Boston.com hoje<\/h3>\n<p class=\"m-generic-cta__subtitle\">Inscreva-se para receber as \u00faltimas manchetes em sua caixa de entrada todas as manh\u00e3s.<\/p>\n<\/p><\/div>\n<\/p><\/div>\n<\/div><\/div>\n<p><script async src=\"\/\/platform.twitter.com\/widgets.js\" charset=\"utf-8\"><\/script><script>\n\t\tvar consent=\"grant\";\n\t\t\/* The above code is parsing the JSON data from the local storage and storing it in a variable. *\/\n\t\t\t\t\tconst onetrustStorageConsent = JSON.parse(localStorage.getItem( 'consent_one_trust_bdc' ) );\n\t\t\tif ( ( onetrustStorageConsent !== null ) ) {\n\t\t\t\t\/* Checking to see if the user has consented to the use of cookies.\n\t\t\t\t* If they have not, it is deleting the cookie.\n\t\t\t\t* This will comment for now, until further notice.\n\t\t\t\t*\/\n\t\t\t\t\/\/if ( onetrustStorageConsent.C0002 === false ) {\n\t\t\t\t\/\/\tdocument.cookie=\"_fbp=;expires=Thu, 01 Jan 2010 00:00:00 UTC; path=\/; domain=.boston.com\";\n\t\t\t\t\/\/}\n\t\t\t\t\/* Checking if the user has given consent for the cookie C0002.\n\t\t\t\t* If the user has given consent, the variable consent will be set to 'grant'.\n\t\t\t\t* If the user has not given consent,the variable consent will be set to 'revoke'.\n\t\t\t\t* Documentation https:\/\/developers.facebook.com\/docs\/meta-pixel\/implementation\/gdpr\n\t\t\t\t*\/\n\t\t\t\tif ( onetrustStorageConsent.C0002 !== true ) {\n\t\t\t\t\tconsent=\"revoke\";\n\t\t\t\t}\n\t\t\t}\n\t\t\t\t!function(f,b,e,v,n,t,s)\n\t\t{if(f.fbq)return;n=f.fbq=function(){n.callMethod?\n\t\tn.callMethod.apply(n,arguments):n.queue.push(arguments)};\n\t\tif(!f._fbq)f._fbq=n;n.push=n;n.loaded=!0;n.version='2.0';\n\t\tn.queue=[];t=b.createElement(e);t.async=!0;\n\t\tt.src=v;s=b.getElementsByTagName(e)[0];\n\t\ts.parentNode.insertBefore(t,s)}(window, document,'script',\n\t\t'https:\/\/connect.facebook.net\/en_US\/fbevents.js');\n\t\tfbq('consent', consent);\n\t\tfbq('init', '989222871864976');\n\t\tfbq('track', 'PageView');\n\t<\/script><script type=\"module\">\n\t\tvar consent=\"grant\";\n\t\t\/* The above code is parsing the JSON data from the local storage and storing it in a variable. *\/\n\t\t\tconst onetrustStorageConsent = JSON.parse(localStorage.getItem( 'consent_one_trust_bdc' ) );\n\t\t\t\/* Checking to see if the user has consented to the use of cookies.\n\t\t\t* If they have not, it is deleting the cookie.\n\t\t\t* This will comment for now, until further notice.\n\t\t\t*\/\n\t\t\t\/\/if ( onetrustStorageConsent.C0002 === false ) {\n\t\t\t\/\/\tdocument.cookie=\"_fbp=;expires=Thu, 01 Jan 2010 00:00:00 UTC; path=\/; domain=.boston.com\";\n\t\t\t\/\/}\n\t\t\t\/* Checking if the user has given consent for the cookie C0002.\n\t\t\t* If the user has given consent, the variable consent will be set to 'grant'.\n\t\t\t* If the user has not given consent,the variable consent will be set to 'revoke'.\n\t\t\t* Documentation https:\/\/developers.facebook.com\/docs\/meta-pixel\/implementation\/gdpr\n\t\t\t*\/\n\t\t\tif ( ( onetrustStorageConsent !== null ) && (onetrustStorageConsent.C0002 !== true ) ) {\n\t\t\t\tconsent=\"revoke\";\n\t\t\t}\n\t\t\t\t!function(f,b,e,v,n,t,s){if(f.fbq)return;n=f.fbq=function()\n\t\t{n.callMethod? n.callMethod.apply(n,arguments):n.queue.push(arguments)}\n\t\t;if(!f._fbq)f._fbq=n;\n\t\tn.push=n;n.loaded=!0;n.version='2.0';n.queue=[];t=b.createElement(e);t.async=!0;\n\t\tt.src=v;s=b.getElementsByTagName(e)[0];s.parentNode.insertBefore(t,s)}(window,\n\t\tdocument,'script','https:\/\/connect.facebook.net\/en_US\/fbevents.js');\n\t\tfbq('consent', consent);\n\t\tfbq('init', '813236348753005');\n\t\tfbq('track', \"PageView\");\n\t<\/script><br \/>\n<br \/><br \/>\n<br \/><a href=\"https:\/\/www.boston.com\/news\/local-news\/2024\/12\/09\/push-for-ethics-committee-comes-to-city-council-in-wake-of-fernandes-anderson-arrest\/\">Source link <\/a><\/p>","protected":false},"excerpt":{"rendered":"<p>Not\u00edcias locais Depois que a vereadora Tania Fernandes Anderson foi presa sob acusa\u00e7\u00f5es de corrup\u00e7\u00e3o, espera-se que os vereadores explorem a forma\u00e7\u00e3o de um novo comit\u00ea de \u00e9tica. Os vereadores&hellip;<\/p>","protected":false},"author":1,"featured_media":73475,"comment_status":"closed","ping_status":"open","sticky":false,"template":"","format":"standard","meta":{"content-type":"","footnotes":""},"categories":[1],"tags":[],"class_list":["post-73474","post","type-post","status-publish","format-standard","has-post-thumbnail","hentry","category-uncategorized"],"_links":{"self":[{"href":"https:\/\/tvbrazilusa.com\/pt\/wp-json\/wp\/v2\/posts\/73474","targetHints":{"allow":["GET"]}}],"collection":[{"href":"https:\/\/tvbrazilusa.com\/pt\/wp-json\/wp\/v2\/posts"}],"about":[{"href":"https:\/\/tvbrazilusa.com\/pt\/wp-json\/wp\/v2\/types\/post"}],"author":[{"embeddable":true,"href":"https:\/\/tvbrazilusa.com\/pt\/wp-json\/wp\/v2\/users\/1"}],"replies":[{"embeddable":true,"href":"https:\/\/tvbrazilusa.com\/pt\/wp-json\/wp\/v2\/comments?post=73474"}],"version-history":[{"count":1,"href":"https:\/\/tvbrazilusa.com\/pt\/wp-json\/wp\/v2\/posts\/73474\/revisions"}],"predecessor-version":[{"id":73476,"href":"https:\/\/tvbrazilusa.com\/pt\/wp-json\/wp\/v2\/posts\/73474\/revisions\/73476"}],"wp:featuredmedia":[{"embeddable":true,"href":"https:\/\/tvbrazilusa.com\/pt\/wp-json\/wp\/v2\/media\/73475"}],"wp:attachment":[{"href":"https:\/\/tvbrazilusa.com\/pt\/wp-json\/wp\/v2\/media?parent=73474"}],"wp:term":[{"taxonomy":"category","embeddable":true,"href":"https:\/\/tvbrazilusa.com\/pt\/wp-json\/wp\/v2\/categories?post=73474"},{"taxonomy":"post_tag","embeddable":true,"href":"https:\/\/tvbrazilusa.com\/pt\/wp-json\/wp\/v2\/tags?post=73474"}],"curies":[{"name":"wp","href":"https:\/\/api.w.org\/{rel}","templated":true}]}}