{"id":73523,"date":"2024-12-09T18:00:47","date_gmt":"2024-12-09T18:00:47","guid":{"rendered":"https:\/\/tvbrazilusa.com\/2024\/12\/09\/lara-trump-deixara-o-cargo-de-rnc-em-meio-a-especulacoes-sobre-vaga-no-senado-da-florida-wsvn-7news-noticias-de-miami-clima-esportes-fort-lauderdale\/"},"modified":"2024-12-09T18:01:35","modified_gmt":"2024-12-09T18:01:35","slug":"lara-trump-deixara-o-cargo-de-rnc-em-meio-a-especulacoes-sobre-vaga-no-senado-da-florida-wsvn-7news-noticias-de-miami-clima-esportes-fort-lauderdale","status":"publish","type":"post","link":"https:\/\/tvbrazilusa.com\/pt\/2024\/12\/09\/lara-trump-deixara-o-cargo-de-rnc-em-meio-a-especulacoes-sobre-vaga-no-senado-da-florida-wsvn-7news-noticias-de-miami-clima-esportes-fort-lauderdale\/","title":{"rendered":"Lara Trump deixar\u00e1 o cargo de RNC em meio a especula\u00e7\u00f5es sobre vaga no Senado da Fl\u00f3rida &#8211; WSVN 7News | Not\u00edcias de Miami, clima, esportes | Fort Lauderdale"},"content":{"rendered":"<p> <script async src=\"https:\/\/pagead2.googlesyndication.com\/pagead\/js\/adsbygoogle.js?client=ca-pub-8864793242727901\"\r\n     crossorigin=\"anonymous\"><\/script><br \/>\n<\/p>\n<div itemprop=\"articleBody\">\n<p><strong>(CNN) &#8211; <\/strong>Lara Trump disse no domingo que est\u00e1 deixando o cargo de copresidente do Comit\u00ea Nacional Republicano.<\/p>\n<p>\u201cO trabalho que vim fazer est\u00e1 agora conclu\u00eddo e pretendo renunciar formalmente ao RNC na nossa pr\u00f3xima reuni\u00e3o\u201d, disse Trump em <a href=\"https:\/\/x.com\/LaraLeaTrump\/status\/1865959195045920820\">uma postagem<\/a> em X.<\/p>\n<p>Trump, nora do presidente eleito Donald Trump, anunciou a mudan\u00e7a em meio a especula\u00e7\u00f5es de que ela poderia ser escolhida para preencher uma potencial vaga no Senado dos EUA na Fl\u00f3rida.<\/p>\n<p>O senador Marco Rubio foi recentemente escolhido pelo presidente eleito para servir como o pr\u00f3ximo secret\u00e1rio de Estado. Se Rubio for confirmado para o cargo pelo Senado, o governador republicano Ron DeSantis nomear\u00e1 um substituto at\u00e9 2026.<\/p>\n<p>Trump disse \u00e0 Associated Press que ela \u201cconsideraria seriamente\u201d preencher a vaga.<\/p>\n<p>\u201cSe estou sendo completamente transparente, n\u00e3o sei exatamente como seria\u201d, ela continuou em coment\u00e1rios \u00e0 AP. \u201cE eu certamente quero obter todas as informa\u00e7\u00f5es poss\u00edveis se isso for real para mim. Mas sim, eu consideraria isso 100%.\u201d<\/p>\n<p>Trump foi elevada a copresidente do RNC em mar\u00e7o, depois de receber o endosso de seu sogro no m\u00eas anterior. Sem oposi\u00e7\u00e3o para o cargo, ela foi eleita ao lado do ex-presidente do Partido Republicano da Carolina do Norte, Michael Whatley, para substituir o co-presidente do RNC, Drew McKissick, e a presidente Ronna McDaniel, respectivamente.<\/p>\n<p>Na altura, pessoas pr\u00f3ximas de Donald Trump e do RNC descreveram a mudan\u00e7a de lideran\u00e7a no comit\u00e9 do partido como uma aquisi\u00e7\u00e3o, \u00e0 medida que o antigo presidente procurava sincronizar o comit\u00e9 com a sua campanha presidencial.<\/p>\n<p>Lara Trump serviu como rosto p\u00fablico do RNC, com foco centrado na arrecada\u00e7\u00e3o de fundos e discursos p\u00fablicos. Entre seus momentos de campanha de maior visibilidade, Trump falou na Conven\u00e7\u00e3o Nacional Republicana, onde estendeu um ramo de oliveira aos que estavam em cima do muro, dizendo: \u201cVoc\u00ea n\u00e3o precisava amar tudo o que ele tuitou, mas n\u00e3o pode negar que estava melhor quando Donald Trump estava no cargo.\u201d<\/p>\n<p>Questionado no domingo numa entrevista \u00e0 Fox News sobre uma potencial nomea\u00e7\u00e3o, Trump disse que \u201cse isso for algo que me seja apresentado, seria uma verdadeira honra\u201d.<\/p>\n<p>Discutindo a sua liga\u00e7\u00e3o familiar na entrevista, ela acrescentou: \u201cAcho que provavelmente o meu apelido real\u00e7a um pouco o meu perfil pol\u00edtico, mas tenho um hist\u00f3rico comprovado. Fui co-presidente do RNC durante a elei\u00e7\u00e3o mais importante da nossa vida.\u201d<\/p>\n<p>Trump escreveu no domingo que o RNC tinha tr\u00eas objetivos durante seu mandato: superar os recordes de arrecada\u00e7\u00e3o de fundos, garantir a integridade eleitoral e melhorar a participa\u00e7\u00e3o eleitoral.<\/p>\n<p>\u201cConseguimos todos os tr\u00eas\u201d, disse ela.<\/p>\n<p><em>The-CNN-Wire\u2122 e \u00a9 2024 Cable News Network, Inc., uma empresa da Time Warner. Todos os direitos reservados.<\/em><\/p>\n<div class=\"wp-block-newsletter\">\n\t<strong class=\"wp-block-newsletter__title\">Cadastre-se em nosso boletim informativo para receber as \u00faltimas not\u00edcias diretamente em sua caixa de entrada<\/strong><\/p>\n<\/div><\/div>\n<p><br \/>\n<br \/><a href=\"https:\/\/wsvn.com\/news\/politics\/lara-trump-to-step-down-from-rnc-amid-speculation-over-florida-senate-seat\/\">Source link <\/a><\/p>","protected":false},"excerpt":{"rendered":"<p>(CNN) &#8211; Lara Trump disse no domingo que est\u00e1 deixando o cargo de copresidente do Comit\u00ea Nacional Republicano. \u201cO trabalho que vim fazer est\u00e1 agora conclu\u00eddo e pretendo renunciar formalmente&hellip;<\/p>","protected":false},"author":1,"featured_media":73524,"comment_status":"closed","ping_status":"open","sticky":false,"template":"","format":"standard","meta":{"content-type":"","footnotes":""},"categories":[1],"tags":[],"class_list":["post-73523","post","type-post","status-publish","format-standard","has-post-thumbnail","hentry","category-uncategorized"],"_links":{"self":[{"href":"https:\/\/tvbrazilusa.com\/pt\/wp-json\/wp\/v2\/posts\/73523","targetHints":{"allow":["GET"]}}],"collection":[{"href":"https:\/\/tvbrazilusa.com\/pt\/wp-json\/wp\/v2\/posts"}],"about":[{"href":"https:\/\/tvbrazilusa.com\/pt\/wp-json\/wp\/v2\/types\/post"}],"author":[{"embeddable":true,"href":"https:\/\/tvbrazilusa.com\/pt\/wp-json\/wp\/v2\/users\/1"}],"replies":[{"embeddable":true,"href":"https:\/\/tvbrazilusa.com\/pt\/wp-json\/wp\/v2\/comments?post=73523"}],"version-history":[{"count":1,"href":"https:\/\/tvbrazilusa.com\/pt\/wp-json\/wp\/v2\/posts\/73523\/revisions"}],"predecessor-version":[{"id":73525,"href":"https:\/\/tvbrazilusa.com\/pt\/wp-json\/wp\/v2\/posts\/73523\/revisions\/73525"}],"wp:featuredmedia":[{"embeddable":true,"href":"https:\/\/tvbrazilusa.com\/pt\/wp-json\/wp\/v2\/media\/73524"}],"wp:attachment":[{"href":"https:\/\/tvbrazilusa.com\/pt\/wp-json\/wp\/v2\/media?parent=73523"}],"wp:term":[{"taxonomy":"category","embeddable":true,"href":"https:\/\/tvbrazilusa.com\/pt\/wp-json\/wp\/v2\/categories?post=73523"},{"taxonomy":"post_tag","embeddable":true,"href":"https:\/\/tvbrazilusa.com\/pt\/wp-json\/wp\/v2\/tags?post=73523"}],"curies":[{"name":"wp","href":"https:\/\/api.w.org\/{rel}","templated":true}]}}