{"id":73541,"date":"2024-12-09T18:22:02","date_gmt":"2024-12-09T18:22:02","guid":{"rendered":"https:\/\/tvbrazilusa.com\/2024\/12\/09\/homem-de-newton-baleado-durante-altercacao-em-comicio-pro-israel-acusado-de-agressao-e-agressao\/"},"modified":"2024-12-09T18:26:18","modified_gmt":"2024-12-09T18:26:18","slug":"homem-de-newton-baleado-durante-altercacao-em-comicio-pro-israel-acusado-de-agressao-e-agressao","status":"publish","type":"post","link":"https:\/\/tvbrazilusa.com\/pt\/2024\/12\/09\/homem-de-newton-baleado-durante-altercacao-em-comicio-pro-israel-acusado-de-agressao-e-agressao\/","title":{"rendered":"Homem de Newton baleado durante alterca\u00e7\u00e3o em com\u00edcio pr\u00f3-Israel acusado de agress\u00e3o e agress\u00e3o"},"content":{"rendered":"<p> <script async src=\"https:\/\/pagead2.googlesyndication.com\/pagead\/js\/adsbygoogle.js?client=ca-pub-8864793242727901\"\r\n     crossorigin=\"anonymous\"><\/script><br \/>\n<\/p>\n<div id=\"\">\n<header class=\"m-article-header m-article-header--standard\">\n\t\t\t\t\t\t\t\t\t\t\t\t<span id=\"article-header-primary-term\"><br \/>\n\t\t\t\t\t\t\t\t<a class=\"a-term a-term--primary\" href=\"https:\/\/www.boston.com\/tag\/crime\/\"><\/p>\n<p>\t\t\t\t\t\t\t\tCrime\t\t\t\t\t\t\t\t<\/a><br \/>\n\t\t\t\t\t\t\t<\/span><\/p>\n<h2 class=\"m-article-header__sub-headline\">Hospitalizado durante semanas ap\u00f3s o tiroteio de 12 de setembro, Caleb Gannon agora enfrenta uma acusa\u00e7\u00e3o criminal.<\/h2>\n<figure class=\"a-photo m-article-header__photo\"><figcaption class=\"a-photo__caption\">\n<p>\tMateriais EMS deixados na cal\u00e7ada ap\u00f3s um tiroteio em 12 de setembro perto de 701 Washington St., em Newton.<em> David L Ryan\/Equipe do Boston Globe, Arquivo<\/em>\t<\/figcaption><\/figure>\n<\/header>\n<p>Um homem de Newton que foi baleado ap\u00f3s supostamente <a href=\"https:\/\/www.boston.com\/news\/crime\/2024\/09\/13\/pro-israel-demonstrator-pleads-not-guilty-after-newton-shooting\/\" target=\"_blank\" rel=\"noreferrer noopener\">enfrentando um manifestante pr\u00f3-Israel<\/a> em setembro foi acusado de uma acusa\u00e7\u00e3o de agress\u00e3o e agress\u00e3o, mostram os registros do tribunal. <\/p>\n<p>Caleb Gannon, 31, ser\u00e1 processado em 30 de dezembro no Tribunal Distrital de Newton \u2013 mais de tr\u00eas meses depois que o tiroteio aumentou as tens\u00f5es locais sobre a guerra de Israel em Gaza.<\/p>\n<p>Promotores <a href=\"https:\/\/www.middlesexda.com\/press-releases\/news\/statement-regarding-non-fatal-shooting-newton\" target=\"_blank\" rel=\"noreferrer noopener\">dito anteriormente<\/a> o violento confronto de 12 de setembro come\u00e7ou quando Gannon gritou com um pequeno grupo de manifestantes pr\u00f3-Israel que se reuniam na esquina das ruas Harvard e Washington. Parte do incidente foi capturada em um <a href=\"https:\/\/x.com\/realDailyWire\/status\/1834398206056100156\" target=\"_blank\" rel=\"noreferrer noopener\">v\u00eddeo viral<\/a>em que Gannon pode ser ouvido acusando os manifestantes de defenderem o genoc\u00eddio.<\/p>\n<p>De acordo com os promotores, Gannon atravessou a rua correndo para atacar um dos manifestantes \u2013 Scott Hayes, de 47 anos \u2013 que supostamente atirou nele durante a luta que se seguiu. Gannon foi hospitalizado com ferimentos graves, enquanto Hayes foi preso e acusado de agress\u00e3o e agress\u00e3o com arma perigosa. <\/p>\n<p>O advogado de Gannon n\u00e3o respondeu a um pedido de coment\u00e1rio na segunda-feira. <\/p>\n<p>Hayes, morador de Framingham, se declarou inocente e permanece <a href=\"https:\/\/www.boston.com\/news\/crime\/2024\/10\/09\/pro-israel-demonstrator-charged-newton-shooting-gps-monitor-removed\/\">livre sob fian\u00e7a<\/a> enquanto seu caso estiver pendente. De acordo com WHDH, ele planeja <a href=\"https:\/\/whdh.com\/news\/man-accused-of-shooting-at-newton-pro-israel-rally-plans-to-claim-self-defense-per-court-filing\/\" target=\"_blank\" rel=\"noreferrer noopener\">alegar leg\u00edtima defesa<\/a> e seus advogados alegaram em um processo recente que Gannon pegou a arma de Hayes enquanto eles lutavam no ch\u00e3o. <\/p>\n<p>Gannon usou uma bengala ao entrar no Tribunal Distrital de Newton para uma primeira apari\u00e7\u00e3o na semana passada, informou o WHDH. Seu advogado disse ao meio de comunica\u00e7\u00e3o que Gannon sofreu <a href=\"https:\/\/whdh.com\/news\/man-shot-during-altercation-at-newton-pro-israel-rally-expected-to-face-charges\/\" target=\"_blank\" rel=\"noreferrer noopener\">\u201cles\u00f5es que mudam vidas\u201d<\/a> no tiroteio e passou mais de um m\u00eas no hospital.<\/p>\n<div class=\"o-author-single has-avatar\">\n<header class=\"m-author-card\">\n<div class=\"a-image a-image--square m-author-card__image\">\n\t\t<img decoding=\"async\" class=\"\" src=\"https:\/\/www.boston.com\/wp-content\/uploads\/2024\/10\/cropped-Patkin-Headshot-66fea67b66dd2-scaled-1-66fea6a1c6f25.jpg\" alt=\"Imagem do perfil de Abby Patkin\"\/>\t<\/div>\n<\/header>\n<section class=\"author-info\">\n<div class=\"m-author__section\">\n<p>Abby Patkin \u00e9 uma rep\u00f3rter de not\u00edcias gerais cujo trabalho aborda transporte p\u00fablico, crime, sa\u00fade e tudo mais.<\/p>\n<\/div>\n<\/section>\n<\/div>\n<div class=\"m-block m-generic-cta\t m-generic-cta--post-content\t m-generic-cta--dark\t m-generic-cta--homepage\t m-generic-cta--email-signup\t\t m-generic-cta-block-style--default \tt-amp__generic-cta\"><\/p>\n<div class=\"m-generic-cta__wrap\">\n<div class=\"m-generic-cta__content\">\n<h3 class=\"m-generic-cta__title\">Boston.com hoje<\/h3>\n<p class=\"m-generic-cta__subtitle\">Inscreva-se para receber as \u00faltimas manchetes em sua caixa de entrada todas as manh\u00e3s.<\/p>\n<\/p><\/div>\n<\/p><\/div>\n<\/div><\/div>\n<p><script>\n\t\tvar consent=\"grant\";\n\t\t\/* The above code is parsing the JSON data from the local storage and storing it in a variable. *\/\n\t\t\t\t\tconst onetrustStorageConsent = JSON.parse(localStorage.getItem( 'consent_one_trust_bdc' ) );\n\t\t\tif ( ( onetrustStorageConsent !== null ) ) {\n\t\t\t\t\/* Checking to see if the user has consented to the use of cookies.\n\t\t\t\t* If they have not, it is deleting the cookie.\n\t\t\t\t* This will comment for now, until further notice.\n\t\t\t\t*\/\n\t\t\t\t\/\/if ( onetrustStorageConsent.C0002 === false ) {\n\t\t\t\t\/\/\tdocument.cookie=\"_fbp=;expires=Thu, 01 Jan 2010 00:00:00 UTC; path=\/; domain=.boston.com\";\n\t\t\t\t\/\/}\n\t\t\t\t\/* Checking if the user has given consent for the cookie C0002.\n\t\t\t\t* If the user has given consent, the variable consent will be set to 'grant'.\n\t\t\t\t* If the user has not given consent,the variable consent will be set to 'revoke'.\n\t\t\t\t* Documentation https:\/\/developers.facebook.com\/docs\/meta-pixel\/implementation\/gdpr\n\t\t\t\t*\/\n\t\t\t\tif ( onetrustStorageConsent.C0002 !== true ) {\n\t\t\t\t\tconsent=\"revoke\";\n\t\t\t\t}\n\t\t\t}\n\t\t\t\t!function(f,b,e,v,n,t,s)\n\t\t{if(f.fbq)return;n=f.fbq=function(){n.callMethod?\n\t\tn.callMethod.apply(n,arguments):n.queue.push(arguments)};\n\t\tif(!f._fbq)f._fbq=n;n.push=n;n.loaded=!0;n.version='2.0';\n\t\tn.queue=[];t=b.createElement(e);t.async=!0;\n\t\tt.src=v;s=b.getElementsByTagName(e)[0];\n\t\ts.parentNode.insertBefore(t,s)}(window, document,'script',\n\t\t'https:\/\/connect.facebook.net\/en_US\/fbevents.js');\n\t\tfbq('consent', consent);\n\t\tfbq('init', '989222871864976');\n\t\tfbq('track', 'PageView');\n\t<\/script><script type=\"module\">\n\t\tvar consent=\"grant\";\n\t\t\/* The above code is parsing the JSON data from the local storage and storing it in a variable. *\/\n\t\t\tconst onetrustStorageConsent = JSON.parse(localStorage.getItem( 'consent_one_trust_bdc' ) );\n\t\t\t\/* Checking to see if the user has consented to the use of cookies.\n\t\t\t* If they have not, it is deleting the cookie.\n\t\t\t* This will comment for now, until further notice.\n\t\t\t*\/\n\t\t\t\/\/if ( onetrustStorageConsent.C0002 === false ) {\n\t\t\t\/\/\tdocument.cookie=\"_fbp=;expires=Thu, 01 Jan 2010 00:00:00 UTC; path=\/; domain=.boston.com\";\n\t\t\t\/\/}\n\t\t\t\/* Checking if the user has given consent for the cookie C0002.\n\t\t\t* If the user has given consent, the variable consent will be set to 'grant'.\n\t\t\t* If the user has not given consent,the variable consent will be set to 'revoke'.\n\t\t\t* Documentation https:\/\/developers.facebook.com\/docs\/meta-pixel\/implementation\/gdpr\n\t\t\t*\/\n\t\t\tif ( ( onetrustStorageConsent !== null ) && (onetrustStorageConsent.C0002 !== true ) ) {\n\t\t\t\tconsent=\"revoke\";\n\t\t\t}\n\t\t\t\t!function(f,b,e,v,n,t,s){if(f.fbq)return;n=f.fbq=function()\n\t\t{n.callMethod? n.callMethod.apply(n,arguments):n.queue.push(arguments)}\n\t\t;if(!f._fbq)f._fbq=n;\n\t\tn.push=n;n.loaded=!0;n.version='2.0';n.queue=[];t=b.createElement(e);t.async=!0;\n\t\tt.src=v;s=b.getElementsByTagName(e)[0];s.parentNode.insertBefore(t,s)}(window,\n\t\tdocument,'script','https:\/\/connect.facebook.net\/en_US\/fbevents.js');\n\t\tfbq('consent', consent);\n\t\tfbq('init', '813236348753005');\n\t\tfbq('track', \"PageView\");\n\t<\/script><br \/>\n<br \/><br \/>\n<br \/><a href=\"https:\/\/www.boston.com\/news\/crime\/2024\/12\/09\/newton-man-shot-during-altercation-at-pro-israel-rally-charged-with-assault-and-battery\/\">Source link <\/a><\/p>","protected":false},"excerpt":{"rendered":"<p>Crime Hospitalizado durante semanas ap\u00f3s o tiroteio de 12 de setembro, Caleb Gannon agora enfrenta uma acusa\u00e7\u00e3o criminal. Materiais EMS deixados na cal\u00e7ada ap\u00f3s um tiroteio em 12 de setembro&hellip;<\/p>","protected":false},"author":1,"featured_media":73542,"comment_status":"closed","ping_status":"open","sticky":false,"template":"","format":"standard","meta":{"content-type":"","footnotes":""},"categories":[1],"tags":[],"class_list":["post-73541","post","type-post","status-publish","format-standard","has-post-thumbnail","hentry","category-uncategorized"],"_links":{"self":[{"href":"https:\/\/tvbrazilusa.com\/pt\/wp-json\/wp\/v2\/posts\/73541","targetHints":{"allow":["GET"]}}],"collection":[{"href":"https:\/\/tvbrazilusa.com\/pt\/wp-json\/wp\/v2\/posts"}],"about":[{"href":"https:\/\/tvbrazilusa.com\/pt\/wp-json\/wp\/v2\/types\/post"}],"author":[{"embeddable":true,"href":"https:\/\/tvbrazilusa.com\/pt\/wp-json\/wp\/v2\/users\/1"}],"replies":[{"embeddable":true,"href":"https:\/\/tvbrazilusa.com\/pt\/wp-json\/wp\/v2\/comments?post=73541"}],"version-history":[{"count":1,"href":"https:\/\/tvbrazilusa.com\/pt\/wp-json\/wp\/v2\/posts\/73541\/revisions"}],"predecessor-version":[{"id":73543,"href":"https:\/\/tvbrazilusa.com\/pt\/wp-json\/wp\/v2\/posts\/73541\/revisions\/73543"}],"wp:featuredmedia":[{"embeddable":true,"href":"https:\/\/tvbrazilusa.com\/pt\/wp-json\/wp\/v2\/media\/73542"}],"wp:attachment":[{"href":"https:\/\/tvbrazilusa.com\/pt\/wp-json\/wp\/v2\/media?parent=73541"}],"wp:term":[{"taxonomy":"category","embeddable":true,"href":"https:\/\/tvbrazilusa.com\/pt\/wp-json\/wp\/v2\/categories?post=73541"},{"taxonomy":"post_tag","embeddable":true,"href":"https:\/\/tvbrazilusa.com\/pt\/wp-json\/wp\/v2\/tags?post=73541"}],"curies":[{"name":"wp","href":"https:\/\/api.w.org\/{rel}","templated":true}]}}