{"id":73565,"date":"2024-12-09T19:01:56","date_gmt":"2024-12-09T19:01:56","guid":{"rendered":"https:\/\/tvbrazilusa.com\/2024\/12\/09\/idosa-desaparecida-e-achada-morta-apos-cair-em-cratera-de-nove-metros-enquanto-procurava-por-gato\/"},"modified":"2024-12-09T19:01:58","modified_gmt":"2024-12-09T19:01:58","slug":"idosa-desaparecida-e-achada-morta-apos-cair-em-cratera-de-nove-metros-enquanto-procurava-por-gato","status":"publish","type":"post","link":"https:\/\/tvbrazilusa.com\/pt\/2024\/12\/09\/idosa-desaparecida-e-achada-morta-apos-cair-em-cratera-de-nove-metros-enquanto-procurava-por-gato\/","title":{"rendered":"Idosa desaparecida \u00e9 achada morta ap\u00f3s cair em cratera de nove metros enquanto procurava por gato"},"content":{"rendered":"<p> <script async src=\"https:\/\/pagead2.googlesyndication.com\/pagead\/js\/adsbygoogle.js?client=ca-pub-8864793242727901\"\r\n     crossorigin=\"anonymous\"><\/script><br \/>\n<\/p>\n<div data-block-type=\"raw\" data-block-weight=\"32\" data-block-id=\"3\">\n<p>Elizabeth foi vista pela \u00faltima vez na tarde de segunda-feira, perto de um restaurante a 800 metros de sua casa, onde seu carro foi encontrado estacionado com sua neta de cinco anos. O ve\u00edculo estava pr\u00f3ximo \u00e0 cratera, que se abriu enquanto a mulher caminhava na \u00e1rea em busca do animal.<\/p>\n<p>Segundo a imprensa americana, testemunhas que estavam dentro do restaurante relataram que a abertura do buraco ocorreu aproximadamente no mesmo hor\u00e1rio em que Elizabeth desapareceu. De acordo com o porta-voz da Pol\u00edcia Estadual da Pensilv\u00e2nia, Steve Limani, n\u00e3o havia sinais anteriores de que o terreno apresentava riscos.\n<\/p>\n<p>Para o resgate, as equipes usaram m\u00e1quinas pesadas para remover terra e detritos, enquanto \u00e1gua era bombeada na mina para facilitar a retirada de escombros. C\u00e2meras e equipamentos de detec\u00e7\u00e3o sonora n\u00e3o identificaram sinais de vida.\n<\/p>\n<\/p>\n<p>Foto: Reprodu\u00e7\u00e3o\n<\/p>\n<p>Na quarta-feira (6), autoridades anunciaram que n\u00e3o esperavam mais encontrar Elizabeth com vida. A confirma\u00e7\u00e3o de sua morte ocorreu na sexta-feira, ap\u00f3s trabalhadores conseguirem acessar a mina parcialmente destru\u00edda.\n<\/p>\n<p>Mike O\u2019Barto, presidente do conselho de supervisores do distrito de Unity Township, expressou a dor compartilhada pelos moradores da regi\u00e3o. \u201cSomos formados por v\u00e1rias antigas cidades mineradoras. Quando uma pessoa sofre, todos n\u00f3s sofremos. Espero que uma trag\u00e9dia assim nunca se repita\u201d, afirmou.\n<\/p>\n<p>A regi\u00e3o \u00e9 conhecida pelos riscos geol\u00f3gicos causados por minas de carv\u00e3o desativadas. De acordo com o banco de dados federal, duas minas pr\u00f3ximas ao local s\u00e3o consideradas de \u201calto perigo\u201d devido a problemas ambientais e de seguran\u00e7a.\n<\/p>\n<p>A fam\u00edlia de Elizabeth recebeu a not\u00edcia com pesar. Seu filho, Axel Hayes, afirmou que mantinha esperan\u00e7as de que ela estivesse viva. &#8220;Estava torcendo para que ela estivesse em coma ou algo assim. N\u00e3o esperava que terminasse desse jeito&#8221;, disse.<\/p>\n<p>Fonte: Extra\n<\/p>\n<\/div>\n<p><br \/>\n<br \/><a href=\"https:\/\/diariodobrasilnoticias.com.br\/noticia\/idosa-desaparecida-e-achada-morta-apos-cair-em-cratera-de-nove-metros-enquanto-procurava-por-gato-67570f1a0475c\">Source link <\/a><\/p>","protected":false},"excerpt":{"rendered":"<p>Elizabeth foi vista pela \u00faltima vez na tarde de segunda-feira, perto de um restaurante a 800 metros de sua casa, onde seu carro foi encontrado estacionado com sua neta de&hellip;<\/p>","protected":false},"author":1,"featured_media":73566,"comment_status":"closed","ping_status":"open","sticky":false,"template":"","format":"standard","meta":{"content-type":"","footnotes":""},"categories":[16],"tags":[123,2448,5313,1267],"class_list":["post-73565","post","type-post","status-publish","format-standard","has-post-thumbnail","hentry","category-noticias","tag-brasil","tag-diario","tag-noticia","tag-noticias"],"_links":{"self":[{"href":"https:\/\/tvbrazilusa.com\/pt\/wp-json\/wp\/v2\/posts\/73565","targetHints":{"allow":["GET"]}}],"collection":[{"href":"https:\/\/tvbrazilusa.com\/pt\/wp-json\/wp\/v2\/posts"}],"about":[{"href":"https:\/\/tvbrazilusa.com\/pt\/wp-json\/wp\/v2\/types\/post"}],"author":[{"embeddable":true,"href":"https:\/\/tvbrazilusa.com\/pt\/wp-json\/wp\/v2\/users\/1"}],"replies":[{"embeddable":true,"href":"https:\/\/tvbrazilusa.com\/pt\/wp-json\/wp\/v2\/comments?post=73565"}],"version-history":[{"count":1,"href":"https:\/\/tvbrazilusa.com\/pt\/wp-json\/wp\/v2\/posts\/73565\/revisions"}],"predecessor-version":[{"id":73567,"href":"https:\/\/tvbrazilusa.com\/pt\/wp-json\/wp\/v2\/posts\/73565\/revisions\/73567"}],"wp:featuredmedia":[{"embeddable":true,"href":"https:\/\/tvbrazilusa.com\/pt\/wp-json\/wp\/v2\/media\/73566"}],"wp:attachment":[{"href":"https:\/\/tvbrazilusa.com\/pt\/wp-json\/wp\/v2\/media?parent=73565"}],"wp:term":[{"taxonomy":"category","embeddable":true,"href":"https:\/\/tvbrazilusa.com\/pt\/wp-json\/wp\/v2\/categories?post=73565"},{"taxonomy":"post_tag","embeddable":true,"href":"https:\/\/tvbrazilusa.com\/pt\/wp-json\/wp\/v2\/tags?post=73565"}],"curies":[{"name":"wp","href":"https:\/\/api.w.org\/{rel}","templated":true}]}}