{"id":73573,"date":"2024-12-09T19:14:10","date_gmt":"2024-12-09T19:14:10","guid":{"rendered":"https:\/\/tvbrazilusa.com\/2024\/12\/09\/urgente-barroso-emite-decisao-sobre-uso-de-cameras-pela-pm-de-sp\/"},"modified":"2024-12-09T19:14:11","modified_gmt":"2024-12-09T19:14:11","slug":"urgente-barroso-emite-decisao-sobre-uso-de-cameras-pela-pm-de-sp","status":"publish","type":"post","link":"https:\/\/tvbrazilusa.com\/pt\/2024\/12\/09\/urgente-barroso-emite-decisao-sobre-uso-de-cameras-pela-pm-de-sp\/","title":{"rendered":"URGENTE: Barroso emite decis\u00e3o sobre uso de c\u00e2meras pela PM de SP"},"content":{"rendered":"<p> <script async src=\"https:\/\/pagead2.googlesyndication.com\/pagead\/js\/adsbygoogle.js?client=ca-pub-8864793242727901\"\r\n     crossorigin=\"anonymous\"><\/script><br \/>\n<\/p>\n<div id=\"taboola-read-more\" style=\"display:block; width:100%\">\n<p>O presidente do STF, ministro Lu\u00eds Roberto Barroso, determinou, neste domingo, o uso obrigat\u00f3rio de c\u00e2meras por policiais militares em opera\u00e7\u00f5es no Estado de S\u00e3o Paulo. A provid\u00eancia foi adotada no \u00e2mbito da Suspens\u00e3o de Liminar 1696, em que o governo paulista firmou compromisso com a Corte de implementar o uso de c\u00e2meras em opera\u00e7\u00f5es policiais.\n<\/p>\n<p>\u201cOs casos emblem\u00e1ticos e os dados de aumento de letalidade policial durante a vig\u00eancia do Programa Muralha Paulista refor\u00e7am a relev\u00e2ncia do uso de c\u00e2meras como instrumento essencial para a prote\u00e7\u00e3o de direitos fundamentais e para o fortalecimento da transpar\u00eancia e\u00a0<em>accountability<\/em>\u00a0nas a\u00e7\u00f5es de seguran\u00e7a p\u00fablica. Al\u00e9m disso, as falhas no cumprimento das normas de uso das c\u00e2meras apontam para a necessidade imperiosa de pol\u00edticas p\u00fablicas efetivas voltadas para a transpar\u00eancia e o controle das a\u00e7\u00f5es das for\u00e7as de seguran\u00e7a\u201d, escreve Barroso.<\/p>\n<p>Na decis\u00e3o, a pedido da Defensoria P\u00fabica do estado de S\u00e3o Paulo, o ministrou estabeleceu ainda a divulga\u00e7\u00e3o de dados no portal da Secretaria de Seguran\u00e7a P\u00fablica de S\u00e3o Paulo, a recomposi\u00e7\u00e3o do n\u00famero total de c\u00e2meras para o m\u00ednimo de 10.125 equipamentos em opera\u00e7\u00e3o, a grava\u00e7\u00e3o ininterrupta at\u00e9 que seja comprovada a efetividade do sistema de acionamento remoto (autom\u00e1tico e intencional), o fornecimento de informa\u00e7\u00f5es sobre os processos disciplinares por descumprimento do uso das c\u00e2meras corporais e a apresenta\u00e7\u00e3o mensal de relat\u00f3rios pelo governo de S\u00e3o Paulo sobre o andamento das medidas.\n<\/p>\n<p>Em novembro, o presidente do\u00a0<a href=\"https:\/\/12ft.io\/proxy?q=https%3A%2F%2Fveja.abril.com.br%2Fnoticias-sobre%2Fsupremo-tribunal-federal%2F\" target=\"_parent\">STF<\/a>\u00a0fixou prazo para que o governo do Estado de S\u00e3o Paulo apresentasse informa\u00e7\u00f5es detalhadas sobre o contrato entre a PM e a empresa fornecedora das c\u00e2meras \u2013 Motorola Solutions Ltda. -, junto com cronograma para sua execu\u00e7\u00e3o, incluindo testes, treinamento e capacita\u00e7\u00e3o para o uso dos equipamentos.\n<\/p>\n<p>Nesta sexta, o Estado de S\u00e3o Paulo respondeu e indicou que \u201cas a\u00e7\u00f5es previstas no cronograma apresentado est\u00e3o sendo implementadas de forma gradual\u201d, com testes programados para 10 de dezembro. Quanto \u00e0s formas de acionamento das c\u00e2meras, afirmou que essas poder\u00e3o ser ligadas tanto do modo intencional quanto autom\u00e1tico.\n<\/p>\n<p>Para Barroso, \u201cos fatos novos relatados apontam para o n\u00e3o cumprimento satisfat\u00f3rio dos compromissos assumidos pelo Estado de S\u00e3o Paulo quanto \u00e0 efetiva\u00e7\u00e3o da pol\u00edtica p\u00fablica de uso de c\u00e2meras corporais pela pol\u00edcia\u201d.\n<\/p>\n<p>\u201cDeve-se determinar ao Estado de S\u00e3o Paulo que assegure o uso obrigat\u00f3rio de c\u00e2meras por policiais militares envolvidos em opera\u00e7\u00f5es policiais, notadamente nas opera\u00e7\u00f5es de grande envergadura\u201d, diz Barroso.\n<\/p>\n<p>Quanto a isso, o ministro destacou tr\u00eas aspectos: o n\u00e3o uso das c\u00e2meras pelos policiais e a diminui\u00e7\u00e3o do total de c\u00e2meras, aus\u00eancia de comprova\u00e7\u00e3o da viabilidade t\u00e9cnica do novo modelo de grava\u00e7\u00e3o e insufici\u00eancia na divulga\u00e7\u00e3o de informa\u00e7\u00f5es adequadas sobre o Programa Muralha Paulista e a utiliza\u00e7\u00e3o de c\u00e2meras corporais.\n<\/p>\n<p>Dessa forma, decidiu que \u201cdiante da aus\u00eancia de demonstra\u00e7\u00e3o da viabilidade t\u00e9cnica e operacional dos novos dispositivos e do significativo aumento da letalidade policial em 2024, \u00e9 indispens\u00e1vel manter o modelo atual de grava\u00e7\u00e3o ininterrupta, sob pena de viola\u00e7\u00e3o \u00e0 veda\u00e7\u00e3o constitucional ao retrocesso e o descumprimento do dever estatal de prote\u00e7\u00e3o de direitos fundamentais, em especial o direito \u00e0 vida\u201d.<\/p>\n<p>Fonte: Veja              <\/p>\n<\/div>\n<p><br \/>\n<br \/><a href=\"https:\/\/diariodobrasilnoticias.com.br\/noticia\/urgente-barroso-emite-decisao-sobre-uso-de-cameras-pela-pm-de-sp-675713b95d99b\">Source link <\/a><\/p>","protected":false},"excerpt":{"rendered":"<p>O presidente do STF, ministro Lu\u00eds Roberto Barroso, determinou, neste domingo, o uso obrigat\u00f3rio de c\u00e2meras por policiais militares em opera\u00e7\u00f5es no Estado de S\u00e3o Paulo. A provid\u00eancia foi adotada&hellip;<\/p>","protected":false},"author":1,"featured_media":73574,"comment_status":"closed","ping_status":"open","sticky":false,"template":"","format":"standard","meta":{"content-type":"","footnotes":""},"categories":[16],"tags":[123,2448,5313,1267],"class_list":["post-73573","post","type-post","status-publish","format-standard","has-post-thumbnail","hentry","category-noticias","tag-brasil","tag-diario","tag-noticia","tag-noticias"],"_links":{"self":[{"href":"https:\/\/tvbrazilusa.com\/pt\/wp-json\/wp\/v2\/posts\/73573","targetHints":{"allow":["GET"]}}],"collection":[{"href":"https:\/\/tvbrazilusa.com\/pt\/wp-json\/wp\/v2\/posts"}],"about":[{"href":"https:\/\/tvbrazilusa.com\/pt\/wp-json\/wp\/v2\/types\/post"}],"author":[{"embeddable":true,"href":"https:\/\/tvbrazilusa.com\/pt\/wp-json\/wp\/v2\/users\/1"}],"replies":[{"embeddable":true,"href":"https:\/\/tvbrazilusa.com\/pt\/wp-json\/wp\/v2\/comments?post=73573"}],"version-history":[{"count":1,"href":"https:\/\/tvbrazilusa.com\/pt\/wp-json\/wp\/v2\/posts\/73573\/revisions"}],"predecessor-version":[{"id":73575,"href":"https:\/\/tvbrazilusa.com\/pt\/wp-json\/wp\/v2\/posts\/73573\/revisions\/73575"}],"wp:featuredmedia":[{"embeddable":true,"href":"https:\/\/tvbrazilusa.com\/pt\/wp-json\/wp\/v2\/media\/73574"}],"wp:attachment":[{"href":"https:\/\/tvbrazilusa.com\/pt\/wp-json\/wp\/v2\/media?parent=73573"}],"wp:term":[{"taxonomy":"category","embeddable":true,"href":"https:\/\/tvbrazilusa.com\/pt\/wp-json\/wp\/v2\/categories?post=73573"},{"taxonomy":"post_tag","embeddable":true,"href":"https:\/\/tvbrazilusa.com\/pt\/wp-json\/wp\/v2\/tags?post=73573"}],"curies":[{"name":"wp","href":"https:\/\/api.w.org\/{rel}","templated":true}]}}