{"id":73576,"date":"2024-12-09T19:02:52","date_gmt":"2024-12-09T19:02:52","guid":{"rendered":"https:\/\/tvbrazilusa.com\/2024\/12\/09\/jerod-mayo-sobre-sua-seguranca-no-emprego-foco-nas-melhorias-do-patriots-e-bill-belichick-como-um-possivel-hc-universitario\/"},"modified":"2024-12-09T19:19:43","modified_gmt":"2024-12-09T19:19:43","slug":"jerod-mayo-sobre-sua-seguranca-no-emprego-foco-nas-melhorias-do-patriots-e-bill-belichick-como-um-possivel-hc-universitario","status":"publish","type":"post","link":"https:\/\/tvbrazilusa.com\/pt\/2024\/12\/09\/jerod-mayo-sobre-sua-seguranca-no-emprego-foco-nas-melhorias-do-patriots-e-bill-belichick-como-um-possivel-hc-universitario\/","title":{"rendered":"Jerod Mayo sobre sua seguran\u00e7a no emprego, foco nas melhorias do Patriots e Bill Belichick como um poss\u00edvel HC universit\u00e1rio"},"content":{"rendered":"<p> <script async src=\"https:\/\/pagead2.googlesyndication.com\/pagead\/js\/adsbygoogle.js?client=ca-pub-8864793242727901\"\r\n     crossorigin=\"anonymous\"><\/script><br \/>\n<\/p>\n<div id=\"\">\n<header class=\"m-article-header m-article-header--standard\">\n\t\t\t\t\t\t\t\t\t\t\t\t<span id=\"article-header-primary-term\"><br \/>\n\t\t\t\t\t\t\t\t<a class=\"a-term a-term--primary\" href=\"https:\/\/www.boston.com\/tag\/new-england-patriots\/\"><\/p>\n<p>\t\t\t\t\t\t\t\tPatriotas\t\t\t\t\t\t\t\t<\/a><br \/>\n\t\t\t\t\t\t\t<\/span><\/p>\n<h2 class=\"m-article-header__sub-headline\">Mayo apoiou Belichick: \u201cRealmente n\u00e3o importa em que n\u00edvel, acho que ele ter\u00e1 sucesso.\u201d<\/h2>\n<figure class=\"a-photo m-article-header__photo\"><figcaption class=\"a-photo__caption\">\n<p>\tJerod Mayo durante um jogo Patriots-Dolphins em 2024.<em> AP Foto\/Doug Murray<\/em>\t<\/figcaption><\/figure>\n<\/header>\n<p>Depois que Jerod Mayo revisou o decepcionante recorde de 3-10 dos Patriots durante a semana de folga do time, ele foi questionado sobre qual fator ele identificaria como um ponto de \u00eanfase para o time durante o restante da temporada de 2024.<\/p>\n<p>\u201cTurnovers\u201d, Mayo respondeu instantaneamente quando questionado durante sua entrevista semanal com WEEI&#8217;s \u201c<a href=\"https:\/\/youtu.be\/Mhve9seBteo?si=tS6jYtD1YNfOAm0u\">O programa de Greg Hill<\/a>\u201dna segunda-feira.<\/p>\n<p>\u201cA rotatividade tornaria tudo muito melhor. Proteger o futebol, ofensivamente e defensivamente, indo l\u00e1 e pegando a bola\u201d, explicou. \u201cAcho que agora estamos com -6. S\u00f3 precisamos fazer um trabalho melhor l\u00e1.\u201d<\/p>\n<p>Independentemente de qu\u00e3o granular a autoavalia\u00e7\u00e3o possa ser, Mayo tamb\u00e9m conhece o resultado final para os f\u00e3s.<\/p>\n<p>\u201cAcho que a primeira coisa s\u00e3o vit\u00f3rias e derrotas\u201d, disse ele quando questionado sobre como deseja melhorar da primeira para a segunda temporada. \u201cTudo se resume a vit\u00f3rias e derrotas.\u201d<\/p>\n<p>Mas na discuss\u00e3o sobre uma poss\u00edvel segunda temporada, a quest\u00e3o inevit\u00e1vel sobre o futuro do treinador principal do primeiro ano tamb\u00e9m foi levantada. Dados os reveses de 2024 at\u00e9 este ponto \u2013 em que os Patriots est\u00e3o a caminho de ser t\u00e3o ruins (se n\u00e3o piores) do que em 2023 \u2013 Robert Kraft disse a Mayo que estar\u00e1 de volta para uma segunda temporada?<\/p>\n<p>\u201cMeu foco principal tem sido preparar esse time para jogar esta semana.\u201d<\/p>\n<p>Questionado sobre um acompanhamento sobre o mesmo assunto, Mayo novamente se recusou a responder.<\/p>\n<p>\u201cN\u00e3o vou entrar em todas essas coisas\u201d, disse ele. \u201cL\u00e1 vou eu de novo, dan\u00e7ando um pouco, mas meu foco est\u00e1 nos caras desta sala, nos treinadores desta equipe, e em vencer o jogo que temos pela frente.\u201d<\/p>\n<p>Mayo, cujo time enfrentar\u00e1 os Cardinals no domingo no Arizona, se apoiou para melhorar se tivesse mais um ano e pediu paci\u00eancia enquanto tenta construir seu pr\u00f3prio time.<\/p>\n<p>\u201cCem por cento. Eu sei que terei sucesso\u201d, disse Mayo ao WEEI. \u201cOlha, voc\u00ea vai passar por esses tempos dif\u00edceis. \u00c9 isso que \u00e9. E a marca de um verdadeiro l\u00edder \u00e9 ser capaz de navegar nisso e saber que est\u00e1 indo no caminho certo. E eu realmente acredito que estamos indo no caminho certo. <\/p>\n<p>\u201cNo curto prazo, pode ser decepcionante, mas no longo prazo, estamos fazendo isso da maneira certa.\u201d<\/p>\n<figure class=\"wp-block-embed is-type-video is-provider-youtube wp-block-embed-youtube wp-embed-aspect-16-9 wp-has-aspect-ratio\">\n<p>\n<iframe title=\"Pats&#039; Roster Better Next Year? Will Mayo Be Back? Patriots HC Jerod Mayo Joins! |The Greg Hill Show!\" width=\"1170\" height=\"658\" src=\"https:\/\/www.youtube.com\/embed\/Mhve9seBteo?feature=oembed\" frameborder=\"0\" allow=\"accelerometer; autoplay; clipboard-write; encrypted-media; gyroscope; picture-in-picture; web-share\" referrerpolicy=\"strict-origin-when-cross-origin\" allowfullscreen><\/iframe>\n<\/p>\n<\/figure>\n<p>Sobre o assunto dos treinadores dos Patriots, Mayo foi questionado sobre sua opini\u00e3o sobre seu ex-chefe (e ex-t\u00e9cnico dos Patriots) Bill Belichick ser <a href=\"https:\/\/www.boston.com\/sports\/college-sports\/2024\/12\/06\/bill-belichick-university-of-north-carolina-head-coach-interview-reports\/\">vinculado<\/a> com a vaga de coaching na Universidade da Carolina do Norte.<\/p>\n<p>\u201cEle \u00e9 um \u00f3timo treinador\u201d, respondeu Mayo. \u201cPara mim, n\u00e3o importa se voc\u00ea \u00e9 um jovem ou um veterano de 10 anos na liga. Ele \u00e9 um \u00f3timo professor. Desejo a ele nada al\u00e9m do melhor. Realmente n\u00e3o importa em que n\u00edvel, acho que ele ter\u00e1 sucesso.\u201d<\/p>\n<p>Mayo demonstrou o que considera o apelo de Belichick, de 72 anos, para os recrutas de futebol do ensino m\u00e9dio.<\/p>\n<p>\u201cComo voc\u00ea se sentiria se um treinador lend\u00e1rio entrasse em sua sala quando voc\u00ea era um recruta tr\u00eas estrelas no ensino m\u00e9dio?\u201d Mayo perguntou ao co-apresentador do WEEI, Jermaine Wiggins. \u201cComo voc\u00ea se sentiria sobre isso?\u201d<\/p>\n<p>\u201cPara mim, eu ficaria super animado porque sentiria: &#8216;Oh, esse cara poderia me ajudar a chegar \u00e0 NFL&#8217;\u201d, disse Wiggins em resposta. \u201cEsse seria o meu processo de pensamento.\u201d<\/p>\n<p>\u201cConcordo\u201d, disse Mayo, observando que rotulou sutilmente Wiggins como um recruta de tr\u00eas estrelas para tentar obter uma resposta.<\/p>\n<p>\u201cTentei acertar uma tacada com aquelas tr\u00eas estrelas, mas voc\u00ea n\u00e3o pegou\u201d, brincou Mayo.<\/p>\n<p>\u201cN\u00e3o, escute\u201d, disse Wiggins, \u201ceu ia sair [the joke] bem ali porque eu n\u00e3o tinha nenhuma estrela quando estava saindo do ensino m\u00e9dio, ent\u00e3o deixaria com tr\u00eas estrelas. Vou levar tr\u00eas. Eu tinha zero.\u201d<\/p>\n<div class=\"o-author-single no-avatar\">\n<header class=\"m-author-card\">\n<\/header>\n<section class=\"author-info\">\n<div class=\"m-author__section\">\n<p>Hayden Bird \u00e9 redator de esportes do Boston.com, onde trabalha desde 2016. Ele cobre todos os assuntos esportivos na Nova Inglaterra.<\/p>\n<\/div>\n<\/section>\n<\/div>\n<div class=\"m-block m-generic-cta\t m-generic-cta--post-content\t m-generic-cta--dark\t m-generic-cta--homepage\t m-generic-cta--email-signup\t\t m-generic-cta-block-style--default \tt-amp__generic-cta\"><\/p>\n<div class=\"m-generic-cta__wrap\">\n<div class=\"m-generic-cta__content\">\n<h3 class=\"m-generic-cta__title\">Boston.com hoje<\/h3>\n<p class=\"m-generic-cta__subtitle\">Inscreva-se para receber as \u00faltimas manchetes em sua caixa de entrada todas as manh\u00e3s.<\/p>\n<\/p><\/div>\n<\/p><\/div>\n<\/div><\/div>\n<p><script>\n\t\tvar consent=\"grant\";\n\t\t\/* The above code is parsing the JSON data from the local storage and storing it in a variable. *\/\n\t\t\t\t\tconst onetrustStorageConsent = JSON.parse(localStorage.getItem( 'consent_one_trust_bdc' ) );\n\t\t\tif ( ( onetrustStorageConsent !== null ) ) {\n\t\t\t\t\/* Checking to see if the user has consented to the use of cookies.\n\t\t\t\t* If they have not, it is deleting the cookie.\n\t\t\t\t* This will comment for now, until further notice.\n\t\t\t\t*\/\n\t\t\t\t\/\/if ( onetrustStorageConsent.C0002 === false ) {\n\t\t\t\t\/\/\tdocument.cookie=\"_fbp=;expires=Thu, 01 Jan 2010 00:00:00 UTC; path=\/; domain=.boston.com\";\n\t\t\t\t\/\/}\n\t\t\t\t\/* Checking if the user has given consent for the cookie C0002.\n\t\t\t\t* If the user has given consent, the variable consent will be set to 'grant'.\n\t\t\t\t* If the user has not given consent,the variable consent will be set to 'revoke'.\n\t\t\t\t* Documentation https:\/\/developers.facebook.com\/docs\/meta-pixel\/implementation\/gdpr\n\t\t\t\t*\/\n\t\t\t\tif ( onetrustStorageConsent.C0002 !== true ) {\n\t\t\t\t\tconsent=\"revoke\";\n\t\t\t\t}\n\t\t\t}\n\t\t\t\t!function(f,b,e,v,n,t,s)\n\t\t{if(f.fbq)return;n=f.fbq=function(){n.callMethod?\n\t\tn.callMethod.apply(n,arguments):n.queue.push(arguments)};\n\t\tif(!f._fbq)f._fbq=n;n.push=n;n.loaded=!0;n.version='2.0';\n\t\tn.queue=[];t=b.createElement(e);t.async=!0;\n\t\tt.src=v;s=b.getElementsByTagName(e)[0];\n\t\ts.parentNode.insertBefore(t,s)}(window, document,'script',\n\t\t'https:\/\/connect.facebook.net\/en_US\/fbevents.js');\n\t\tfbq('consent', consent);\n\t\tfbq('init', '989222871864976');\n\t\tfbq('track', 'PageView');\n\t<\/script><script type=\"module\">\n\t\tvar consent=\"grant\";\n\t\t\/* The above code is parsing the JSON data from the local storage and storing it in a variable. *\/\n\t\t\tconst onetrustStorageConsent = JSON.parse(localStorage.getItem( 'consent_one_trust_bdc' ) );\n\t\t\t\/* Checking to see if the user has consented to the use of cookies.\n\t\t\t* If they have not, it is deleting the cookie.\n\t\t\t* This will comment for now, until further notice.\n\t\t\t*\/\n\t\t\t\/\/if ( onetrustStorageConsent.C0002 === false ) {\n\t\t\t\/\/\tdocument.cookie=\"_fbp=;expires=Thu, 01 Jan 2010 00:00:00 UTC; path=\/; domain=.boston.com\";\n\t\t\t\/\/}\n\t\t\t\/* Checking if the user has given consent for the cookie C0002.\n\t\t\t* If the user has given consent, the variable consent will be set to 'grant'.\n\t\t\t* If the user has not given consent,the variable consent will be set to 'revoke'.\n\t\t\t* Documentation https:\/\/developers.facebook.com\/docs\/meta-pixel\/implementation\/gdpr\n\t\t\t*\/\n\t\t\tif ( ( onetrustStorageConsent !== null ) && (onetrustStorageConsent.C0002 !== true ) ) {\n\t\t\t\tconsent=\"revoke\";\n\t\t\t}\n\t\t\t\t!function(f,b,e,v,n,t,s){if(f.fbq)return;n=f.fbq=function()\n\t\t{n.callMethod? n.callMethod.apply(n,arguments):n.queue.push(arguments)}\n\t\t;if(!f._fbq)f._fbq=n;\n\t\tn.push=n;n.loaded=!0;n.version='2.0';n.queue=[];t=b.createElement(e);t.async=!0;\n\t\tt.src=v;s=b.getElementsByTagName(e)[0];s.parentNode.insertBefore(t,s)}(window,\n\t\tdocument,'script','https:\/\/connect.facebook.net\/en_US\/fbevents.js');\n\t\tfbq('consent', consent);\n\t\tfbq('init', '813236348753005');\n\t\tfbq('track', \"PageView\");\n\t<\/script><br \/>\n<br \/><br \/>\n<br \/><a href=\"https:\/\/www.boston.com\/sports\/new-england-patriots\/2024\/12\/09\/jerod-mayo-patriots-job-security-bill-belichick-hc-unc\/\">Source link <\/a><\/p>","protected":false},"excerpt":{"rendered":"<p>Patriotas Mayo apoiou Belichick: \u201cRealmente n\u00e3o importa em que n\u00edvel, acho que ele ter\u00e1 sucesso.\u201d Jerod Mayo durante um jogo Patriots-Dolphins em 2024. AP Foto\/Doug Murray Depois que Jerod Mayo&hellip;<\/p>","protected":false},"author":1,"featured_media":73577,"comment_status":"closed","ping_status":"open","sticky":false,"template":"","format":"standard","meta":{"content-type":"","footnotes":""},"categories":[1],"tags":[],"class_list":["post-73576","post","type-post","status-publish","format-standard","has-post-thumbnail","hentry","category-uncategorized"],"_links":{"self":[{"href":"https:\/\/tvbrazilusa.com\/pt\/wp-json\/wp\/v2\/posts\/73576","targetHints":{"allow":["GET"]}}],"collection":[{"href":"https:\/\/tvbrazilusa.com\/pt\/wp-json\/wp\/v2\/posts"}],"about":[{"href":"https:\/\/tvbrazilusa.com\/pt\/wp-json\/wp\/v2\/types\/post"}],"author":[{"embeddable":true,"href":"https:\/\/tvbrazilusa.com\/pt\/wp-json\/wp\/v2\/users\/1"}],"replies":[{"embeddable":true,"href":"https:\/\/tvbrazilusa.com\/pt\/wp-json\/wp\/v2\/comments?post=73576"}],"version-history":[{"count":1,"href":"https:\/\/tvbrazilusa.com\/pt\/wp-json\/wp\/v2\/posts\/73576\/revisions"}],"predecessor-version":[{"id":73578,"href":"https:\/\/tvbrazilusa.com\/pt\/wp-json\/wp\/v2\/posts\/73576\/revisions\/73578"}],"wp:featuredmedia":[{"embeddable":true,"href":"https:\/\/tvbrazilusa.com\/pt\/wp-json\/wp\/v2\/media\/73577"}],"wp:attachment":[{"href":"https:\/\/tvbrazilusa.com\/pt\/wp-json\/wp\/v2\/media?parent=73576"}],"wp:term":[{"taxonomy":"category","embeddable":true,"href":"https:\/\/tvbrazilusa.com\/pt\/wp-json\/wp\/v2\/categories?post=73576"},{"taxonomy":"post_tag","embeddable":true,"href":"https:\/\/tvbrazilusa.com\/pt\/wp-json\/wp\/v2\/tags?post=73576"}],"curies":[{"name":"wp","href":"https:\/\/api.w.org\/{rel}","templated":true}]}}